{"id":92966,"date":"2025-07-04T14:37:25","date_gmt":"2025-07-04T14:37:25","guid":{"rendered":"https:\/\/www.pulse-z.eu\/che-cosa-sono-le-politiche-di-coesione-europee-e-cosa-centrano-con-il-piano-di-riarmo\/"},"modified":"2026-03-24T11:34:36","modified_gmt":"2026-03-24T11:34:36","slug":"co-su-europske-politiky-sudrznosti-a-co-maju-spolocne-s-planom-prezbrojenia","status":"publish","type":"post","link":"https:\/\/www.pulse-z.eu\/sk\/co-su-europske-politiky-sudrznosti-a-co-maju-spolocne-s-planom-prezbrojenia\/","title":{"rendered":"\u010co s\u00fa eur\u00f3pske politiky s\u00fadr\u017enosti a \u010do maj\u00fa spolo\u010dn\u00e9 s pl\u00e1nom prezbrojenia?"},"content":{"rendered":"\n<p>\u010cl\u00e1nok Annalisy Girardiovej \u2013 novin\u00e1rky, Fanpage.it<\/p>\n<p> Fondy <a href=\"https:\/\/www.fanpage.it\/politica\/cosa-sono-le-politiche-di-coesione-dellue-gli-obiettivi-e-come-vengono-finanziati-i-fondi\/\" target=\"_blank\" rel=\"noopener\">koh\u00e9znej politiky<\/a> s\u00fa jedn\u00fdm z hlavn\u00fdch finan\u010dn\u00fdch kan\u00e1lov pre eur\u00f3pske politiky. V posledn\u00fdch t\u00fd\u017ed\u0148och ich spomenula predsedn\u00ed\u010dka Eur\u00f3pskej komisie Ursula von der Leyenov\u00e1 a navrhla \u010derpa\u0165 z tohto n\u00e1stroja ako neoddelite\u013en\u00fa s\u00fa\u010das\u0165 pl\u00e1nu <a href=\"https:\/\/www.fanpage.it\/esteri\/von-der-leyen-presenta-il-piano-rearmeu-per-la-difesa-europea-il-tempo-delle-illusioni-e-finito\/\" target=\"_blank\" rel=\"noopener\">RearmEU<\/a> . T\u00e1to my\u0161lienka sa v\u0161ak Taliansku nep\u00e1\u010di: \u201eNem\u00e1me v \u00famysle presun\u00fa\u0165 ani jedno euro z koh\u00e9znych fondov na obranu,\u201c povedala Giorgia Meloni v Parlamente pred Eur\u00f3pskou radou.<\/p>\n<p> Pozrime sa v\u0161ak bli\u017e\u0161ie na koh\u00e9zne fondy. <a href=\"https:\/\/www.europarl.europa.eu\/factsheets\/it\/sheet\/96\/fondo-di-coesione\" target=\"_blank\" rel=\"noopener\">Ako vysvet\u013euje Eur\u00f3psky parlament<\/a> , koh\u00e9zne fondy boli zriaden\u00e9 \u201e <em>s cie\u013eom posilni\u0165 hospod\u00e1rsku, soci\u00e1lnu a \u00fazemn\u00fa s\u00fadr\u017enos\u0165 Eur\u00f3pskej \u00fanie s cie\u013eom podpori\u0165 udr\u017eate\u013en\u00fd rozvoj<\/em> .\u201c V obdob\u00ed rokov 2021 \u2013 2027 sa maj\u00fa podporova\u0165 tieto ciele:<\/p>\n<ul>\n<li> invest\u00edcie do environment\u00e1lnych z\u00e1le\u017eitost\u00ed vr\u00e1tane odvetv\u00ed s\u00favisiacich s trvalo udr\u017eate\u013en\u00fdm rozvojom a energetikou, ktor\u00e9 maj\u00fa environment\u00e1lne pr\u00ednosy;<\/li>\n<li> transeur\u00f3pske siete, pokia\u013e ide o dopravn\u00fa infra\u0161trukt\u00faru;<\/li>\n<li> technick\u00e1 pomoc.<\/li>\n<\/ul>\n<p> Koh\u00e9zne fondy sa pou\u017e\u00edvaj\u00fa na financovanie r\u00f4znych programov a spravuje ich Komisia aj n\u00e1rodn\u00e9 a region\u00e1lne org\u00e1ny \u010dlensk\u00fdch \u0161t\u00e1tov.<\/p>\n<p>Stru\u010dne povedan\u00e9, cie\u013eom <a href=\"https:\/\/opencoesione.gov.it\/it\/politica_coesione\/#:~:text=La%20politica%20di%20coesione%20ha,e%20le%20persone%20pi%C3%B9%20fragili.\" target=\"_blank\" rel=\"noopener\">polit\u00edk s\u00fadr\u017enosti<\/a> je <strong>zn\u00ed\u017ei\u0165 rozdiely a nerovnosti<\/strong> medzi eur\u00f3pskymi \u00fazemiami a regi\u00f3nmi, pri\u010dom sa zameriavaj\u00fa najm\u00e4 na menej rozvinut\u00e9 oblasti, \u010d\u00edm sa zvy\u0161uj\u00fa pr\u00edle\u017eitosti na hospod\u00e1rsky a soci\u00e1lny rozvoj najzranite\u013enej\u0161\u00edch komun\u00edt. V\u0161etky tieto politiky s\u00fa financovan\u00e9 zo \u0161truktur\u00e1lnych fondov, <a href=\"https:\/\/politichecoesione.governo.it\/it\/politica-di-coesione\/i-fondi-della-politica-di-coesione\/\" target=\"_blank\" rel=\"noopener\">z ktor\u00fdch existuj\u00fa tri hlavn\u00e9 typy<\/a> :<\/p>\n<ul>\n<li> <strong>Eur\u00f3psky fond region\u00e1lneho rozvoja (EFRR)<\/strong> , ktor\u00fd je hlavn\u00fdm finan\u010dn\u00fdm n\u00e1strojom na podporu hospod\u00e1rskeho rastu a rastu zamestnanosti v eur\u00f3pskych regi\u00f3noch a na zni\u017eovanie rozdielov a nerovnov\u00e1h v rozvoji.<\/li>\n<li> <strong>Eur\u00f3psky soci\u00e1lny fond (ESF)<\/strong> , ktor\u00e9ho hlavn\u00fdm cie\u013eom je podporova\u0165 \u010dlensk\u00e9 \u0161t\u00e1ty pri dosahovan\u00ed vysokej a primeranej \u00farovne kvalifikovanej a odolnej zamestnanosti a spravodlivej a inkluz\u00edvnej soci\u00e1lnej ochrany, \u010d\u00edm prispieva k priorit\u00e1m \u00danie;<\/li>\n<li> <strong>Fond spravodlivej transform\u00e1cie (FST)<\/strong> , ktor\u00fd podporuje invest\u00edcie pre spravodliv\u00fd a udr\u017eate\u013en\u00fd prechod na klimaticky neutr\u00e1lne hospod\u00e1rstvo \u00danie do roku 2050.<\/li>\n<\/ul>\n<p> Pri prezent\u00e1cii pl\u00e1nu prezbrojenia prezidentka Ursula von der Leyenov\u00e1 spomenula medzi r\u00f4znymi n\u00e1strojmi na podporu v\u00fddavkov na obranu aj vyu\u017eitie koh\u00e9znych fondov. Viacer\u00e9 krajiny v\u0161ak maj\u00fa o tom pochybnosti a jednou z nich je aj Taliansko.<\/p>\n","protected":false},"excerpt":{"rendered":"<p>\u010cl\u00e1nok Annalisy Girardiovej \u2013 novin\u00e1rky, Fanpage.it Fondy koh\u00e9znej politiky s\u00fa jedn\u00fdm z hlavn\u00fdch finan\u010dn\u00fdch kan\u00e1lov pre eur\u00f3pske politiky. V posledn\u00fdch t\u00fd\u017ed\u0148och ich spomenula predsedn\u00ed\u010dka Eur\u00f3pskej komisie Ursula von der Leyenov\u00e1 a navrhla \u010derpa\u0165 z tohto [&hellip;]<\/p>\n","protected":false},"author":173,"featured_media":0,"comment_status":"closed","ping_status":"closed","sticky":false,"template":"","format":"standard","meta":{"_acf_changed":false,"footnotes":""},"categories":[722],"tags":[895,5907,27616,27617,3984,3393,27618,27619,27620,3987],"post_formats":[673],"coauthors":[3918],"class_list":["post-92966","post","type-post","status-publish","format-standard","hentry","category-aktualne-dianie","tag-eu-sk","tag-european-parliament-sk","tag-european-regional-development-fund","tag-european-social-fund","tag-giorgia-meloni-sk","tag-italy-sk","tag-just-transition-fund","tag-politiche-di-coesione","tag-rearmeu","tag-ursula-von-der-leyen-sk","post_formats-clanky"],"acf":[],"_links":{"self":[{"href":"https:\/\/www.pulse-z.eu\/sk\/wp-json\/wp\/v2\/posts\/92966","targetHints":{"allow":["GET"]}}],"collection":[{"href":"https:\/\/www.pulse-z.eu\/sk\/wp-json\/wp\/v2\/posts"}],"about":[{"href":"https:\/\/www.pulse-z.eu\/sk\/wp-json\/wp\/v2\/types\/post"}],"author":[{"embeddable":true,"href":"https:\/\/www.pulse-z.eu\/sk\/wp-json\/wp\/v2\/users\/173"}],"replies":[{"embeddable":true,"href":"https:\/\/www.pulse-z.eu\/sk\/wp-json\/wp\/v2\/comments?post=92966"}],"version-history":[{"count":8,"href":"https:\/\/www.pulse-z.eu\/sk\/wp-json\/wp\/v2\/posts\/92966\/revisions"}],"predecessor-version":[{"id":92988,"href":"https:\/\/www.pulse-z.eu\/sk\/wp-json\/wp\/v2\/posts\/92966\/revisions\/92988"}],"wp:attachment":[{"href":"https:\/\/www.pulse-z.eu\/sk\/wp-json\/wp\/v2\/media?parent=92966"}],"wp:term":[{"taxonomy":"category","embeddable":true,"href":"https:\/\/www.pulse-z.eu\/sk\/wp-json\/wp\/v2\/categories?post=92966"},{"taxonomy":"post_tag","embeddable":true,"href":"https:\/\/www.pulse-z.eu\/sk\/wp-json\/wp\/v2\/tags?post=92966"},{"taxonomy":"post_formats","embeddable":true,"href":"https:\/\/www.pulse-z.eu\/sk\/wp-json\/wp\/v2\/post_formats?post=92966"},{"taxonomy":"author","embeddable":true,"href":"https:\/\/www.pulse-z.eu\/sk\/wp-json\/wp\/v2\/coauthors?post=92966"}],"curies":[{"name":"wp","href":"https:\/\/api.w.org\/{rel}","templated":true}]}}