{"id":8819,"date":"2025-05-27T12:33:44","date_gmt":"2025-05-27T12:33:44","guid":{"rendered":"https:\/\/www.pulse-z.eu\/past-the-digital-veil-rediscovering-the-power-of-culture-2\/"},"modified":"2025-06-12T08:51:52","modified_gmt":"2025-06-12T08:51:52","slug":"za-digitalnym-zavojom-znovuobjavenie-sily-kultury","status":"publish","type":"post","link":"https:\/\/www.pulse-z.eu\/sk\/za-digitalnym-zavojom-znovuobjavenie-sily-kultury\/","title":{"rendered":"Za digit\u00e1lnym z\u00e1vojom: Znovuobjavenie sily kult\u00fary"},"content":{"rendered":"\n<p>This survey gives us a significant insight into the value attributed to culture in the European Union. The answers show a strong desire for joint action to support cultural resilience, inclusiveness, and the well-being of those who bring culture to life every day.<\/p>\n<p><span style=\"font-weight: 400\">We all feel a strong connection to our family traditions, roots, and cultural heritage, which shape who we are. But in an age where smartphones, social media, and digital platforms link us instantly across borders, how much does culture still influence the sense of belonging and unity among European citizens? And what role can it play in fostering deeper connections in a society that is increasingly connected, yet often fragmented, by technology?<\/span><\/p>\n<h3><span style=\"font-weight: 400\"><img decoding=\"async\" loading=\"lazy\" class=\"alignnone size-full wp-image-2896\" src=\"https:\/\/www.pulse-z.eu\/wp-content\/uploads\/2025\/05\/Immagine-2025-05-18-191000.png\" alt=\"\" width=\"846\" height=\"240\" srcset=\"https:\/\/www.pulse-z.eu\/wp-content\/uploads\/2025\/05\/Immagine-2025-05-18-191000.png 846w, https:\/\/www.pulse-z.eu\/wp-content\/uploads\/2025\/05\/Immagine-2025-05-18-191000-768x218.png 768w\" sizes=\"auto, (max-width: 846px) 100vw, 846px\" \/><\/span><\/h3>\n<p>The results of <a href=\"https:\/\/europa.eu\/eurobarometer\/surveys\/detail\/3364\" target=\"_blank\" rel=\"noopener\">Special Eurobarometer 562<\/a> send a clear and powerful message: Europeans care deeply about culture. When asked what fosters a sense of community in the EU, citizens identified culture, shared values, and history as their top three choices. People also hope their leaders will pay attention to these important aspects. With the Culture Compass coming up, it\u2019s a great opportunity for the EU to listen to what citizens are saying and give culture a more prominent place in policies and investments.<\/p>\n<p>A striking 87% of respondents believe that culture and cultural exchange should hold a vital place in the EU\u2019s priorities so that citizens from different Member States can feel more European. That same percentage affirms that culture and cultural exchanges play a significant role in fostering greater understanding and tolerance worldwide, even in areas experiencing conflicts or tensions.<\/p>\n<p>Furthermore, 86% emphasise the importance of preserving Europe\u2019s cultural heritage. Even more telling, 88% say artistic freedom matters to them, demonstrating that freedom of expression through art remains a core European value. Additionally, 84% affirm that promoting European cultures abroad is essential for building peaceful diplomatic relations between Europe and other countries. Overall, 88% of Europeans say artistic freedom matters to them, and 77% believe that artists can freely express their ideas and opinions.<\/p>\n<p>Another interesting finding is that almost half of Europeans make their living from art, 49% of Europeans have engaged in individual and\/or collective artistic activities in the last 12 months, which is 12 percentage points higher than in 2013.<\/p>\n<p>However, there is also a high percentage (73%) of Europeans who are concerned about the rise of generative AI, which could have a negative impact on artists&#8217; employment or earnings.<\/p>\n<p><img decoding=\"async\" loading=\"lazy\" class=\"alignnone size-full wp-image-2903\" src=\"https:\/\/www.pulse-z.eu\/wp-content\/uploads\/2025\/05\/Immagine-2025-05-18-192433.png\" alt=\"\" width=\"880\" height=\"151\" srcset=\"https:\/\/www.pulse-z.eu\/wp-content\/uploads\/2025\/05\/Immagine-2025-05-18-192433.png 880w, https:\/\/www.pulse-z.eu\/wp-content\/uploads\/2025\/05\/Immagine-2025-05-18-192433-768x132.png 768w\" sizes=\"auto, (max-width: 880px) 100vw, 880px\" \/><\/p>\n<p>Which culture-related issues do Europeans believe the EU and Member States should prioritise by working more closely together? The top concern, selected by 45% of the participants, is making arts and culture more accessible to everyone, a call for inclusivity and wider public engagement. This is closely followed by the protection of cultural heritage sites, especially in the face of wars, natural disasters, and climate change, which was supported by 43% of the respondents. Ensuring fair pay and good working conditions for artists and cultural workers also emerged as a key issue, with 42% emphasising its importance.<\/p>\n<p><img decoding=\"async\" loading=\"lazy\" class=\"alignnone size-full wp-image-2893\" src=\"https:\/\/www.pulse-z.eu\/wp-content\/uploads\/2025\/05\/Immagine-2025-05-18-190651.png\" alt=\"\" width=\"887\" height=\"380\" srcset=\"https:\/\/www.pulse-z.eu\/wp-content\/uploads\/2025\/05\/Immagine-2025-05-18-190651.png 887w, https:\/\/www.pulse-z.eu\/wp-content\/uploads\/2025\/05\/Immagine-2025-05-18-190651-768x329.png 768w\" sizes=\"auto, (max-width: 887px) 100vw, 887px\" \/><\/p>\n<p>&nbsp;<\/p>\n","protected":false},"excerpt":{"rendered":"<p>This survey gives us a significant insight into the value attributed to culture in the European Union. The answers show a strong desire for joint action to support cultural resilience, inclusiveness, and the well-being of [&hellip;]<\/p>\n","protected":false},"author":65,"featured_media":6484,"comment_status":"closed","ping_status":"closed","sticky":false,"template":"","format":"standard","meta":{"_acf_changed":false,"footnotes":""},"categories":[1],"tags":[],"post_formats":[673],"coauthors":[],"class_list":["post-8819","post","type-post","status-publish","format-standard","has-post-thumbnail","hentry","category-general","post_formats-clanky"],"acf":[],"_links":{"self":[{"href":"https:\/\/www.pulse-z.eu\/sk\/wp-json\/wp\/v2\/posts\/8819","targetHints":{"allow":["GET"]}}],"collection":[{"href":"https:\/\/www.pulse-z.eu\/sk\/wp-json\/wp\/v2\/posts"}],"about":[{"href":"https:\/\/www.pulse-z.eu\/sk\/wp-json\/wp\/v2\/types\/post"}],"author":[{"embeddable":true,"href":"https:\/\/www.pulse-z.eu\/sk\/wp-json\/wp\/v2\/users\/65"}],"replies":[{"embeddable":true,"href":"https:\/\/www.pulse-z.eu\/sk\/wp-json\/wp\/v2\/comments?post=8819"}],"version-history":[{"count":1,"href":"https:\/\/www.pulse-z.eu\/sk\/wp-json\/wp\/v2\/posts\/8819\/revisions"}],"predecessor-version":[{"id":8820,"href":"https:\/\/www.pulse-z.eu\/sk\/wp-json\/wp\/v2\/posts\/8819\/revisions\/8820"}],"wp:featuredmedia":[{"embeddable":true,"href":"https:\/\/www.pulse-z.eu\/sk\/wp-json\/wp\/v2\/media\/6484"}],"wp:attachment":[{"href":"https:\/\/www.pulse-z.eu\/sk\/wp-json\/wp\/v2\/media?parent=8819"}],"wp:term":[{"taxonomy":"category","embeddable":true,"href":"https:\/\/www.pulse-z.eu\/sk\/wp-json\/wp\/v2\/categories?post=8819"},{"taxonomy":"post_tag","embeddable":true,"href":"https:\/\/www.pulse-z.eu\/sk\/wp-json\/wp\/v2\/tags?post=8819"},{"taxonomy":"post_formats","embeddable":true,"href":"https:\/\/www.pulse-z.eu\/sk\/wp-json\/wp\/v2\/post_formats?post=8819"},{"taxonomy":"author","embeddable":true,"href":"https:\/\/www.pulse-z.eu\/sk\/wp-json\/wp\/v2\/coauthors?post=8819"}],"curies":[{"name":"wp","href":"https:\/\/api.w.org\/{rel}","templated":true}]}}