{"id":8749,"date":"2025-05-31T10:12:59","date_gmt":"2025-05-31T10:12:59","guid":{"rendered":"https:\/\/www.pulse-z.eu\/lost-lonely-and-logged-in-the-unseen-struggles-of-europes-youth-2\/"},"modified":"2025-06-12T08:47:26","modified_gmt":"2025-06-12T08:47:26","slug":"strateni-osameli-a-prihlaseni-neviditelne-boje-europskej-mladeze","status":"publish","type":"post","link":"https:\/\/www.pulse-z.eu\/sk\/strateni-osameli-a-prihlaseni-neviditelne-boje-europskej-mladeze\/","title":{"rendered":"Straten\u00ed, osamel\u00ed a prihl\u00e1sen\u00ed: Nevidite\u013en\u00e9 boje eur\u00f3pskej ml\u00e1de\u017ee"},"content":{"rendered":"\n<p><span style=\"font-weight: 400\">It&#8217;s rough out there for young folks in Europe, mental health-wise. You see it everywhere \u2013 school, online \u2013 and sometimes it feels like no one really knows how to help or even notice the difference between someone genuinely struggling and someone just looking for attention online.<\/span><\/p>\n<p> Between Loneliness and the Screen <\/p>\n<p><span style=\"font-weight: 400\">Young people in Europe are at the heart of a worsening mental health crisis. Experts are sounding the alarm: more and more young people are dealing with anxiety, depression, identity confusion, and a pervasive sense of emptiness. The issue isn\u2019t a lack of action \u2014 it\u2019s a lack of direction.<\/span><\/p>\n<p><span style=\"font-weight: 400\">A recent report <\/span><a href=\"https:\/\/www.zurich.foundation\/about-us\/publications\/2025\/imw-whitepaper_2025-01-15\" target=\"_blank\" rel=\"noopener\"><i><span style=\"font-weight: 400\">A Vision for Youth Mental Wellbeing in Europe<\/span><\/i><\/a><span style=\"font-weight: 400\"> makes it clear: we need a cross-sector, integrated approach that puts youth mental wellbeing at the core of public policy.<\/span><\/p>\n<p><span style=\"font-weight: 400\">While EU institutions are developing preventive tools and promoting early intervention, the absence of a shared definition of success or measurable goals is hampering real progress. Without them, mental health policy remains fragmented \u2014 and young people remain lost.<\/span><\/p>\n<p><span style=\"font-weight: 400\">The report argues that wellbeing cannot be an afterthought. It must become the <\/span><i><span style=\"font-weight: 400\">starting point<\/span><\/i><span style=\"font-weight: 400\"> of all education, social, and digital policies.<\/span><\/p>\n<p> When University Campuses Become Places of Fear <\/p>\n<p><span style=\"font-weight: 400\">A tragic event at the University of Warsaw shocked the nation when a<\/span><a href=\"https:\/\/www.polskieradio.pl\/395\/7789\/artykul\/3520570,warsaw-mourns-after-woman-killed-in-axe-attack-on-university-campus\" target=\"_blank\" rel=\"noopener\"><span style=\"font-weight: 400\"> student attacked university staff with an axe<\/span><\/a><span style=\"font-weight: 400\">. A 53-year-old receptionist was killed; a 39-year-old security guard remains in critical condition.<\/span><\/p>\n<p><span style=\"font-weight: 400\">Even more disturbing? Some witnesses didn\u2019t intervene \u2014 they started recording. The videos spread on social media like memes: shared, commented on, forwarded.<\/span><\/p>\n<p><span style=\"font-weight: 400\">Why? What drives someone to livestream a tragedy rather than offer help?<\/span><\/p>\n<p><span style=\"font-weight: 400\">According to psychotherapist Joanna Sokoli\u0144ska, this isn\u2019t always a sign of cruelty. \u201cIt\u2019s a coping mechanism,\u201d she explains. \u201cFilming helps people distance themselves emotionally. It\u2019s a defense.\u201d<\/span><\/p>\n<p><span style=\"font-weight: 400\">But instead of fostering reflection and empathy, social media often fuels chaos, turning trauma into viral spectacle.<\/span><\/p>\n<p> Lost, Exhausted, Invisible <\/p>\n<p><span style=\"font-weight: 400\">From the hammer attack in a Polish high school to the suicide of 16-year-old Maja from M\u0142awa, recent tragedies highlight a deeper identity and values crisis. Many young people live isolated in digital echo chambers, lacking real-life connections or trusted adults to talk to.<\/span><\/p>\n<p><span style=\"font-weight: 400\">Lots of good things are happening locally to help young people, but they&#8217;re not getting the attention they need without some national plans to back them up and help them grow. Even groups that are really trying their best don&#8217;t have enough stuff to help as many kids as they need to.<\/span><\/p>\n<p><span style=\"font-weight: 400\">Teachers, social workers, and local officials need training and support. And young people need anchors \u2014 in a world that increasingly feels unstable and unsafe.<\/span><\/p>\n<p><span style=\"font-weight: 400\">A particular source of concern is the impact of digital platforms. While tools like the <\/span><a href=\"https:\/\/digital-strategy.ec.europa.eu\/en\/policies\/digital-services-act-package\" target=\"_blank\" rel=\"noopener\"><i><span style=\"font-weight: 400\">Digital Services Act<\/span><\/i><\/a><span style=\"font-weight: 400\"> or the <\/span><a href=\"https:\/\/better-internet-for-kids.europa.eu\/en\" target=\"_blank\" rel=\"noopener\"><i><span style=\"font-weight: 400\">Better Internet for Kids<\/span><\/i> <\/a><span style=\"font-weight: 400\">strategy offer some protection, more decisive steps are needed: age restrictions, algorithm transparency, and education on digital hygiene.<\/span><\/p>\n<p> When Phones Become Surrogate Parents <\/p>\n<p><span style=\"font-weight: 400\">The burden of rebuilding trust and emotional safety often falls on caregivers \u2014 parents, teachers, coaches. But many don\u2019t feel equipped to talk to young people about emotions.<\/span><\/p>\n<p><span style=\"font-weight: 400\">Initiatives like <\/span><a href=\"https:\/\/www.connecting-generations.org\/\" target=\"_blank\" rel=\"noopener\"><i><span style=\"font-weight: 400\">Connecting Generations<\/span><\/i><\/a><span style=\"font-weight: 400\"> or <\/span><a href=\"https:\/\/nightlines.eu\/english\/\" target=\"_blank\" rel=\"noopener\"><i><span style=\"font-weight: 400\">Nightline Europe<\/span><\/i><\/a><span style=\"font-weight: 400\"> aim to bridge this gap by offering communication tools and peer support. But it\u2019s just as important that caregivers aren\u2019t left alone \u2014 especially in their own workplaces.<\/span><\/p>\n<p><span style=\"font-weight: 400\">\u201cParents often feel helpless and isolated. They need safe spaces to ask for help too,\u201d says Nuala Flewett from <\/span><i><span style=\"font-weight: 400\">Ambitious about Autism<\/span><\/i><span style=\"font-weight: 400\">.<\/span><\/p>\n<p><span style=\"font-weight: 400\">That\u2019s why the report recommends mental wellbeing resources not just for youth \u2014 but for adults, including in work environments.<\/span><\/p>\n<p> Schools as Labs of Resilience <\/p>\n<p><span style=\"font-weight: 400\">Education must not be disconnected from emotion. Teaching young people how to handle stress and regulate emotions is not a luxury \u2014 it\u2019s a survival skill.<\/span><\/p>\n<p><span style=\"font-weight: 400\">Schools and universities should be safe spaces where mental wellbeing is <\/span><i><span style=\"font-weight: 400\">foundational<\/span><\/i><span style=\"font-weight: 400\">, not optional. Programs like <\/span><i><span style=\"font-weight: 400\">Tackle Your Feelings<\/span><\/i><span style=\"font-weight: 400\">, where athletes advocate for emotional health, show how role models can help break taboos.<\/span><\/p>\n<p><span style=\"font-weight: 400\">Mental resilience should be developed just as intentionally as academic skills. It\u2019s not just an investment in grades \u2014 it\u2019s an investment in the future of our societies.<\/span><\/p>\n<p> Young People Don\u2019t Want to Be Passive \u2014 They Want to Be Partners <\/p>\n<p><span style=\"font-weight: 400\">The report is clear: mental health policies should not be <\/span><i><span style=\"font-weight: 400\">for<\/span><\/i><span style=\"font-weight: 400\"> young people, but <\/span><i><span style=\"font-weight: 400\">with<\/span><\/i><span style=\"font-weight: 400\"> them.<\/span><\/p>\n<p><span style=\"font-weight: 400\">Peers are often the first point of contact in a crisis. Young people are the ones who can challenge taboos and shift narratives. But for that to happen, they need to be truly included \u2014 not just on TikTok, but at decision-making tables.<\/span><\/p>\n<p><span style=\"font-weight: 400\">What young people need today isn\u2019t another awareness campaign. They need a community that sees them, hears them, and helps them find meaning \u2014 in a world that increasingly feels unbearable.<\/span><\/p>\n<p><span style=\"font-weight: 400\">This crisis demands more than sympathy \u2014 it requires action. If we want to save lives, we need to listen, adapt, and build a Europe where young people don\u2019t just survive, but truly thrive.<\/span><\/p>\n","protected":false},"excerpt":{"rendered":"<p>It&#8217;s rough out there for young folks in Europe, mental health-wise. You see it everywhere \u2013 school, online \u2013 and sometimes it feels like no one really knows how to help or even notice the [&hellip;]<\/p>\n","protected":false},"author":158,"featured_media":6743,"comment_status":"closed","ping_status":"closed","sticky":false,"template":"","format":"standard","meta":{"_acf_changed":false,"footnotes":""},"categories":[1],"tags":[],"post_formats":[673],"coauthors":[],"class_list":["post-8749","post","type-post","status-publish","format-standard","has-post-thumbnail","hentry","category-general","post_formats-clanky"],"acf":[],"_links":{"self":[{"href":"https:\/\/www.pulse-z.eu\/sk\/wp-json\/wp\/v2\/posts\/8749","targetHints":{"allow":["GET"]}}],"collection":[{"href":"https:\/\/www.pulse-z.eu\/sk\/wp-json\/wp\/v2\/posts"}],"about":[{"href":"https:\/\/www.pulse-z.eu\/sk\/wp-json\/wp\/v2\/types\/post"}],"author":[{"embeddable":true,"href":"https:\/\/www.pulse-z.eu\/sk\/wp-json\/wp\/v2\/users\/158"}],"replies":[{"embeddable":true,"href":"https:\/\/www.pulse-z.eu\/sk\/wp-json\/wp\/v2\/comments?post=8749"}],"version-history":[{"count":1,"href":"https:\/\/www.pulse-z.eu\/sk\/wp-json\/wp\/v2\/posts\/8749\/revisions"}],"predecessor-version":[{"id":8750,"href":"https:\/\/www.pulse-z.eu\/sk\/wp-json\/wp\/v2\/posts\/8749\/revisions\/8750"}],"wp:featuredmedia":[{"embeddable":true,"href":"https:\/\/www.pulse-z.eu\/sk\/wp-json\/wp\/v2\/media\/6743"}],"wp:attachment":[{"href":"https:\/\/www.pulse-z.eu\/sk\/wp-json\/wp\/v2\/media?parent=8749"}],"wp:term":[{"taxonomy":"category","embeddable":true,"href":"https:\/\/www.pulse-z.eu\/sk\/wp-json\/wp\/v2\/categories?post=8749"},{"taxonomy":"post_tag","embeddable":true,"href":"https:\/\/www.pulse-z.eu\/sk\/wp-json\/wp\/v2\/tags?post=8749"},{"taxonomy":"post_formats","embeddable":true,"href":"https:\/\/www.pulse-z.eu\/sk\/wp-json\/wp\/v2\/post_formats?post=8749"},{"taxonomy":"author","embeddable":true,"href":"https:\/\/www.pulse-z.eu\/sk\/wp-json\/wp\/v2\/coauthors?post=8749"}],"curies":[{"name":"wp","href":"https:\/\/api.w.org\/{rel}","templated":true}]}}