{"id":79371,"date":"2026-01-18T11:00:34","date_gmt":"2026-01-18T11:00:34","guid":{"rendered":"https:\/\/www.pulse-z.eu\/how-to-talk-about-war-and-be-more-resilient-in-a-complicated-world-an-interview-with-martin-poliacik\/"},"modified":"2026-01-19T12:05:27","modified_gmt":"2026-01-19T12:05:27","slug":"ako-hovorit-o-vojne-a-byt-odolnejsi-v-zlozitom-svete-rozhovor-s-martinom-poliacikom","status":"publish","type":"post","link":"https:\/\/www.pulse-z.eu\/sk\/ako-hovorit-o-vojne-a-byt-odolnejsi-v-zlozitom-svete-rozhovor-s-martinom-poliacikom\/","title":{"rendered":"Ako sa rozpr\u00e1va\u0165 o vojne a by\u0165 odolnej\u0161\u00ed v komplikovanom svete &#8211; rozhovor s Martinom Polia\u010dikom"},"content":{"rendered":"\n<p class=\"e-91090-text encore-text-body-medium\" data-encore-id=\"text\" data-slate-node=\"element\"><span data-slate-node=\"text\"><span class=\"sc-dfyheH cjSZKs\" data-slate-leaf=\"true\">Hovorili sme o probl\u00e9moch, ktor\u00e9 repatri\u00e1cia prin\u00e1\u0161a a ako sa rozpr\u00e1va\u0165 so zn\u00e1mymi, rodinou \u010di priate\u013emi o vojne. No rozobrali sme aj to, ako sa sna\u017ei\u0165 by\u0165 odolnej\u0161\u00ed v \u010doraz komplikovanej\u0161om svete.  Mimochodom, v tomto oh\u013eade je u\u017eito\u010dn\u00e1 aj kniha &#8222;<a class=\"e-91090-text-link e-91090-baseline e-91090-overflow-wrap-anywhere encore-internal-color-text-announcement e-91090-text-link--use-focus sc-hHRjXH gLIqfM\" href=\"https:\/\/www.radioteka.cz\/detail\/croebook-1042070-porazme-hoaxy?srsltid=AfmBOorCS4TaokQOBU_QE9UgTWKdq_0pPf4eOXmTzgp-B-NJ1R5KBnMH\" data-encore-id=\"textLink\" data-slate-node=\"element\" data-slate-inline=\"true\" target=\"_blank\" rel=\"noopener\">Porazme hoaxy!<\/a>&#8222;, ktor\u00fa nap\u00edsal <a class=\"e-91090-text-link e-91090-baseline e-91090-overflow-wrap-anywhere encore-internal-color-text-announcement e-91090-text-link--use-focus sc-hHRjXH gLIqfM\" href=\"https:\/\/www.instagram.com\/krotimehoaxy\/?hl=cs\" data-encore-id=\"textLink\" data-slate-node=\"element\" data-slate-inline=\"true\" target=\"_blank\" rel=\"noopener\"><span contenteditable=\"false\">Vladim\u00edr <\/span><span contenteditable=\"false\">\u0160n\u00eddl<\/span><\/a>.<\/span><\/span><\/p>\n<p class=\"e-91090-text encore-text-body-medium\" data-encore-id=\"text\" data-slate-node=\"element\" data-slate-fragment=\"JTVCJTdCJTIydHlwZSUyMiUzQSUyMnBhcmFncmFwaCUyMiUyQyUyMmNoaWxkcmVuJTIyJTNBJTVCJTdCJTIydGV4dCUyMiUzQSUyMldlJTIwdGFsa2VkJTIwYWJvdXQlMjB0aGUlMjBwcm9ibGVtcyUyMHRoYXQlMjByZXBhdHJpYXRpb24lMjBicmluZ3MlMkMlMjBhbmQlMjBob3clMjB0byUyMHRhbGslMjB0byUyMGFjcXVhaW50YW5jZXMlMkMlMjBmYW1pbHklMjBvciUyMGZyaWVuZHMlMjBhYm91dCUyMHRoZSUyMHdhci4lMjBCdXQlMjB3ZSUyMGFsc28lMjBkaXNjdXNzZWQlMjBob3clMjB0byUyMHRyeSUyMHRvJTIwYmUlMjBtb3JlJTIwcmVzaWxpZW50JTIwaW4lMjBhbiUyMGluY3JlYXNpbmdseSUyMGNvbXBsaWNhdGVkJTIwd29ybGQuJTIwJUYwJTlGJUFBJTk2JTIyJTdEJTVEJTdEJTJDJTdCJTIydHlwZSUyMiUzQSUyMnBhcmFncmFwaCUyMiUyQyUyMmNoaWxkcmVuJTIyJTNBJTVCJTdCJTIydGV4dCUyMiUzQSUyMiUyMiU3RCU1RCU3RCUyQyU3QiUyMnR5cGUlMjIlM0ElMjJwYXJhZ3JhcGglMjIlMkMlMjJjaGlsZHJlbiUyMiUzQSU1QiU3QiUyMnRleHQlMjIlM0ElMjJUaGVyZSUyMGFyZSUyMG1vcmUlMjB0b3BpY3MlMjB0aGF0JTIwd2UlMjBkaXNjdXNzZWQlMkMlMjBhbmQlMjB5b3UlMjBjYW4lMjBmaW5kJTIwdGhlbSUyMGFsbCUyMGluJTIwdGhlJTIwbGF0ZXN0JTIwZXBpc29kZSUyMG9mJTIwdGhlJTIwcG9kY2FzdCUyMGZvciUyMFB1bHNlWiElMjAlRTIlOUMlODUlMjIlN0QlNUQlN0QlNUQ=\"><span data-slate-node=\"text\"><span class=\"sc-dfyheH cjSZKs\" data-slate-leaf=\"true\">T\u00e9m, ktor\u00e9 sme rozobrali, je ale viac a v\u0161etky n\u00e1jdete v najnov\u0161ej \u010dasti podcastu pre PulseZ!<\/span><\/span><\/p>\n<p>T\u00e1to epiz\u00f3da podcastu je v slovenskom jazyku.<\/p>\n","protected":false},"excerpt":{"rendered":"<p>Hovorili sme o probl\u00e9moch, ktor\u00e9 repatri\u00e1cia prin\u00e1\u0161a a ako sa rozpr\u00e1va\u0165 so zn\u00e1mymi, rodinou \u010di priate\u013emi o vojne. No rozobrali sme aj to, ako sa sna\u017ei\u0165 by\u0165 odolnej\u0161\u00ed v \u010doraz komplikovanej\u0161om svete. Mimochodom, v tomto [&hellip;]<\/p>\n","protected":false},"author":457,"featured_media":0,"comment_status":"closed","ping_status":"closed","sticky":false,"template":"","format":"standard","meta":{"_acf_changed":false,"footnotes":""},"categories":[722],"tags":[7831,13707,21300,21299,5066,938,3644],"post_formats":[773],"coauthors":[4435],"class_list":["post-79371","post","type-post","status-publish","format-standard","hentry","category-aktualne-dianie","tag-children-sk","tag-critical-thinking-sk","tag-martin-poliacik","tag-repatriacia","tag-resilience-sk","tag-ukraine-sk","tag-war-sk","post_formats-podcast-sk"],"acf":[],"_links":{"self":[{"href":"https:\/\/www.pulse-z.eu\/sk\/wp-json\/wp\/v2\/posts\/79371","targetHints":{"allow":["GET"]}}],"collection":[{"href":"https:\/\/www.pulse-z.eu\/sk\/wp-json\/wp\/v2\/posts"}],"about":[{"href":"https:\/\/www.pulse-z.eu\/sk\/wp-json\/wp\/v2\/types\/post"}],"author":[{"embeddable":true,"href":"https:\/\/www.pulse-z.eu\/sk\/wp-json\/wp\/v2\/users\/457"}],"replies":[{"embeddable":true,"href":"https:\/\/www.pulse-z.eu\/sk\/wp-json\/wp\/v2\/comments?post=79371"}],"version-history":[{"count":13,"href":"https:\/\/www.pulse-z.eu\/sk\/wp-json\/wp\/v2\/posts\/79371\/revisions"}],"predecessor-version":[{"id":79401,"href":"https:\/\/www.pulse-z.eu\/sk\/wp-json\/wp\/v2\/posts\/79371\/revisions\/79401"}],"wp:attachment":[{"href":"https:\/\/www.pulse-z.eu\/sk\/wp-json\/wp\/v2\/media?parent=79371"}],"wp:term":[{"taxonomy":"category","embeddable":true,"href":"https:\/\/www.pulse-z.eu\/sk\/wp-json\/wp\/v2\/categories?post=79371"},{"taxonomy":"post_tag","embeddable":true,"href":"https:\/\/www.pulse-z.eu\/sk\/wp-json\/wp\/v2\/tags?post=79371"},{"taxonomy":"post_formats","embeddable":true,"href":"https:\/\/www.pulse-z.eu\/sk\/wp-json\/wp\/v2\/post_formats?post=79371"},{"taxonomy":"author","embeddable":true,"href":"https:\/\/www.pulse-z.eu\/sk\/wp-json\/wp\/v2\/coauthors?post=79371"}],"curies":[{"name":"wp","href":"https:\/\/api.w.org\/{rel}","templated":true}]}}