{"id":73611,"date":"2025-12-14T10:07:02","date_gmt":"2025-12-14T10:07:02","guid":{"rendered":"https:\/\/www.pulse-z.eu\/zo-sveta-influencerov-rozhovor-so-samuelom-miskovom-cast-1\/"},"modified":"2025-12-21T10:36:15","modified_gmt":"2025-12-21T10:36:15","slug":"zo-sveta-influencerov-rozhovor-so-samuelom-miskovom-1-cast","status":"publish","type":"post","link":"https:\/\/www.pulse-z.eu\/sk\/zo-sveta-influencerov-rozhovor-so-samuelom-miskovom-1-cast\/","title":{"rendered":"Zo sveta influencerov: rozhovor so Samuelom Mi\u0161kovom, \u010das\u0165 1"},"content":{"rendered":"\n<p><span data-slate-fragment=\"JTVCJTdCJTIydHlwZSUyMiUzQSUyMnBhcmFncmFwaCUyMiUyQyUyMmNoaWxkcmVuJTIyJTNBJTVCJTdCJTIydGV4dCUyMiUzQSUyMldoYXQlMjBpcyUyMFNhbW8ncyUyMHNjcmVlbnRpbWUlMjBsaWtlJTNGJTIwV291bGQlMjBoaXMlMjBzb2NpYWwlMjBuZXR3b3JrcyUyMHN1ZmZlciUyMGlmJTIwdGhlaXIlMjBiYW4lMjBmb3IlMjBwZW9wbGUlMjB1bmRlciUyMDE2JTIwd2VyZSUyMHRvJTIwcGFzcyUzRiUyMFdvdWxkJTIwaGUlMjBzdXBwb3J0JTIwYW55b25lJTIwaW4lMjBwb2xpdGljcyUyMGFuZCUyMGlzJTIwaGUlMjBldmVuJTIwaW50ZXJlc3RlZCUyMGluJTIwaXQlM0YlMjIlN0QlNUQlN0QlNUQ=\">Ak\u00fd m\u00e1 Samo screentime? Utrpeli by jeho soci\u00e1lne siete, ak by pre\u0161iel ich z\u00e1kaz pre \u013eud\u00ed do 16 rokov? Podporil by niekoho v politike a zauj\u00edma sa v\u00f4bec o \u0148u?  <\/span><\/p>\n<p><span data-slate-node=\"text\"><span class=\"sc-gbwXoZ cetDdh\" data-slate-leaf=\"true\">Odpovede na tieto, ale aj mnoho in\u00fdch ot\u00e1zok, n\u00e1jdete v prvej \u010dasti rozhovoru pre PulseZ podcast so <\/span><\/span><a class=\"e-91090-text-link e-91090-baseline e-91090-overflow-wrap-anywhere encore-internal-color-text-announcement e-91090-text-link--use-focus sc-fqujGp dQOGun\" href=\"https:\/\/www.instagram.com\/samo_zvany\/\" data-encore-id=\"textLink\" data-slate-node=\"element\" data-slate-inline=\"true\" target=\"_blank\" rel=\"noopener\"><span contenteditable=\"false\"><span data-slate-node=\"text\"><span class=\"sc-gbwXoZ cetDdh\" data-slate-leaf=\"true\">samo_zvany<\/span><\/span><\/span><span data-slate-node=\"text\" data-slate-fragment=\"JTVCJTdCJTIydHlwZSUyMiUzQSUyMnBhcmFncmFwaCUyMiUyQyUyMmNoaWxkcmVuJTIyJTNBJTVCJTdCJTIydGV4dCUyMiUzQSUyMllvdSUyMGNhbiUyMGZpbmQlMjB0aGUlMjBhbnN3ZXJzJTIwdG8lMjB0aGVzZSUyMGFuZCUyMG1hbnklMjBvdGhlciUyMHF1ZXN0aW9ucyUyMGluJTIwdGhlJTIwZmlyc3QlMjBwYXJ0JTIwb2YlMjB0aGlzJTIwUHVsc2VaJTIwcG9kY2FzdCUyMGVwaXNvZGUlMjB3aXRoJTIwJTIyJTdEJTJDJTdCJTIydHlwZSUyMiUzQSUyMmxpbmslMjIlMkMlMjJ1cmwlMjIlM0ElMjJodHRwcyUzQSUyRiUyRnd3dy5pbnN0YWdyYW0uY29tJTJGc2Ftb196dmFueSUyRiUyMiUyQyUyMnRhcmdldCUyMiUzQSUyMl9ibGFuayUyMiUyQyUyMnJlbCUyMiUzQSUyMnVnYyUyMG5vb3BlbmVyJTIwbm9yZWZlcnJlciUyMiUyQyUyMmNoaWxkcmVuJTIyJTNBJTVCJTdCJTIydGV4dCUyMiUzQSUyMnNhbW9fenZhbnklMjIlN0QlNUQlN0QlMkMlN0IlMjJ0ZXh0JTIyJTNBJTIyJTIwLSUyMFNhbSUyME1pJUM1JUExa292LiUyMiU3RCU1RCU3RCU1RA==\"><span class=\"sc-gbwXoZ cetDdh\" data-slate-leaf=\"true\">m &#8211; alebo Samom Mi\u0161kovom.<\/span><\/span><\/a><\/p>\n<p>T\u00e1to epiz\u00f3da podcastu je v slovenskom jazyku.<\/p>\n","protected":false},"excerpt":{"rendered":"<p>Ak\u00fd m\u00e1 Samo screentime? Utrpeli by jeho soci\u00e1lne siete, ak by pre\u0161iel ich z\u00e1kaz pre \u013eud\u00ed do 16 rokov? Podporil by niekoho v politike a zauj\u00edma sa v\u00f4bec o \u0148u? Odpovede na tieto, ale aj [&hellip;]<\/p>\n","protected":false},"author":457,"featured_media":0,"comment_status":"closed","ping_status":"closed","sticky":false,"template":"","format":"standard","meta":{"_acf_changed":false,"footnotes":""},"categories":[727,665],"tags":[7829,19304,19299,19300,19308,19296,4181,1771,19307,19306,19305,19301,4183,19298,18646,19302,19303,19297,8859,1773],"post_formats":[773],"coauthors":[4435],"class_list":["post-73611","post","type-post","status-publish","format-standard","hentry","category-mladez","category-spajanie-bodiek","tag-ban-sk","tag-billboard","tag-dopad","tag-nazory","tag-negativne","tag-obsah","tag-podcast-sk","tag-politics-sk","tag-pozitivne","tag-samo_zvany","tag-samuel-miskov","tag-screentime","tag-social-media-sk","tag-socialne-siete","tag-society","tag-tvorcovia","tag-tvorcovia-obsahu","tag-vplyvne-osoby","tag-young-people-sk","tag-youth-sk","post_formats-podcast-sk"],"acf":[],"_links":{"self":[{"href":"https:\/\/www.pulse-z.eu\/sk\/wp-json\/wp\/v2\/posts\/73611","targetHints":{"allow":["GET"]}}],"collection":[{"href":"https:\/\/www.pulse-z.eu\/sk\/wp-json\/wp\/v2\/posts"}],"about":[{"href":"https:\/\/www.pulse-z.eu\/sk\/wp-json\/wp\/v2\/types\/post"}],"author":[{"embeddable":true,"href":"https:\/\/www.pulse-z.eu\/sk\/wp-json\/wp\/v2\/users\/457"}],"replies":[{"embeddable":true,"href":"https:\/\/www.pulse-z.eu\/sk\/wp-json\/wp\/v2\/comments?post=73611"}],"version-history":[{"count":4,"href":"https:\/\/www.pulse-z.eu\/sk\/wp-json\/wp\/v2\/posts\/73611\/revisions"}],"predecessor-version":[{"id":75510,"href":"https:\/\/www.pulse-z.eu\/sk\/wp-json\/wp\/v2\/posts\/73611\/revisions\/75510"}],"wp:attachment":[{"href":"https:\/\/www.pulse-z.eu\/sk\/wp-json\/wp\/v2\/media?parent=73611"}],"wp:term":[{"taxonomy":"category","embeddable":true,"href":"https:\/\/www.pulse-z.eu\/sk\/wp-json\/wp\/v2\/categories?post=73611"},{"taxonomy":"post_tag","embeddable":true,"href":"https:\/\/www.pulse-z.eu\/sk\/wp-json\/wp\/v2\/tags?post=73611"},{"taxonomy":"post_formats","embeddable":true,"href":"https:\/\/www.pulse-z.eu\/sk\/wp-json\/wp\/v2\/post_formats?post=73611"},{"taxonomy":"author","embeddable":true,"href":"https:\/\/www.pulse-z.eu\/sk\/wp-json\/wp\/v2\/coauthors?post=73611"}],"curies":[{"name":"wp","href":"https:\/\/api.w.org\/{rel}","templated":true}]}}