{"id":71664,"date":"2025-12-07T10:30:10","date_gmt":"2025-12-07T10:30:10","guid":{"rendered":"https:\/\/www.pulse-z.eu\/pulsez-podcast-compass-for-body-and-soul-02-body-in-balance-on-physical-health-and-self-care-with-coach-jakub-chudy\/"},"modified":"2025-12-21T10:14:49","modified_gmt":"2025-12-21T10:14:49","slug":"podcast-pulsez-kompas-pre-telo-a-dusu-02-telo-v-rovnovahe-o-fyzickom-zdravi-a-starostlivosti-o-seba-s-koucom-jakubom-chudym","status":"publish","type":"post","link":"https:\/\/www.pulse-z.eu\/sk\/podcast-pulsez-kompas-pre-telo-a-dusu-02-telo-v-rovnovahe-o-fyzickom-zdravi-a-starostlivosti-o-seba-s-koucom-jakubom-chudym\/","title":{"rendered":"Kompas pre telo a du\u0161u podcastu PulseZ 02 \/\/ Telo v rovnov\u00e1he: O fyzickom zdrav\u00ed a starostlivosti o seba s tr\u00e9nerom Jakubom Chud\u00fdm"},"content":{"rendered":"\n<p class=\"e-91090-text encore-text-body-medium\" data-encore-id=\"text\" data-slate-node=\"element\"><span data-slate-node=\"text\"><span class=\"sc-gbwXoZ cetDdh\" data-slate-leaf=\"true\">Ako sa c\u00edti\u0165 dobre vo vlastnom tele a \u010do to znamen\u00e1 by\u0165 v s\u00falade so svoj\u00edm telom?<\/span><\/span><\/p>\n<p class=\"e-91090-text encore-text-body-medium\" data-encore-id=\"text\" data-slate-node=\"element\"><span data-slate-node=\"text\"><span class=\"sc-gbwXoZ cetDdh\" data-slate-leaf=\"true\">S kou\u010dom <\/span><\/span><a class=\"e-91090-text-link e-91090-baseline e-91090-overflow-wrap-anywhere encore-internal-color-text-announcement e-91090-text-link--use-focus sc-fqujGp dQOGun\" href=\"https:\/\/www.instagram.com\/jakub.chudy.coach\/?hl=en\" data-encore-id=\"textLink\" data-slate-node=\"element\" data-slate-inline=\"true\" target=\"_blank\" rel=\"noopener\"><span contenteditable=\"false\"><span data-slate-node=\"text\"><span class=\"sc-gbwXoZ cetDdh\" data-slate-leaf=\"true\">Jakubom Chud\u00fdm<\/span><\/span><span contenteditable=\"false\"><\/span><span data-slate-node=\"text\"><span class=\"sc-gbwXoZ cetDdh\" data-slate-leaf=\"true\"> sa rozpr\u00e1vame o tom, ako budova\u0165 zdrav\u00e9 n\u00e1vyky, n\u00e1js\u0165 rovnov\u00e1hu medzi pohybom a regener\u00e1ciou, ako spr\u00e1vne d\u00fdcha\u0165 a \u010do v\u0161etko ovplyv\u0148uje na\u0161u fyzick\u00fa i psychick\u00fa vitalitu.<\/span><\/span><\/span><\/a><\/p>\n<p class=\"e-91090-text encore-text-body-medium\" data-encore-id=\"text\" data-slate-node=\"element\"><span data-slate-node=\"text\"><span class=\"sc-gbwXoZ cetDdh\" data-slate-leaf=\"true\">PulseZ prin\u00e1\u0161a obsah, ktor\u00fd d\u00e1va mlad\u00fdm \u013eu\u010fom mo\u017enos\u0165 pozrie\u0165 sa vlastnou optikou na t\u00e9my, ktor\u00e9 s\u00fa pre nich zauj\u00edmav\u00e9. A ak aj v\u00e1s zauj\u00edma nie\u010do konkr\u00e9tne, nap\u00ed\u0161te n\u00e1m tie\u017e \u2014 mo\u017eno pr\u00e1ve va\u0161u ot\u00e1zku otvor\u00edme v \u010fal\u0161ej epiz\u00f3de. <\/span><\/span><\/p>\n<p class=\"e-91090-text encore-text-body-medium\" data-encore-id=\"text\" data-slate-node=\"element\"><span data-slate-node=\"text\"><span class=\"sc-gbwXoZ cetDdh\" data-slate-leaf=\"true\">\u010eakujeme, \u017ee ste n\u00e1s po\u010d\u00favali.<\/span><\/span><\/p>\n<p data-encore-id=\"text\" data-slate-node=\"element\">T\u00e1to epiz\u00f3da podcastu je v slovenskom jazyku.<\/p>\n","protected":false},"excerpt":{"rendered":"<p>Ako sa c\u00edti\u0165 dobre vo vlastnom tele a \u010do to znamen\u00e1 by\u0165 v s\u00falade so svoj\u00edm telom? S kou\u010dom Jakubom Chud\u00fdm sa rozpr\u00e1vame o tom, ako budova\u0165 zdrav\u00e9 n\u00e1vyky, n\u00e1js\u0165 rovnov\u00e1hu medzi pohybom a regener\u00e1ciou, [&hellip;]<\/p>\n","protected":false},"author":459,"featured_media":0,"comment_status":"closed","ping_status":"closed","sticky":false,"template":"","format":"standard","meta":{"_acf_changed":false,"footnotes":""},"categories":[727],"tags":[17446,17447,18847,8547,8118,4940,18848,18849],"post_formats":[773],"coauthors":[7155],"class_list":["post-71664","post","type-post","status-publish","format-standard","hentry","category-mladez","tag-balance","tag-body","tag-coach","tag-compass-sk","tag-health-sk","tag-mental-health-sk","tag-physical-health","tag-self-care","post_formats-podcast-sk"],"acf":[],"_links":{"self":[{"href":"https:\/\/www.pulse-z.eu\/sk\/wp-json\/wp\/v2\/posts\/71664","targetHints":{"allow":["GET"]}}],"collection":[{"href":"https:\/\/www.pulse-z.eu\/sk\/wp-json\/wp\/v2\/posts"}],"about":[{"href":"https:\/\/www.pulse-z.eu\/sk\/wp-json\/wp\/v2\/types\/post"}],"author":[{"embeddable":true,"href":"https:\/\/www.pulse-z.eu\/sk\/wp-json\/wp\/v2\/users\/459"}],"replies":[{"embeddable":true,"href":"https:\/\/www.pulse-z.eu\/sk\/wp-json\/wp\/v2\/comments?post=71664"}],"version-history":[{"count":11,"href":"https:\/\/www.pulse-z.eu\/sk\/wp-json\/wp\/v2\/posts\/71664\/revisions"}],"predecessor-version":[{"id":75494,"href":"https:\/\/www.pulse-z.eu\/sk\/wp-json\/wp\/v2\/posts\/71664\/revisions\/75494"}],"wp:attachment":[{"href":"https:\/\/www.pulse-z.eu\/sk\/wp-json\/wp\/v2\/media?parent=71664"}],"wp:term":[{"taxonomy":"category","embeddable":true,"href":"https:\/\/www.pulse-z.eu\/sk\/wp-json\/wp\/v2\/categories?post=71664"},{"taxonomy":"post_tag","embeddable":true,"href":"https:\/\/www.pulse-z.eu\/sk\/wp-json\/wp\/v2\/tags?post=71664"},{"taxonomy":"post_formats","embeddable":true,"href":"https:\/\/www.pulse-z.eu\/sk\/wp-json\/wp\/v2\/post_formats?post=71664"},{"taxonomy":"author","embeddable":true,"href":"https:\/\/www.pulse-z.eu\/sk\/wp-json\/wp\/v2\/coauthors?post=71664"}],"curies":[{"name":"wp","href":"https:\/\/api.w.org\/{rel}","templated":true}]}}