{"id":64210,"date":"2025-11-09T13:00:30","date_gmt":"2025-11-09T13:00:30","guid":{"rendered":"https:\/\/www.pulse-z.eu\/a-journey-into-classical-architecture-in-athens\/"},"modified":"2025-11-09T18:52:50","modified_gmt":"2025-11-09T18:52:50","slug":"vylet-do-sveta-klasickej-architektury-v-atenach","status":"publish","type":"post","link":"https:\/\/www.pulse-z.eu\/sk\/vylet-do-sveta-klasickej-architektury-v-atenach\/","title":{"rendered":"V\u00fdlet do sveta klasickej architekt\u00fary v At\u00e9nach"},"content":{"rendered":"\n<p>Architekt\u00fara je tv\u00e1rou ka\u017edej epochy a to sa net\u00fdka ani klasick\u00e9ho obdobia. Vyvrcholenie tohto \u017e\u00e1nru pre <a href=\"https:\/\/www.thespruce.com\/classical-architecture-4797909\" target=\"_blank\" rel=\"noopener\">klasick\u00e9 obdobie<\/a> mo\u017eno vidie\u0165 na at\u00e9nskej Akropole. Akropola je najvy\u0161\u0161\u00edm vrcholom v danom <em>polis<\/em> (mestskom \u0161t\u00e1te) a zvy\u010dajne sa tam nach\u00e1dzali chr\u00e1mov\u00e9 komplexy a budovy verejn\u00e9ho v\u00fdznamu \u2013 pozostatok z ach\u00e1jskych \u010dias (najm\u00e4 v At\u00e9nach), ke\u010f sa tam nach\u00e1dzali pal\u00e1ce a citadely kr\u00e1\u013eov.<\/p>\n<p> Po zni\u010den\u00ed po\u017eiarom po\u010das <a href=\"https:\/\/www.britannica.com\/event\/Greco-Persian-Wars\" target=\"_blank\" rel=\"noopener\">gr\u00e9cko-perzsk\u00fdch vojen<\/a> videli At\u00e9n\u010dania \u0161ancu uk\u00e1za\u0165 gr\u00e9ckemu svetu, \u010doho s\u00fa schopn\u00ed, a za\u010dala sa v\u00fdstavba budov na Akropole. Cel\u00fd komplex bol napl\u00e1novan\u00fd tak, aby sledoval prechod ka\u017edoro\u010dnej n\u00e1bo\u017eenskej procesie. Za\u010d\u00edna sa v\u00fdstupom z mesta na vrchol a prv\u00e1 vec, s ktorou sa tam stretnete, s\u00fa Propyleje.<\/p>\n<p>Toto s\u00fa sl\u00e1vnostn\u00e9 br\u00e1ny komplexu; nach\u00e1dzaj\u00fa sa tu mal\u00e9 chr\u00e1my bohov a socha At\u00e9ny Promachos. Potom sa postupne pres\u00favame do interi\u00e9ru, kde sa odha\u013euje perla v at\u00e9nskej korune \u2013 Parthen\u00f3n. Budova bola postaven\u00e1 Phidiasom a predstavuje v\u00fdnimo\u010dn\u00e9 architektonick\u00e9 dielo z nieko\u013ek\u00fdch d\u00f4vodov. Zah\u0155\u0148a d\u00f3rsky r\u00e1d, ktor\u00fd sa nevyzna\u010duje \u017eiadnou zvl\u00e1\u0161tnou ok\u00e1zalos\u0165ou, no napriek tomu vynikaj\u00faco spolupracuje s rozsahom budovy a vytv\u00e1ra ducha vzne\u0161enosti.<\/p>\n<p> Budova bola navrhnut\u00e1 tak, aby na \u0148u nep\u00f4sobilo skr\u00e1tenie perspekt\u00edvy z dia\u013eky; a hoci je na prv\u00fd poh\u013ead miestami zakriven\u00e1 a vzdialenosti medzi st\u013apmi s\u00fa nerovnomern\u00e9, pri poh\u013eade z dia\u013eky sa jav\u00ed ako dokonale rovn\u00e1. Vo vn\u00fatri <em>celly<\/em> (hlavnej miestnosti) sa nach\u00e1dzala sl\u00e1vna socha At\u00e9ny Parthenos \u2013 dielo tie\u017e od Phidia. \u010eal\u0161ia najd\u00f4le\u017eitej\u0161ia budova v komplexe n\u00e1s smeruje k neskor\u0161ej \u00farovni klasick\u00e9ho obdobia, ke\u010f sa zdalo, \u017ee uniformita dus\u00ed tvorcov a h\u013eadaj\u00fa nie\u010do nov\u00e9, ale st\u00e1le nie v \u0161t\u00fdle helenizmu. To sa t\u00fdka chr\u00e1mu At\u00e9ny a Poseid\u00f3na \u2013 Erechtheionu.<\/p>\n<p> P\u00f4sobiv\u00fdm prvkom je pou\u017eitie met\u00f3dy, ktor\u00e1 upadla do \u00fazadia, dokonca bola klasicizmu cudzia: karyatidy \u2013 sochy \u017eien, ktor\u00e9 hraj\u00fa \u00falohu st\u013apov. Pozoruhodn\u00e9 je, \u017ee napriek obrovskej v\u00e1he, ktor\u00e1 na nich spo\u010d\u00edva a vy\u017eaduje si ich robustnos\u0165, zost\u00e1vaj\u00fa tak\u00e9 p\u00f4vabn\u00e9 a \u00e9terick\u00e9, akoby kladie nad nimi bolo zavesen\u00e9 na lane z nejak\u00e9ho nevidite\u013en\u00e9ho stropu. V tomto spo\u010d\u00edva majstrovstvo Erechtheionu. V tomto \u010dase sa pou\u017e\u00edvanie i\u00f3nskeho r\u00e1du stalo be\u017enou praxou a potreba \u010fal\u0161ej n\u00e1dhery viedla k vytvoreniu nov\u00e9ho \u2013 korintsk\u00e9ho r\u00e1du, in\u0161pirovan\u00e9ho listami a vol\u00fatami i\u00f3nskeho r\u00e1du.<\/p>\n","protected":false},"excerpt":{"rendered":"<p>Architekt\u00fara je tv\u00e1rou ka\u017edej epochy a to sa net\u00fdka ani klasick\u00e9ho obdobia. Vyvrcholenie tohto \u017e\u00e1nru pre klasick\u00e9 obdobie mo\u017eno vidie\u0165 na at\u00e9nskej Akropole. Akropola je najvy\u0161\u0161\u00edm vrcholom v danom polis (mestskom \u0161t\u00e1te) a zvy\u010dajne sa [&hellip;]<\/p>\n","protected":false},"author":1332,"featured_media":0,"comment_status":"closed","ping_status":"closed","sticky":false,"template":"","format":"standard","meta":{"_acf_changed":false,"footnotes":""},"categories":[724,721],"tags":[15662,1133,15663,2910,15664],"post_formats":[673],"coauthors":[13019],"class_list":["post-64210","post","type-post","status-publish","format-standard","hentry","category-dedicstvo","category-kulturne-dedicstvo","tag-architecture-sk","tag-athens-sk","tag-classical-architecture-sk","tag-greece-sk","tag-journey-sk","post_formats-clanky"],"acf":[],"_links":{"self":[{"href":"https:\/\/www.pulse-z.eu\/sk\/wp-json\/wp\/v2\/posts\/64210","targetHints":{"allow":["GET"]}}],"collection":[{"href":"https:\/\/www.pulse-z.eu\/sk\/wp-json\/wp\/v2\/posts"}],"about":[{"href":"https:\/\/www.pulse-z.eu\/sk\/wp-json\/wp\/v2\/types\/post"}],"author":[{"embeddable":true,"href":"https:\/\/www.pulse-z.eu\/sk\/wp-json\/wp\/v2\/users\/1332"}],"replies":[{"embeddable":true,"href":"https:\/\/www.pulse-z.eu\/sk\/wp-json\/wp\/v2\/comments?post=64210"}],"version-history":[{"count":8,"href":"https:\/\/www.pulse-z.eu\/sk\/wp-json\/wp\/v2\/posts\/64210\/revisions"}],"predecessor-version":[{"id":64226,"href":"https:\/\/www.pulse-z.eu\/sk\/wp-json\/wp\/v2\/posts\/64210\/revisions\/64226"}],"wp:attachment":[{"href":"https:\/\/www.pulse-z.eu\/sk\/wp-json\/wp\/v2\/media?parent=64210"}],"wp:term":[{"taxonomy":"category","embeddable":true,"href":"https:\/\/www.pulse-z.eu\/sk\/wp-json\/wp\/v2\/categories?post=64210"},{"taxonomy":"post_tag","embeddable":true,"href":"https:\/\/www.pulse-z.eu\/sk\/wp-json\/wp\/v2\/tags?post=64210"},{"taxonomy":"post_formats","embeddable":true,"href":"https:\/\/www.pulse-z.eu\/sk\/wp-json\/wp\/v2\/post_formats?post=64210"},{"taxonomy":"author","embeddable":true,"href":"https:\/\/www.pulse-z.eu\/sk\/wp-json\/wp\/v2\/coauthors?post=64210"}],"curies":[{"name":"wp","href":"https:\/\/api.w.org\/{rel}","templated":true}]}}