{"id":59810,"date":"2025-10-19T11:00:20","date_gmt":"2025-10-19T11:00:20","guid":{"rendered":"https:\/\/www.pulse-z.eu\/jakub-kobela-and-the-academy-of-critical-thinking-an-interview-about-better-communication\/"},"modified":"2025-10-19T11:36:14","modified_gmt":"2025-10-19T11:36:14","slug":"jakub-kobela-a-akademia-kritickeho-myslenia-rozhovor-o-lepsej-komunikacii","status":"publish","type":"post","link":"https:\/\/www.pulse-z.eu\/sk\/jakub-kobela-a-akademia-kritickeho-myslenia-rozhovor-o-lepsej-komunikacii\/","title":{"rendered":"Jakub Kobela a Akade\u0301mia kriticke\u0301ho myslenia &#8211; rozhovor o lep\u0161ej komunik\u00e1cii"},"content":{"rendered":"\n<p><span data-slate-fragment=\"JTVCJTdCJTIydHlwZSUyMiUzQSUyMnBhcmFncmFwaCUyMiUyQyUyMmNoaWxkcmVuJTIyJTNBJTVCJTdCJTIydGV4dCUyMiUzQSUyMkFrbyUyMHNpJTIwdHIlQzMlQTlub3ZhJUM1JUE1JTIwa3JpdGljayVDMyVBOSUyMG15c2xlbmllJTJDJTIwbmElMjBhayVDMyVCRGNoJTIwcGlsaWVyb2NoJTIwc3RvaiVDMyVBRCUyMGElMjB0aWUlQzUlQkUlMjB2JTIwJUM0JThEb20lMjBzcG8lQzQlOEQlQzMlQUR2YSUyMHVtZW5pZSUyMGFyZ3VtZW50JUMzJUExY2llJTJDJTIwJUM0JThEaSUyMGFrbyUyMHNpJTIwcm96b2JyYSVDNSVBNSUyMHBvbGl0aWNrJUMzJUJBJTIwZGlza3VzaXUlM0YlMjIlN0QlNUQlN0QlNUQ=\">Ako si tr\u00e9nova\u0165 <a href=\"https:\/\/www.instagram.com\/kritickemyslenie?igsh=MTBramFxemJma2F1bg==\" target=\"_blank\" rel=\"noopener\">kritick\u00e9 myslenie<\/a>, na ak\u00fdch pilieroch stoj\u00ed a tie\u017e v \u010dom spo\u010d\u00edva umenie argument\u00e1cie, \u010di ako si rozobra\u0165 politick\u00fa diskusiu? O tomto v\u0161etkom a \u010fal\u0161\u00edch t\u00e9mach sme sa rozpr\u00e1vali s <a href=\"https:\/\/www.instagram.com\/jakubkobela?igsh=MXYybnBpZWQ0cXVhNw==\" target=\"_blank\" rel=\"noopener\">Jakubom Kobelom<\/a> v najnov\u0161ej \u010dasti podcastu\u00a0PulseZ.<\/span><\/p>\n<p>T\u00e1to epiz\u00f3da podcastu je v slovenskom jazyku.<\/p>\n","protected":false},"excerpt":{"rendered":"<p>Ako si tr\u00e9nova\u0165 kritick\u00e9 myslenie, na ak\u00fdch pilieroch stoj\u00ed a tie\u017e v \u010dom spo\u010d\u00edva umenie argument\u00e1cie, \u010di ako si rozobra\u0165 politick\u00fa diskusiu? O tomto v\u0161etkom a \u010fal\u0161\u00edch t\u00e9mach sme sa rozpr\u00e1vali s Jakubom Kobelom v [&hellip;]<\/p>\n","protected":false},"author":457,"featured_media":0,"comment_status":"closed","ping_status":"closed","sticky":false,"template":"","format":"standard","meta":{"_acf_changed":false,"footnotes":""},"categories":[727,665],"tags":[13704,13705,13706,13707,13708,6577,13709,13710],"post_formats":[773],"coauthors":[4435],"class_list":["post-59810","post","type-post","status-publish","format-standard","hentry","category-mladez","category-spajanie-bodiek","tag-academy-of-critical-thinking-sk","tag-argumentation-sk","tag-communication-sk","tag-critical-thinking-sk","tag-debate-sk","tag-interview-sk","tag-jakub-kobela-sk","tag-question-sk","post_formats-podcast-sk"],"acf":[],"_links":{"self":[{"href":"https:\/\/www.pulse-z.eu\/sk\/wp-json\/wp\/v2\/posts\/59810","targetHints":{"allow":["GET"]}}],"collection":[{"href":"https:\/\/www.pulse-z.eu\/sk\/wp-json\/wp\/v2\/posts"}],"about":[{"href":"https:\/\/www.pulse-z.eu\/sk\/wp-json\/wp\/v2\/types\/post"}],"author":[{"embeddable":true,"href":"https:\/\/www.pulse-z.eu\/sk\/wp-json\/wp\/v2\/users\/457"}],"replies":[{"embeddable":true,"href":"https:\/\/www.pulse-z.eu\/sk\/wp-json\/wp\/v2\/comments?post=59810"}],"version-history":[{"count":9,"href":"https:\/\/www.pulse-z.eu\/sk\/wp-json\/wp\/v2\/posts\/59810\/revisions"}],"predecessor-version":[{"id":59823,"href":"https:\/\/www.pulse-z.eu\/sk\/wp-json\/wp\/v2\/posts\/59810\/revisions\/59823"}],"wp:attachment":[{"href":"https:\/\/www.pulse-z.eu\/sk\/wp-json\/wp\/v2\/media?parent=59810"}],"wp:term":[{"taxonomy":"category","embeddable":true,"href":"https:\/\/www.pulse-z.eu\/sk\/wp-json\/wp\/v2\/categories?post=59810"},{"taxonomy":"post_tag","embeddable":true,"href":"https:\/\/www.pulse-z.eu\/sk\/wp-json\/wp\/v2\/tags?post=59810"},{"taxonomy":"post_formats","embeddable":true,"href":"https:\/\/www.pulse-z.eu\/sk\/wp-json\/wp\/v2\/post_formats?post=59810"},{"taxonomy":"author","embeddable":true,"href":"https:\/\/www.pulse-z.eu\/sk\/wp-json\/wp\/v2\/coauthors?post=59810"}],"curies":[{"name":"wp","href":"https:\/\/api.w.org\/{rel}","templated":true}]}}