{"id":57192,"date":"2025-10-12T09:55:03","date_gmt":"2025-10-12T09:55:03","guid":{"rendered":"https:\/\/www.pulse-z.eu\/cosa-pensano-gli-italiani-delleuropa-lultimo-sondaggio-svela-le-opinioni-sullue-2\/"},"modified":"2025-10-12T09:55:40","modified_gmt":"2025-10-12T09:55:40","slug":"co-si-taliani-myslia-o-europe-najnovsi-prieskum-odhaluje-nazory-na-eu-2","status":"publish","type":"post","link":"https:\/\/www.pulse-z.eu\/sk\/co-si-taliani-myslia-o-europe-najnovsi-prieskum-odhaluje-nazory-na-eu-2\/","title":{"rendered":"\u010co si Taliani myslia o Eur\u00f3pe: Najnov\u0161\u00ed prieskum odha\u013euje n\u00e1zory na E\u00da"},"content":{"rendered":"\n<p>\u010cl\u00e1nok Francesca Moriero \u2013 novin\u00e1rka, Fanpage.it<\/p>\n<p> Pokia\u013e ide o Eur\u00f3pu, n\u00e1zory sa \u010dasto delia medzi nad\u0161en\u00edm a skepticizmom. \u010co si v\u0161ak ob\u010dania skuto\u010dne myslia? Aby sme to pochopili, Eur\u00f3psky parlament si ka\u017ed\u00fd rok zad\u00e1va s\u00e9riu prieskumov, Eurobarometer, ktor\u00fd <a href=\"https:\/\/www.europarl.europa.eu\/at-your-service\/files\/be-heard\/eurobarometer\/2025\/en-plenary-insights-april-2025.pdf.\" target=\"_blank\" rel=\"noopener\">zhroma\u017e\u010fuje n\u00e1zory ob\u010danov 27 \u010dlensk\u00fdch \u0161t\u00e1tov na ot\u00e1zky t\u00fdkaj\u00face sa \u00danie a jej \u00falohy vo svete<\/a> . Zimn\u00e9 vydanie z roku 2025 zachyt\u00e1va ch\u00falostiv\u00fd moment: medzi medzin\u00e1rodnou nestabilitou, klimatick\u00fdmi zmenami, technologick\u00fdmi v\u00fdzvami a hospod\u00e1rskymi kr\u00edzami je Eur\u00f3pska \u00fania vyzvan\u00e1, aby posilnila svoj hlas a svoju konate\u013en\u00fa schopnos\u0165. \u010co v\u0161ak \u013eudia o\u010dak\u00e1vaj\u00fa? Kde vidia siln\u00e9 str\u00e1nky E\u00da? Kde vidia jej nedostatky?<\/p>\n<p> Poh\u013ead na talianske v\u00fdsledky odha\u013euje roz\u0161\u00edren\u00fd pocit: zmes realizmu, o\u010dak\u00e1van\u00ed, ale aj odstupu. Ich porovnanie s eur\u00f3pskym priemerom je u\u017eito\u010dn\u00e9 pre pochopenie nielen na\u0161ich vlastn\u00fdch n\u00e1zorov, ale aj toho, ako zapad\u00e1me do \u0161ir\u0161ieho kontextu eur\u00f3pskych n\u00e1rodov.<\/p>\n<h2> \u00daloha E\u00da vo svete: rast\u00faci v\u00fdznam, ale Taliansko zost\u00e1va opatrn\u00e9<\/h2>\n<p> Na ot\u00e1zku, ako sa v nasleduj\u00facich rokoch zmen\u00ed \u00faloha Eur\u00f3pskej \u00fanie vo svete, 44 % Eur\u00f3panov odpovedalo, \u017ee bude \u201ed\u00f4le\u017eitej\u0161ia\u201c. Tento n\u00e1zor zdie\u013eaj\u00fa aj v Taliansku (43 %), ale sprev\u00e1dza ho v\u00e4\u010d\u0161ia opatrnos\u0165 a neistota: zna\u010dn\u00e9 percento Talianov (5 %) uv\u00e1dza, \u017ee nem\u00e1 n\u00e1zor, v porovnan\u00ed s eur\u00f3pskym priemerom 3 %. Tento mal\u00fd rozdiel sa m\u00f4\u017ee zda\u0165 nepatrn\u00fd, ale hovor\u00ed o nie\u010dom hlb\u0161om: o emocion\u00e1lnom odstupe alebo mo\u017eno o nedostatku konkr\u00e9tnych odkazov. V Taliansku je vn\u00edman\u00fd ur\u010dit\u00fd rozpor medzi in\u0161tit\u00faciou \u201eEur\u00f3py\u201c a ka\u017edodenn\u00fdm \u017eivotom; je to, akoby mnoh\u00ed ob\u010dania mali probl\u00e9m rozpozna\u0165 \u00falohu E\u00da vo v\u00fdznamn\u00fdch medzin\u00e1rodn\u00fdch situ\u00e1ci\u00e1ch, alebo sa s \u0148ou aspo\u0148 nec\u00edtili plne spojen\u00ed.<\/p>\n<h2>Obrana a bezpe\u010dnos\u0165: D\u00f4vera v E\u00da, ale s ur\u010dit\u00fdmi v\u00fdhradami<\/h2>\n<p> V \u010doraz nestabilnej\u0161om glob\u00e1lnom prostred\u00ed sa ot\u00e1zka bezpe\u010dnosti n\u00e1silne vr\u00e1tila do popredia diskusi\u00ed. A tu je Eur\u00f3pska \u00fania vn\u00edman\u00e1 ako d\u00f4le\u017eit\u00fd hr\u00e1\u010d. 66 % Eur\u00f3panov ver\u00ed, \u017ee E\u00da zohr\u00e1va z\u00e1sadn\u00fa \u00falohu v ochrane pred medzin\u00e1rodn\u00fdmi kr\u00edzami a bezpe\u010dnostn\u00fdmi hrozbami. V Taliansku tento n\u00e1zor zdie\u013ea aj 63 % ob\u010danov. Talianska podpora sa v\u0161ak op\u00e4\u0165 jav\u00ed ako zdr\u017eanlivej\u0161ia a chladnej\u0161ia. Neexistuje jasn\u00e9 odmietnutie, ale ani presved\u010den\u00e1 podpora. Je to, akoby sa \u00dania vn\u00edmala sk\u00f4r ako praktick\u00e1 nevyhnutnos\u0165 ne\u017e ako \u00faprimn\u00fd politick\u00fd projekt. Je to teda u\u017eito\u010dn\u00fd d\u00e1\u017ednik, ale nie v\u017edy spo\u013eahliv\u00fd.<\/p>\n<h2> Na \u010do by sa mala E\u00da zamera\u0165? Priority Talianov a Eur\u00f3panov<\/h2>\n<p> Respondentov sa potom p\u00fdtali, \u010do by mala E\u00da urobi\u0165 pre zv\u00fd\u0161enie svojho glob\u00e1lneho vplyvu. Odpovede vykazuj\u00fa ur\u010dit\u00fa konzistentnos\u0165 medzi krajinami: hospod\u00e1rska a priemyseln\u00e1 konkurencieschopnos\u0165 je uveden\u00e1 ako najvy\u0161\u0161ia priorita (32 % v Taliansku, 34 % v Eur\u00f3pe). V kontexte, ke\u010f sa o ekonomick\u00e9 l\u00edderstvo uch\u00e1dzaj\u00fa ve\u013emoci \u2013 \u010c\u00edna, Spojen\u00e9 \u0161t\u00e1ty a India \u2013 posilnenie eur\u00f3pskeho priemyslu jav\u00ed ako takmer nevyhnutn\u00e9. Popri hospod\u00e1rskom raste sa v\u0161ak objavuj\u00fa aj nov\u00e9 naliehav\u00e9 potreby: napr\u00edklad v Taliansku 36 % ob\u010danov ver\u00ed, \u017ee je nevyhnutn\u00e9 investova\u0165 do obrany a spolo\u010dnej bezpe\u010dnosti, \u010do je percento vy\u0161\u0161ie ako eur\u00f3psky priemer (31 %). Energetick\u00e1 nez\u00e1vislos\u0165 sa tie\u017e pova\u017euje za strategick\u00fa: 33 % Talianov ju uv\u00e1dza ako prioritu v porovnan\u00ed s 27 % Eur\u00f3panov. Nie je to n\u00e1hoda: vojna na Ukrajine a rast\u00face \u00fa\u010dty za energie zd\u00f4raznili, \u017ee energia nie je len ekonomick\u00fdm, ale aj geopolitick\u00fdm probl\u00e9mom.<\/p>\n<p> Taliansko venuje tie\u017e vy\u0161\u0161iu pozornos\u0165 bezpe\u010dnosti potrav\u00edn (25 %) ako eur\u00f3psky priemer (23 %). To pravdepodobne odr\u00e1\u017ea \u00fastredn\u00e9 postavenie dod\u00e1vate\u013esk\u00e9ho re\u0165azca agropotravin\u00e1rskeho priemyslu v na\u0161ej krajine, ale aj v\u00e4\u010d\u0161\u00ed z\u00e1ujem o stabilitu a kvalitu na\u0161ich dod\u00e1vok potrav\u00edn.<\/p>\n<h2>Zjednotenej\u0161ia Eur\u00f3pa? Taliani hovoria \u00e1no.<\/h2>\n<p> My\u0161lienka, \u017ee Eur\u00f3pska \u00fania mus\u00ed by\u0165 s\u00fadr\u017enej\u0161ia, m\u00e1 \u0161irok\u00fa podporu: 89 % Eur\u00f3panov a 88 % Talianov sa domnieva, \u017ee \u010dlensk\u00e9 \u0161t\u00e1ty by mali u\u017e\u0161ie spolupracova\u0165 pri rie\u0161en\u00ed glob\u00e1lnych v\u00fdziev. Toto je jedno z najjasnej\u0161\u00edch a najkonzistentnej\u0161\u00edch zisten\u00ed prieskumu: jednota teda nie je len \u017eiaduca, ale vn\u00edma sa aj ako nevyhnutn\u00e1.<\/p>\n<p> Taliansko v\u0161ak vynik\u00e1 aj in\u00fdm presved\u010den\u00edm: na to, aby \u00dania skuto\u010dne fungovala, potrebuje viac n\u00e1strojov a zdrojov. Tomuto n\u00e1zoru ver\u00ed 82 % Talianov v porovnan\u00ed s priemerom E\u00da, ktor\u00fd je 76 %. Toto \u010d\u00edslo mo\u017eno odr\u00e1\u017ea ur\u010dit\u00fa frustr\u00e1ciu: my\u0161lienku, \u017ee Eur\u00f3pa \u201eby mohla urobi\u0165 viac\u201c, ale nedost\u00e1va potrebn\u00e9 pr\u00e1vomoci.<\/p>\n<h2> Skuto\u010dn\u00e9 obavy ob\u010danov: infl\u00e1cia, pr\u00e1ca, chudoba<\/h2>\n<p> Ke\u010f prejdeme od glob\u00e1lnych strat\u00e9gi\u00ed k ka\u017edodenn\u00fdm potreb\u00e1m, odpovede sa stan\u00fa e\u0161te odha\u013euj\u00facej\u0161\u00edmi. Taliani d\u00f4razne poukazuj\u00fa na tri priority:<\/p>\n<ul>\n<li> Hlavn\u00fdm probl\u00e9mom s\u00fa \u017eivotn\u00e9 n\u00e1klady, ktor\u00e9 s\u00fa sp\u00f4soben\u00e9 infl\u00e1ciou (43 %).<\/li>\n<li> Nasleduje pr\u00e1ca, ktor\u00e1 je v Taliansku ove\u013ea znepokojuj\u00facej\u0161ou ot\u00e1zkou ako eur\u00f3psky priemer (37 % oproti 29 %).<\/li>\n<li> Po tretie, ale nie najd\u00f4le\u017eitej\u0161ie miesto, je boj proti chudobe a soci\u00e1lnemu vyl\u00fa\u010deniu (31 %).<\/li>\n<\/ul>\n<p> Tu jasne vid\u00edme, ako s\u00fa priority hmatate\u013en\u00e9, ka\u017edodenn\u00e9 a spojen\u00e9 s kvalitou skuto\u010dn\u00e9ho \u017eivota. Vid\u00edme tie\u017e v\u00e4\u010d\u0161\u00ed z\u00e1ujem o ot\u00e1zky, ako je rozvojov\u00e1 pomoc a rodov\u00e1 rovnos\u0165, ktor\u00fdm sa v Taliansku venuje o nie\u010do viac pozornosti ako eur\u00f3psky priemer. <a href=\"https:\/\/www.fanpage.it\/politica\/la-prima-preoccupazione-degli-italiani-non-sono-piu-i-migranti-ma-il-costo-della-vita-il-sondaggio\/\" target=\"_blank\" rel=\"noopener\">Migr\u00e1cia v\u0161ak tento trend vyvracia<\/a> : pre 22 % Eur\u00f3panov je prioritou, zatia\u013e \u010do v Taliansku je to len 13 %. Tieto \u00fadaje by sa mali interpretova\u0165 opatrne: namiesto nez\u00e1ujmu by mohli nazna\u010dova\u0165 upokojenie diskusie po rokoch vn\u00edman\u00fdch n\u00fadzov\u00fdch situ\u00e1ci\u00ed.<\/p>\n<h2>Osobn\u00e1 bud\u00facnos\u0165? Taliani v \u0148u maj\u00fa mal\u00fa vieru.<\/h2>\n<p> Napokon, mo\u017eno najtrpkej\u0161ia \u0161tatistika: iba 11 % Talianov ver\u00ed, \u017ee sa ich \u017eivotn\u00e1 \u00farove\u0148 v nasleduj\u00facich piatich rokoch zlep\u0161\u00ed. To je jedno z najni\u017e\u0161\u00edch percent v Eur\u00f3pe: v\u00e4\u010d\u0161ina (76 %) si mysl\u00ed, \u017ee sa ni\u010d nezmen\u00ed, zatia\u013e \u010do \u010fal\u0161\u00edch 11 % o\u010dak\u00e1va zhor\u0161enie. To nie je nevyhnutne pesimizmus, ale sk\u00f4r unaven\u00fd a mo\u017eno sklaman\u00fd poh\u013ead. Akoby sa pozit\u00edvna zmena pova\u017eovala za nie\u010do zriedkav\u00e9, takmer nepravdepodobn\u00e9.<\/p>\n","protected":false},"excerpt":{"rendered":"<p>\u010cl\u00e1nok Francesca Moriero \u2013 novin\u00e1rka, Fanpage.it Pokia\u013e ide o Eur\u00f3pu, n\u00e1zory sa \u010dasto delia medzi nad\u0161en\u00edm a skepticizmom. \u010co si v\u0161ak ob\u010dania skuto\u010dne myslia? Aby sme to pochopili, Eur\u00f3psky parlament si ka\u017ed\u00fd rok zad\u00e1va s\u00e9riu [&hellip;]<\/p>\n","protected":false},"author":173,"featured_media":54912,"comment_status":"closed","ping_status":"closed","sticky":false,"template":"","format":"standard","meta":{"_acf_changed":false,"footnotes":""},"categories":[21,1],"tags":[6905,13016,6906,13017,6907,6854],"post_formats":[673],"coauthors":[3918],"class_list":["post-57192","post","type-post","status-publish","format-standard","has-post-thumbnail","hentry","category-current-affairs","category-general","tag-eurobarometro-sk","tag-futuro-sk","tag-italia-sk","tag-ottimismo-sk","tag-ue-sk","tag-unione-europea-sk","post_formats-clanky"],"acf":[],"_links":{"self":[{"href":"https:\/\/www.pulse-z.eu\/sk\/wp-json\/wp\/v2\/posts\/57192","targetHints":{"allow":["GET"]}}],"collection":[{"href":"https:\/\/www.pulse-z.eu\/sk\/wp-json\/wp\/v2\/posts"}],"about":[{"href":"https:\/\/www.pulse-z.eu\/sk\/wp-json\/wp\/v2\/types\/post"}],"author":[{"embeddable":true,"href":"https:\/\/www.pulse-z.eu\/sk\/wp-json\/wp\/v2\/users\/173"}],"replies":[{"embeddable":true,"href":"https:\/\/www.pulse-z.eu\/sk\/wp-json\/wp\/v2\/comments?post=57192"}],"version-history":[{"count":8,"href":"https:\/\/www.pulse-z.eu\/sk\/wp-json\/wp\/v2\/posts\/57192\/revisions"}],"predecessor-version":[{"id":57692,"href":"https:\/\/www.pulse-z.eu\/sk\/wp-json\/wp\/v2\/posts\/57192\/revisions\/57692"}],"wp:featuredmedia":[{"embeddable":true,"href":"https:\/\/www.pulse-z.eu\/sk\/wp-json\/wp\/v2\/media\/54912"}],"wp:attachment":[{"href":"https:\/\/www.pulse-z.eu\/sk\/wp-json\/wp\/v2\/media?parent=57192"}],"wp:term":[{"taxonomy":"category","embeddable":true,"href":"https:\/\/www.pulse-z.eu\/sk\/wp-json\/wp\/v2\/categories?post=57192"},{"taxonomy":"post_tag","embeddable":true,"href":"https:\/\/www.pulse-z.eu\/sk\/wp-json\/wp\/v2\/tags?post=57192"},{"taxonomy":"post_formats","embeddable":true,"href":"https:\/\/www.pulse-z.eu\/sk\/wp-json\/wp\/v2\/post_formats?post=57192"},{"taxonomy":"author","embeddable":true,"href":"https:\/\/www.pulse-z.eu\/sk\/wp-json\/wp\/v2\/coauthors?post=57192"}],"curies":[{"name":"wp","href":"https:\/\/api.w.org\/{rel}","templated":true}]}}