{"id":55601,"date":"2025-10-06T13:23:41","date_gmt":"2025-10-06T13:23:41","guid":{"rendered":"https:\/\/www.pulse-z.eu\/from-buzzword-to-blueprint-youth-power-at-the-osce-with-assel-murat\/"},"modified":"2025-10-06T13:28:32","modified_gmt":"2025-10-06T13:28:32","slug":"od-modneho-vyrazu-k-planu-sila-mladeze-v-obse-s-asselom-muratom","status":"publish","type":"post","link":"https:\/\/www.pulse-z.eu\/sk\/od-modneho-vyrazu-k-planu-sila-mladeze-v-obse-s-asselom-muratom\/","title":{"rendered":"Od m\u00f3dneho v\u00fdrazu k pl\u00e1nu: Sila ml\u00e1de\u017ee v OBSE s Asselom Muratom"},"content":{"rendered":"\n<p><iframe title=\"Spotify Embed: Od m\u00f3dneho slova k pl\u00e1nu: Sila ml\u00e1de\u017ee v OBSE s Asselom Muratom\" style=\"border-radius: 12px\" width=\"100%\" height=\"152\" frameborder=\"0\" allowfullscreen allow=\"autoplay; clipboard-write; encrypted-media; fullscreen; picture-in-picture\" loading=\"lazy\" src=\"https:\/\/open.spotify.com\/embed\/episode\/3w0jf59Vsp6XcViL9laMCx?si=vZWE0Sw_TtibJN4_4tRqGw&#038;utm_source=oembed\"><\/iframe><\/p>\n<\/p>\n<p><span style=\"font-weight: 400;\">Ako vyzer\u00e1 skuto\u010dn\u00e9 zapojenie ml\u00e1de\u017ee do medzin\u00e1rodnej diplomacie? V tejto epiz\u00f3de Vox Civica sa k n\u00e1m prip\u00e1ja Assel Murat, koordin\u00e1tor portf\u00f3lia <a href=\"https:\/\/www.osce.org\/youth\" target=\"_blank\" rel=\"noopener\">ml\u00e1de\u017ee<\/a> v OBSE, aby sme presk\u00famali, ako najv\u00e4\u010d\u0161ia region\u00e1lna bezpe\u010dnostn\u00e1 organiz\u00e1cia na svete presahuje symbolick\u00e9 gest\u00e1 \u2013 a smeruje k \u0161truktur\u00e1lnej \u00fa\u010dasti.<\/span><\/p>\n<p> <span style=\"font-weight: 400;\">Ponor\u00edme sa do toho, ako OBSE zap\u00e1ja ml\u00e1de\u017e do svojich oper\u00e1ci\u00ed, ak\u00fd je vplyv Skupiny mlad\u00fdch expertov a ak\u00fa \u00falohu m\u00e1 Skupina priate\u013eov pre ml\u00e1de\u017e a bezpe\u010dnos\u0165 pri vytv\u00e1ran\u00ed politickej v\u00f4le. Assel n\u00e1s prevedie in\u0161titucion\u00e1lnymi r\u00e1mcami, v\u00fdzvami prechodu od symbolick\u00e9ho pr\u00edstupu k spolo\u010dnej tvorbe a ako v praxi vyzer\u00e1 \u00faspech.<\/span><\/p>\n<p> <span style=\"font-weight: 400;\">Od politick\u00fdch prerok\u00favan\u00ed a\u017e po programy budovania mieru, mlad\u00ed \u013eudia nie s\u00fa len bud\u00facnos\u0165ou \u2013 formuj\u00fa pr\u00edtomnos\u0165.<\/span><\/p>\n<p> <span style=\"font-weight: 400;\">Zistite viac kliknut\u00edm na t\u00fato konverz\u00e1ciu!<\/span><\/p>\n<p> <span style=\"font-weight: 400;\">\ud83c\udf99\ufe0f Moderuje <a href=\"https:\/\/www.linkedin.com\/in\/georgios-karagiorgos-400a74251\/\" target=\"_blank\" rel=\"noopener\">Georgios Karagiorgos<\/a><\/span><\/p>\n<p><span style=\"font-weight: 400;\"><strong>O hos\u0165ovi<br \/><\/strong><br \/> <a href=\"https:\/\/www.linkedin.com\/in\/assel-murat1\/\" target=\"_blank\" rel=\"noopener\">Assel Murat<\/a> je koordin\u00e1torkou portf\u00f3lia ml\u00e1de\u017ee v sekretari\u00e1te OBSE vo Viedni. M\u00e1 viac ako \u0161es\u0165 rokov progres\u00edvnych sk\u00fasenost\u00ed v oblasti riadenia projektov so zameran\u00edm na \u013eudsk\u00e9 pr\u00e1va, rodov\u00fa rovnos\u0165, ml\u00e1de\u017e, slobodu m\u00e9di\u00ed a pr\u00e1vny \u0161t\u00e1t. P\u00f4sobila aj ako projektov\u00e1 mana\u017e\u00e9rka a v\u00fdskumn\u00ed\u010dka v oblasti \u013eudsk\u00fdch pr\u00e1v v medzin\u00e1rodn\u00fdch organiz\u00e1ci\u00e1ch a organiz\u00e1ci\u00e1ch ob\u010dianskej spolo\u010dnosti a think-tankoch v Strednej \u00c1zii.<\/span><\/p>\n","protected":false},"excerpt":{"rendered":"<p>Ako vyzer\u00e1 skuto\u010dn\u00e9 zapojenie ml\u00e1de\u017ee do medzin\u00e1rodnej diplomacie? V tejto epiz\u00f3de Vox Civica sa k n\u00e1m prip\u00e1ja Assel Murat, koordin\u00e1tor portf\u00f3lia ml\u00e1de\u017ee v OBSE, aby sme presk\u00famali, ako najv\u00e4\u010d\u0161ia region\u00e1lna bezpe\u010dnostn\u00e1 organiz\u00e1cia na svete presahuje [&hellip;]<\/p>\n","protected":false},"author":355,"featured_media":54379,"comment_status":"closed","ping_status":"closed","sticky":false,"template":"","format":"standard","meta":{"_acf_changed":false,"footnotes":""},"categories":[722,727,665,571],"tags":[2105,3745,12774,12775,12776,1514,12777,4181,12778,12779,12780,12781,12782,12783,3087,12784,5017,12785,12786,11133],"post_formats":[773],"coauthors":[4037],"class_list":["post-55601","post","type-post","status-publish","format-standard","has-post-thumbnail","hentry","category-aktualne-dianie","category-mladez","category-spajanie-bodiek","category-vseobecne","tag-civic-engagement-sk","tag-democracy-sk","tag-global-governance-sk","tag-international-diplomacy-sk","tag-international-organizations-sk","tag-osce-sk","tag-peacebuilding-sk","tag-podcast-sk","tag-policy-making-sk","tag-public-diplomacy-sk","tag-structural-participation-sk","tag-tokenism-vs-co-creation-sk","tag-vox-civica-sk","tag-young-experts-sk","tag-youth-activism-sk","tag-youth-and-security-sk","tag-youth-engagement-sk","tag-youth-in-diplomacy-sk","tag-youth-leadership-sk","tag-youth-participation-sk","post_formats-podcast-sk"],"acf":[],"_links":{"self":[{"href":"https:\/\/www.pulse-z.eu\/sk\/wp-json\/wp\/v2\/posts\/55601","targetHints":{"allow":["GET"]}}],"collection":[{"href":"https:\/\/www.pulse-z.eu\/sk\/wp-json\/wp\/v2\/posts"}],"about":[{"href":"https:\/\/www.pulse-z.eu\/sk\/wp-json\/wp\/v2\/types\/post"}],"author":[{"embeddable":true,"href":"https:\/\/www.pulse-z.eu\/sk\/wp-json\/wp\/v2\/users\/355"}],"replies":[{"embeddable":true,"href":"https:\/\/www.pulse-z.eu\/sk\/wp-json\/wp\/v2\/comments?post=55601"}],"version-history":[{"count":13,"href":"https:\/\/www.pulse-z.eu\/sk\/wp-json\/wp\/v2\/posts\/55601\/revisions"}],"predecessor-version":[{"id":55652,"href":"https:\/\/www.pulse-z.eu\/sk\/wp-json\/wp\/v2\/posts\/55601\/revisions\/55652"}],"wp:featuredmedia":[{"embeddable":true,"href":"https:\/\/www.pulse-z.eu\/sk\/wp-json\/wp\/v2\/media\/54379"}],"wp:attachment":[{"href":"https:\/\/www.pulse-z.eu\/sk\/wp-json\/wp\/v2\/media?parent=55601"}],"wp:term":[{"taxonomy":"category","embeddable":true,"href":"https:\/\/www.pulse-z.eu\/sk\/wp-json\/wp\/v2\/categories?post=55601"},{"taxonomy":"post_tag","embeddable":true,"href":"https:\/\/www.pulse-z.eu\/sk\/wp-json\/wp\/v2\/tags?post=55601"},{"taxonomy":"post_formats","embeddable":true,"href":"https:\/\/www.pulse-z.eu\/sk\/wp-json\/wp\/v2\/post_formats?post=55601"},{"taxonomy":"author","embeddable":true,"href":"https:\/\/www.pulse-z.eu\/sk\/wp-json\/wp\/v2\/coauthors?post=55601"}],"curies":[{"name":"wp","href":"https:\/\/api.w.org\/{rel}","templated":true}]}}