{"id":47814,"date":"2025-09-11T16:22:17","date_gmt":"2025-09-11T16:22:17","guid":{"rendered":"https:\/\/www.pulse-z.eu\/it-all-starts-in-preschool\/"},"modified":"2025-09-17T07:40:03","modified_gmt":"2025-09-17T07:40:03","slug":"vsetko-sa-to-zacina-v-predskolskom-veku","status":"publish","type":"post","link":"https:\/\/www.pulse-z.eu\/sk\/vsetko-sa-to-zacina-v-predskolskom-veku\/","title":{"rendered":"\u201eV\u0161etko sa to za\u010d\u00edna v pred\u0161kolskom veku\u201c"},"content":{"rendered":"\n<p><span style=\"font-weight: 400;\">Across the European Union, migrant children still face significant obstacles when it comes to accessing quality early childhood education and care (<a href=\"https:\/\/education.ec.europa.eu\/education-levels\/early-childhood-education-and-care\/about-early-childhood-education-and-care\" target=\"_blank\" rel=\"noopener\">ECEC<\/a>). Yet studies show that this early stage of learning is exactly where investments can have the biggest payoff \u2013 not just for children, but for society as a whole.<\/span><\/p>\n<h3><b>Barriers to access: why many migrant children are left behind<\/b><\/h3>\n<p><span style=\"font-weight: 400;\">Migrant families across the EU face a number of hurdles that limit their access to early education. According to the OECD\u2019s 2025 report <\/span><span style=\"font-weight: 400;\">\u201cReducing Inequality through Investment in <\/span><a href=\"https:\/\/education.ec.europa.eu\/education-levels\/early-childhood-education-and-care\" target=\"_blank\" rel=\"noopener\"><span style=\"font-weight: 400;\">Early Childhood Education and Care<\/span><\/a><span style=\"font-weight: 400;\">\u201d<\/span><span style=\"font-weight: 400;\">, both personal and institutional factors shape whether or not migrant children can attend preschool or daycare.<\/span><\/p>\n<p><span style=\"font-weight: 400;\">There are some direct barriers \u2013 not enough available spots in kindergartens, financial difficulties, or staff shortages in local areas. But indirect barriers can be just as limiting: complicated administrative procedures, lack of clear information about available services, or low levels of trust in education institutions.<\/span><\/p>\n<p><span style=\"font-weight: 400;\">In some communities, cultural and language norms may also discourage parents from using ECEC services or limit their understanding of how important early education is for their child\u2019s development.<\/span><\/p>\n<h3><b>Investing early, saving later<\/b><\/h3>\n<p><span style=\"font-weight: 400;\">From a public policy perspective, low enrolment of migrant children in early education can lead to major long-term costs. As the OECD notes, lack of access at an early stage often leads to a higher need for costly catch-up education and more extensive social support later in life.<\/span><\/p>\n<p><span style=\"font-weight: 400;\">But there are simple, targeted actions that can help prevent this \u2013 like helping parents with the registration process, providing multilingual materials, or strengthening the presence of institutions in local communities.<\/span><\/p>\n<p><span style=\"font-weight: 400;\">Finland offers a great example. Research shows that integrating migrant children through play and early language learning not only improves their school readiness, but also encourages parents to become more involved in their local education systems. ECEC, then, becomes the first step toward true social inclusion.<\/span><\/p>\n<h3><b>Teachers and carers need better support<\/b><\/h3>\n<p><span style=\"font-weight: 400;\">For integration policies to work, it\u2019s not enough to just focus on children \u2013 the adults who care for and teach them need support, too. A 2023 report by <a href=\"https:\/\/education-socioeconomic-experts.ec.europa.eu\/network-experts-social-dimension-education-and-training-neset_en\" target=\"_blank\" rel=\"noopener\">NESET<\/a> (Network of Experts on the Social Dimension of Education and Training), prepared for the European Commission, highlights the key role of teachers and caregivers in successful early integration.<\/span><\/p>\n<p><span style=\"font-weight: 400;\">This means equipping them not only with solid pedagogical skills, but also with intercultural understanding, multilingual communication strategies, and tools for working with families from different social backgrounds. Unfortunately, in many EU countries, staff in early childhood education lack adequate training opportunities or teaching materials tailored to diverse settings.<\/span><\/p>\n<h3><b>Tools and good practices: what the EU is doing<\/b><\/h3>\n<p><span style=\"font-weight: 400;\">As part of its <\/span><a href=\"https:\/\/op.europa.eu\/en\/publication-detail\/-\/publication\/bb47d489-a2b1-11eb-9585-01aa75ed71a1\" target=\"_blank\" rel=\"noopener\"><span style=\"font-weight: 400;\">2021\u20132027 Action Plan on Integration and Inclusion<\/span><\/a><span style=\"font-weight: 400;\">, the European Commission published a <\/span><span style=\"font-weight: 400;\">Toolkit for Inclusive Early Childhood Education and Care<\/span><span style=\"font-weight: 400;\">. This resource provides concrete guidance and good practices, adapted to local contexts, and covers the needs of all migrant children \u2013 including those with additional support requirements.<\/span><\/p>\n<p><span style=\"font-weight: 400;\">The toolkit is not only practical for institutions but also aims to harmonise standards across the EU. Meanwhile, across member states, grassroots initiatives show how flexibility and community involvement can lead to real impact.<\/span><\/p>\n<p><span style=\"font-weight: 400;\">In Germany, the <\/span><a href=\"https:\/\/www.berlin.de\/sen\/jugend\/familie-und-kinder\/familienfoerderung\/stadtteilmuetter\/\" target=\"_blank\" rel=\"noopener\"><span style=\"font-weight: 400;\">Stadtteilm\u00fctter<\/span><span style=\"font-weight: 400;\"> (Neighbourhood Mothers)<\/span><\/a><span style=\"font-weight: 400;\"> project trains migrant women to work in their own communities, helping other families navigate the process of enrolling their children in education. The programme has reached 15 language groups and carried out over 15,000 home visits.<\/span><\/p>\n<p><span style=\"font-weight: 400;\">Since 2004, Berlin has run the <\/span><a href=\"https:\/\/home-affairs.ec.europa.eu\/news\/supporting-migrant-childrens-access-early-childhood-education-and-care-eu-2025-07-16_en\" target=\"_blank\" rel=\"noopener\"><span style=\"font-weight: 400;\">Bridging Diversity<\/span><\/a><span style=\"font-weight: 400;\"> teaching programme, which helps educators foster inclusion and respect for diversity in everyday classroom life. This approach strengthens peer relationships and tackles exclusion from an early age.<\/span><\/p>\n<p><span style=\"font-weight: 400;\">In Denmark, the <\/span><a href=\"https:\/\/www.kringlebakken.dk\/\" target=\"_blank\" rel=\"noopener\"><span style=\"font-weight: 400;\">Kringlebakken<\/span><\/a><span style=\"font-weight: 400;\"> project \u2013 largely funded by the City of Copenhagen \u2013 provides a playful and educational space for children under 3 and their mothers, helping them transition smoothly into the formal preschool system.<\/span><\/p>\n<p><span style=\"font-weight: 400;\">In France, <\/span><a href=\"https:\/\/www.anvita.fr\/\" target=\"_blank\" rel=\"noopener\"><span style=\"font-weight: 400;\">ANVITA<\/span><\/a><span style=\"font-weight: 400;\"> \u2013 a network of 76 municipalities and regions \u2013 works to promote \u201cwelcoming policies\u201d and has formed a working group focused on education. One of its goals is to increase access to compulsory early education for migrant children.<\/span><\/p>\n<p><span style=\"font-weight: 400;\">Finally, Finland\u2019s <\/span><a href=\"https:\/\/www.turunvalkonauha.fi\/\" target=\"_blank\" rel=\"noopener\"><span style=\"font-weight: 400;\">Turun Valkonauha<\/span><\/a><span style=\"font-weight: 400;\"> Centre offers comprehensive support for migrant families, combining education with health and social care. With the help of professional therapists, this holistic approach is helping more children participate in early childhood education and care \u2013 building a foundation for long-term integration and well-being.<\/span><\/p>\n<h3><b>Conclusion: inclusion starts early<\/b><\/h3>\n<p><span style=\"font-weight: 400;\">Whether it\u2019s language skills, social bonding, or parental involvement, the benefits of early childhood education are clear \u2013 e<\/span><span style=\"font-weight: 400;\">specially for migrant families. If the EU wants to build stronger, more cohesive communities, the path starts not in high schools or job markets, but much earlier \u2013 in classrooms filled with blocks, picture books, and curious little learners.<\/span><\/p>\n","protected":false},"excerpt":{"rendered":"<p>Across the European Union, migrant children still face significant obstacles when it comes to accessing quality early childhood education and care (ECEC). Yet studies show that this early stage of learning is exactly where investments [&hellip;]<\/p>\n","protected":false},"author":158,"featured_media":36417,"comment_status":"closed","ping_status":"closed","sticky":false,"template":"","format":"standard","meta":{"_acf_changed":false,"footnotes":""},"categories":[721],"tags":[10804,10805,10806,10807,10808,10809,9386,4805,10810,10811,10812,10813,10814,10815,2917,10816,10817,10818,7097,10819],"post_formats":[673],"coauthors":[3870],"class_list":["post-47814","post","type-post","status-publish","format-standard","has-post-thumbnail","hentry","category-kulturne-dedicstvo","tag-community-programs-sk","tag-diversity-in-education-sk","tag-early-childhood-education-sk","tag-ecec-sk","tag-education-access-sk","tag-equal-opportunities-sk","tag-eu-initiatives-sk","tag-eu-policy-sk","tag-inclusion-toolkit-sk","tag-inclusive-education-sk","tag-integration-sk","tag-intercultural-education-sk","tag-migrant-children-sk","tag-migrant-families-sk","tag-migration-sk","tag-neset-sk","tag-oecd-sk","tag-preschool-sk","tag-social-cohesion-sk","tag-social-inclusion-sk","post_formats-clanky"],"acf":[],"_links":{"self":[{"href":"https:\/\/www.pulse-z.eu\/sk\/wp-json\/wp\/v2\/posts\/47814","targetHints":{"allow":["GET"]}}],"collection":[{"href":"https:\/\/www.pulse-z.eu\/sk\/wp-json\/wp\/v2\/posts"}],"about":[{"href":"https:\/\/www.pulse-z.eu\/sk\/wp-json\/wp\/v2\/types\/post"}],"author":[{"embeddable":true,"href":"https:\/\/www.pulse-z.eu\/sk\/wp-json\/wp\/v2\/users\/158"}],"replies":[{"embeddable":true,"href":"https:\/\/www.pulse-z.eu\/sk\/wp-json\/wp\/v2\/comments?post=47814"}],"version-history":[{"count":7,"href":"https:\/\/www.pulse-z.eu\/sk\/wp-json\/wp\/v2\/posts\/47814\/revisions"}],"predecessor-version":[{"id":47821,"href":"https:\/\/www.pulse-z.eu\/sk\/wp-json\/wp\/v2\/posts\/47814\/revisions\/47821"}],"wp:featuredmedia":[{"embeddable":true,"href":"https:\/\/www.pulse-z.eu\/sk\/wp-json\/wp\/v2\/media\/36417"}],"wp:attachment":[{"href":"https:\/\/www.pulse-z.eu\/sk\/wp-json\/wp\/v2\/media?parent=47814"}],"wp:term":[{"taxonomy":"category","embeddable":true,"href":"https:\/\/www.pulse-z.eu\/sk\/wp-json\/wp\/v2\/categories?post=47814"},{"taxonomy":"post_tag","embeddable":true,"href":"https:\/\/www.pulse-z.eu\/sk\/wp-json\/wp\/v2\/tags?post=47814"},{"taxonomy":"post_formats","embeddable":true,"href":"https:\/\/www.pulse-z.eu\/sk\/wp-json\/wp\/v2\/post_formats?post=47814"},{"taxonomy":"author","embeddable":true,"href":"https:\/\/www.pulse-z.eu\/sk\/wp-json\/wp\/v2\/coauthors?post=47814"}],"curies":[{"name":"wp","href":"https:\/\/api.w.org\/{rel}","templated":true}]}}