{"id":31757,"date":"2025-07-20T23:09:27","date_gmt":"2025-07-20T23:09:27","guid":{"rendered":"https:\/\/www.pulse-z.eu\/overtourism-mediterranean-backlash\/"},"modified":"2025-07-20T23:10:30","modified_gmt":"2025-07-20T23:10:30","slug":"nadmerny-turizmus-ako-fenomen-alebo-co-znamena-zit-v-sklenenej-vitrine","status":"publish","type":"post","link":"https:\/\/www.pulse-z.eu\/sk\/nadmerny-turizmus-ako-fenomen-alebo-co-znamena-zit-v-sklenenej-vitrine\/","title":{"rendered":"Nadmern\u00fd turizmus ako fenom\u00e9n alebo \u010do znamen\u00e1 \u017ei\u0165 v sklenenej vitr\u00edne"},"content":{"rendered":"<br \/>\n<h3><b><i>\u201cYour Holidays, My Misery\u201d<\/i><\/b><\/h3>\n<p><span style=\"font-weight: 400;\">Presumably, if you were a nobleman in 17th-century Western Europe, you would want to test your instincts and experience the <\/span><a href=\"https:\/\/www.britannica.com\/topic\/grand-tour\" target=\"_blank\" rel=\"noopener\"><span style=\"font-weight: 400;\">adventure of the south<\/span><\/a><span style=\"font-weight: 400;\"> for educational reasons (sic). If, on the other hand, you were wealthy in the 19th century, you would probably take part in <\/span><a href=\"https:\/\/en.wikipedia.org\/wiki\/Thomas_Cook\" target=\"_blank\" rel=\"noopener\"><span style=\"font-weight: 400;\">Thomas Cook&#8217;s<\/span><\/a><span style=\"font-weight: 400;\"> (Thomas Cook was a 19th-century British pioneer of mass tourism, organizing the first affordable package tours across Europe) organised group excursions. And if we are talking about more recent years, after the Second World War you would have experienced the explosive growth of seaside tourism in the Mediterranean. Tourism has always been associated with the promise of escape and enjoyment. However, the transition from \u201ctravel as a privilege\u201d to \u201ctravel as a right\u201d gradually led to mass tourism, a globalised experience that today not only transforms local economies but also reshapes the very social and urban fabric of host cities <\/span><a href=\"https:\/\/www.europeana.eu\/en\/stories\/travelling-for-pleasure-a-brief-history-of-tourism\" target=\"_blank\" rel=\"noopener\"><span style=\"font-weight: 400;\">(8).<\/span><\/a><\/p>\n<p>&nbsp;<\/p>\n<div id=\"attachment_27950\" style=\"width: 575px\" class=\"wp-caption aligncenter\"><img aria-describedby=\"caption-attachment-27950\" loading=\"lazy\" decoding=\"async\" class=\" wp-image-27950\" src=\"https:\/\/www.pulse-z.eu\/wp-content\/uploads\/2025\/06\/2c2w5cf-1-1969x1394-1.jpg\" alt=\"\" width=\"565\" height=\"400\" srcset=\"https:\/\/www.pulse-z.eu\/wp-content\/uploads\/2025\/06\/2c2w5cf-1-1969x1394-1.jpg 1969w, https:\/\/www.pulse-z.eu\/wp-content\/uploads\/2025\/06\/2c2w5cf-1-1969x1394-1-768x544.jpg 768w, https:\/\/www.pulse-z.eu\/wp-content\/uploads\/2025\/06\/2c2w5cf-1-1969x1394-1-1536x1087.jpg 1536w\" sizes=\"auto, (max-width: 565px) 100vw, 565px\" \/><\/p>\n<p id=\"caption-attachment-27950\" class=\"wp-caption-text\">British Gentlemen on a Grand Tour in Rome circa 1750 \u00a9 incamerastock and Alamy Stock Photo.<\/p>\n<\/div>\n<p>&nbsp;<\/p>\n<p><span style=\"font-weight: 400;\">In June 2025, thousands of residents in Barcelona, Majorca, Lisbon, Venice and other Mediterranean cities took to the streets to protest against the impact of overtourism on their lives: skyrocketing rents, loss of public space, disappearance of local businesses. With slogans such as \u2018Your holiday, my misery,\u2019 residents gave voice to a rage that had been simmering for years \u2014 a reaction not just to tourists, but mainly to a deregulated model of tourism that has excluded them from their own cities <\/span><a href=\"https:\/\/www.theguardian.com\/news\/2025\/jun\/15\/campaigners-mount-coordinated-protests-across-europe-against-touristification\" target=\"_blank\" rel=\"noopener\"><span style=\"font-weight: 400;\">(2)<\/span><\/a><span style=\"font-weight: 400;\">; <\/span><a href=\"https:\/\/www.reuters.com\/world\/protesters-against-overtourism-take-streets-southern-europe-2025-06-15\/\" target=\"_blank\" rel=\"noopener\"><span style=\"font-weight: 400;\">(1)<\/span><\/a><span style=\"font-weight: 400;\">; <\/span><a href=\"https:\/\/www.news247.gr\/kosmos\/diadiloseis-sti-notia-evropi-kata-tou-ipertourismou-oi-diakopes-sas-to-vasano-mou\/\" target=\"_blank\" rel=\"noopener\"><span style=\"font-weight: 400;\">(4)<\/span><\/a><span style=\"font-weight: 400;\">.<\/span><\/p>\n<p>&nbsp;<\/p>\n<p> Spain on Fire <\/p>\n<p><span style=\"font-weight: 400;\">Barcelona was once a model of \u2018alternative tourism\u2019 and sustainable urban development, but today it is at the heart of Mediterranean resistance to overtourism. On 15 June 2025, protesters flooded the streets of the Catalan capital, holding banners with slogans such as <\/span><i><span style=\"font-weight: 400;\">\u2018Your tourism model is driving us away\u2019<\/span><\/i><span style=\"font-weight: 400;\"> and <\/span><i><span style=\"font-weight: 400;\">\u2018Barcelona is not for sale\u2019<\/span><\/i><span style=\"font-weight: 400;\">. These demonstrations were part of a wider Europe-wide wave of protests against \u2018touristification\u2019, a term that now signifies the loss of public space, the displacement of residents from their homes, and the transformation of historic centres into theme parks for visitors <\/span><a href=\"https:\/\/www.theguardian.com\/news\/2025\/jun\/15\/campaigners-mount-coordinated-protests-across-europe-against-touristification\" target=\"_blank\" rel=\"noopener\"><span style=\"font-weight: 400;\">(2)<\/span><\/a><span style=\"font-weight: 400;\">; <\/span><a href=\"https:\/\/www.reuters.com\/world\/protesters-against-overtourism-take-streets-southern-europe-2025-06-15\/\" target=\"_blank\" rel=\"noopener\"><span style=\"font-weight: 400;\">(1)<\/span><\/a><span style=\"font-weight: 400;\">.<\/span><\/p>\n<p><span style=\"font-weight: 400;\">Under pressure from the protests, the local government responded institutionally: Mayor Ada Colau had previously imposed restrictions on short-term rentals, but the latest decisions were characterised by more drastic measures, with the abolition of all short-term tourist rental licences \u2013 such as those through Airbnb \u2013 until 2028, in an effort to return 10,000 apartments to long-term residential status. This measure was considered radical but necessary, as residents face unaffordable rent increases and the ongoing commercialisation of their urban space <\/span><a href=\"https:\/\/news.sky.com\/story\/anti-tourism-protests-break-out-in-spain-italy-and-portugal-13384020\" target=\"_blank\" rel=\"noopener\"><span style=\"font-weight: 400;\">(3)<\/span><\/a><span style=\"font-weight: 400;\">; <\/span><a href=\"https:\/\/www.theguardian.com\/news\/2025\/jun\/15\/campaigners-mount-coordinated-protests-across-europe-against-touristification\" target=\"_blank\" rel=\"noopener\"><span style=\"font-weight: 400;\">(2)<\/span><\/a><span style=\"font-weight: 400;\">. However, for many, this intervention seems long overdue, as everyday life already feels unbearable <\/span><a href=\"https:\/\/www.reuters.com\/world\/protesters-against-overtourism-take-streets-southern-europe-2025-06-15\/\" target=\"_blank\" rel=\"noopener\"><span style=\"font-weight: 400;\">(1)<\/span><\/a><span style=\"font-weight: 400;\">.<\/span><\/p>\n<div id=\"attachment_27926\" style=\"width: 601px\" class=\"wp-caption aligncenter\"><img aria-describedby=\"caption-attachment-27926\" loading=\"lazy\" decoding=\"async\" class=\" wp-image-27926\" src=\"https:\/\/www.pulse-z.eu\/wp-content\/uploads\/2025\/06\/barcelona-ypertourismos-full.webp\" alt=\"AP Photo\/Pau Venteo\" width=\"591\" height=\"394\" srcset=\"https:\/\/www.pulse-z.eu\/wp-content\/uploads\/2025\/06\/barcelona-ypertourismos-full.webp 1920w, https:\/\/www.pulse-z.eu\/wp-content\/uploads\/2025\/06\/barcelona-ypertourismos-full-768x512.webp 768w, https:\/\/www.pulse-z.eu\/wp-content\/uploads\/2025\/06\/barcelona-ypertourismos-full-1536x1023.webp 1536w\" sizes=\"auto, (max-width: 591px) 100vw, 591px\" \/><\/p>\n<p id=\"caption-attachment-27926\" class=\"wp-caption-text\">AP Photo\/Pau Venteo<\/p>\n<\/div>\n<p><span style=\"font-weight: 400;\">The situation in Spain is also illustrated by Leah Pattem&#8217;s emphatic account of how her neighbourhood in Lavapi\u00e9s, Madrid, has been transformed from a community of immigrants and students into a field of fierce exploitation, with hotels charging \u20ac250 per night and old houses being offered as luxury short-term rentals. According to estimates, more than 15,000 illegal tourist apartments are registered in the Spanish capital alone <\/span><a href=\"https:\/\/www.theguardian.com\/commentisfree\/2025\/jun\/18\/europe-tourism-protests-travel-visitors\" target=\"_blank\" rel=\"noopener\"><span style=\"font-weight: 400;\">(5)<\/span><\/a><span style=\"font-weight: 400;\">.<\/span><\/p>\n<p><span style=\"font-weight: 400;\">Although the Spanish national government is trying to regulate rents and build social housing, the regional administration of Madrid, under the People&#8217;s Party, refuses to designate areas as \u2018high-intensity zones,\u2019 effectively blocking interventions. At the same time, recent urban planning regulations by the municipality allow entire buildings to be converted exclusively into tourist accommodation, deepening the housing crisis that also affects low- and middle-income visitors <\/span><a href=\"https:\/\/www.theguardian.com\/commentisfree\/2025\/jun\/18\/europe-tourism-protests-travel-visitors\" target=\"_blank\" rel=\"noopener\"><span style=\"font-weight: 400;\">(5)<\/span><\/a><span style=\"font-weight: 400;\">.<\/span><\/p>\n<p> Is Athens the new Capital of overtourism? <\/p>\n<p><span style=\"font-weight: 400;\">Athens was rarely included in discussions about overtourism in the Mediterranean, but it now ranks among an informal list of cities that are gradually losing their liveability. The increase in visitor arrivals in recent years has been accompanied by a proliferation of short-term rentals, a radical reshaping of the urban landscape and a silent but sweeping displacement of permanent residents. Elpida, a student at the National and Kapodistrian University of Athens, who has been living in Pagrati for the past three years, describes with dissatisfaction the changes she experiences on a daily basis:\u00a0<\/span><\/p>\n<blockquote>\n<p style=\"text-align: center;\"><em><span style=\"font-weight: 400;\">\u201cRents are now unaffordable for a student, while the small shops that gave the neighbourhood its character have been replaced by concept stores and coffee shops full of tourists\u201d.<\/span><\/em><\/p>\n<\/blockquote>\n<p><span style=\"font-weight: 400;\">The tourism boom in Athens \u2013 with subsidised branding campaigns, marketing strategies and incentives for investors \u2013 has been accompanied by an almost uncontrolled expansion of Airbnb, leading to a new phase of urban gentrification. Exarchia, Metaxourgeio, and even Koukaki \u2013 formerly \u2018anti-establishment\u2019 enclaves or run-down neighbourhoods \u2013 have been transformed into hot spots for digital nomads, real estate investors, and \u2018experience tourists\u2019 <\/span><a href=\"https:\/\/www.lifo.gr\/stiles\/optiki-gonia\/syntomos-odigos-athinaikoy-gentrification\" target=\"_blank\" rel=\"noopener\"><span style=\"font-weight: 400;\">(7)<\/span><\/a><span style=\"font-weight: 400;\">. All these factors have contributed to a rapid increase in rents, while public spaces are being aesthetically and functionally remodelled to meet the needs of visitors rather than residents.<\/span><\/p>\n<div id=\"attachment_27934\" style=\"width: 578px\" class=\"wp-caption aligncenter\"><img aria-describedby=\"caption-attachment-27934\" loading=\"lazy\" decoding=\"async\" class=\" wp-image-27934\" src=\"https:\/\/www.pulse-z.eu\/wp-content\/uploads\/2025\/06\/barbare-kacharava-L82j3EQVRhE-unsplash-scaled.jpg\" alt=\"Photo by Barbare Kacharava on Unsplash\" width=\"568\" height=\"377\" srcset=\"https:\/\/www.pulse-z.eu\/wp-content\/uploads\/2025\/06\/barbare-kacharava-L82j3EQVRhE-unsplash-scaled.jpg 2560w, https:\/\/www.pulse-z.eu\/wp-content\/uploads\/2025\/06\/barbare-kacharava-L82j3EQVRhE-unsplash-768x509.jpg 768w, https:\/\/www.pulse-z.eu\/wp-content\/uploads\/2025\/06\/barbare-kacharava-L82j3EQVRhE-unsplash-1536x1018.jpg 1536w, https:\/\/www.pulse-z.eu\/wp-content\/uploads\/2025\/06\/barbare-kacharava-L82j3EQVRhE-unsplash-2048x1358.jpg 2048w\" sizes=\"auto, (max-width: 568px) 100vw, 568px\" \/><\/p>\n<p id=\"caption-attachment-27934\" class=\"wp-caption-text\">Photo by Barbare Kacharava on Unsplash<\/p>\n<\/div>\n<p><span style=\"font-weight: 400;\">Dimitris, an archaeologist and resident of Exarchia, touches on a less obvious but deeply fundamental dimension of the crisis:\u00a0<\/span><\/p>\n<blockquote>\n<p style=\"text-align: center;\"><em>\u201cYou know, when you see the neighbourhoods you\u2019ve studied for years turning into tourist backdrops, it really hits you. It feels like the city\u2019s layers, its history, are just being wiped away. Sure, the building facades are still there, mostly for some Instagram post, but behind them? There\u2019s nothing left. Tourism\u2019s sucking out the very thing that gave the city its soul\u2014the messy,the beautiful diversity. Now it\u2019s just rentals and visitors who come and go.\u201d<\/em><\/p>\n<\/blockquote>\n<p><span style=\"font-weight: 400;\">Tourism in Athens took place without spatial planning and without social compensatory measures. The result is a reproduction of inequalities, with the tourism economy acting as a catalyst for class restructuring. At the same time, the social fabric is being torn apart, as permanent residents are leaving the historic centre and urban landmarks are being replaced by photogenic landmarks. Athens is in danger of being transformed from a vibrant capital into a \u201ctheatre\u201d of its own identity, made for others, not for the people who built it <\/span><a href=\"https:\/\/www.news247.gr\/magazine\/reportage\/thelo-na-patiso-ena-koumpi-kai-na-exafaniso-tous-touristes\/\" target=\"_blank\" rel=\"noopener\"><span style=\"font-weight: 400;\">(6)<\/span><\/a><span style=\"font-weight: 400;\">.<\/span><\/p>\n<p>&nbsp;<\/p>\n<div id=\"attachment_27960\" style=\"width: 472px\" class=\"wp-caption aligncenter\"><img aria-describedby=\"caption-attachment-27960\" loading=\"lazy\" decoding=\"async\" class=\" wp-image-27960\" src=\"https:\/\/www.pulse-z.eu\/wp-content\/uploads\/2025\/06\/Heat-map.png\" alt=\"\" width=\"462\" height=\"462\" srcset=\"https:\/\/www.pulse-z.eu\/wp-content\/uploads\/2025\/06\/Heat-map.png 1620w, https:\/\/www.pulse-z.eu\/wp-content\/uploads\/2025\/06\/Heat-map-150x150.png 150w, https:\/\/www.pulse-z.eu\/wp-content\/uploads\/2025\/06\/Heat-map-768x768.png 768w, https:\/\/www.pulse-z.eu\/wp-content\/uploads\/2025\/06\/Heat-map-1536x1536.png 1536w\" sizes=\"auto, (max-width: 462px) 100vw, 462px\" \/><\/p>\n<p id=\"caption-attachment-27960\" class=\"wp-caption-text\">Credits: Table: Yorgos Karagiorgos<br \/>Data source: City of Athens, Results of the Carrying Capacity Study on Tourism in Athens, published on December 19, 2024, 16:00, City of Athens.<\/p>\n<\/div>\n<p>&nbsp;<\/p>\n<p><span style=\"font-weight: 400;\">\u00a0<\/span><\/p>\n<h3><b>The Mediterranean in Search of Coexistence<\/b><\/h3>\n<p><span style=\"font-weight: 400;\">A new social divide is emerging in the streets, on balconies and in urban planning decisions, and that is the right to \u201clive\u201d versus the right to \u201cvisit\u201d. The voices of residents rebelling against overtourism do not reject the concept of hospitality \u2013 they reject the model that distorts it. Tourism is not the enemy; it becomes the enemy when it is stripped of the political and institutional guarantees that would allow it to coexist with local communities <\/span><a href=\"https:\/\/www.theguardian.com\/commentisfree\/2025\/jun\/18\/europe-tourism-protests-travel-visitors\" target=\"_blank\" rel=\"noopener\"><span style=\"font-weight: 400;\">(5)<\/span><\/a><span style=\"font-weight: 400;\">; <\/span><a href=\"https:\/\/www.news247.gr\/magazine\/reportage\/thelo-na-patiso-ena-koumpi-kai-na-exafaniso-tous-touristes\/\" target=\"_blank\" rel=\"noopener\"><span style=\"font-weight: 400;\">(6)<\/span><\/a><span style=\"font-weight: 400;\">; <\/span><a href=\"https:\/\/www.lifo.gr\/stiles\/optiki-gonia\/syntomos-odigos-athinaikoy-gentrification\" target=\"_blank\" rel=\"noopener\"><span style=\"font-weight: 400;\">(7)<\/span><\/a><span style=\"font-weight: 400;\">.<\/span><\/p>\n<p><span style=\"font-weight: 400;\">The Mediterranean is called upon to rethink itself \u2013 not as an open all-inclusive resort, but as a place of cultural roots, everyday practices and historical continuity. The need for a new \u201csocial contract of hospitality\u201d is more urgent than ever. Such a contract should include:<\/span><\/p>\n<ol>\n<li><span style=\"font-weight: 400;\">An institutional framework to limit short-term rentals, with a clear distinction between tourist and permanent residences.<\/span><\/li>\n<li><span style=\"font-weight: 400;\">Social criteria in urban planning and hotel licensing to avoid overcrowding of visitors in historic or residential centres.<\/span><\/li>\n<li><span style=\"font-weight: 400;\">Investment in affordable tourist infrastructure that does not push visitors towards unregulated platforms.<\/span><\/li>\n<li><span style=\"font-weight: 400;\">Participatory decision-making processes that incorporate the testimonies and needs of local communities.<\/span><\/li>\n<li><span style=\"font-weight: 400;\">Awareness campaigns, not only for tourists but also for municipal authorities and hospitality businesses, on the concept of mutual sustainability.<\/span><\/li>\n<\/ol>\n<p><span style=\"font-weight: 400;\">The tourism crisis is not just a question of \u201cquantity\u201d \u2013 it is primarily a question of policy quality. If the Mediterranean wants to remain a living place and not a theme park, then it must ensure that \u201cvisiting\u201d does not negate \u201cbelonging\u201d. The irony is that the history of tourism itself has generally been characterised as a tool for knowledge, intercultural exchange and social mobility. Today, however, this historical thread seems to have been violently severed, with the transformation of tourism from a means of contact to an experience export industry bringing about a new colonisation of the space. Re-education is needed, not only for travellers, but also for the policies that define where the visitor&#8217;s gaze stops and where the resident&#8217;s everyday life begins.<\/span><\/p>\n<p><span style=\"font-weight: 400;\">If the nobles of the North once toured the European South as part of the Grand Tour to acquire cultural capital, today&#8217;s mass tourism travellers are not so different: they collect moments and images, turning neighbourhoods into consumable backdrops. Just as the South became an object of appropriation back then, so today it is being emptied of local content,\u00a0 the visitor&#8217;s gaze does not meet the other, but bypasses them. Everyday practices, social interactions, even the tensions of coexistence, evaporate to make way for a sterile representation of the \u201cauthentic\u201d. The tourist experience is transformed into cultural memorabilia, leaving behind silence. If we do not reinvent the meaning of hospitality as a relationship, not as a product then the very concept of place is lost.<\/span><\/p>\n<div id=\"attachment_27918\" style=\"width: 367px\" class=\"wp-caption aligncenter\"><img aria-describedby=\"caption-attachment-27918\" loading=\"lazy\" decoding=\"async\" class=\"wp-image-27918\" src=\"https:\/\/www.pulse-z.eu\/wp-content\/uploads\/2025\/06\/arno-senoner-R6v4JixqcK0-unsplash-scaled.jpg\" alt=\"Photo by Arno Senoner on Unsplash\" width=\"357\" height=\"536\" srcset=\"https:\/\/www.pulse-z.eu\/wp-content\/uploads\/2025\/06\/arno-senoner-R6v4JixqcK0-unsplash-scaled.jpg 1707w, https:\/\/www.pulse-z.eu\/wp-content\/uploads\/2025\/06\/arno-senoner-R6v4JixqcK0-unsplash-768x1152.jpg 768w, https:\/\/www.pulse-z.eu\/wp-content\/uploads\/2025\/06\/arno-senoner-R6v4JixqcK0-unsplash-1024x1536.jpg 1024w, https:\/\/www.pulse-z.eu\/wp-content\/uploads\/2025\/06\/arno-senoner-R6v4JixqcK0-unsplash-1365x2048.jpg 1365w\" sizes=\"auto, (max-width: 357px) 100vw, 357px\" \/><\/p>\n<p id=\"caption-attachment-27918\" class=\"wp-caption-text\">Photo by Arno Senoner on Unsplash<\/p>\n<\/div>\n<h3><b>References<\/b><\/h3>\n<p>&nbsp;<\/p>\n<ol>\n<li><span style=\"font-weight: 400;\">Martinez, G., Cantero, A., &amp; Piovaccari, G. (2025, June 16). <\/span><i><span style=\"font-weight: 400;\">Protesters against overtourism take to the streets of southern Europe<\/span><\/i><span style=\"font-weight: 400;\">. Reuters. <\/span><a href=\"https:\/\/www.reuters.com\/world\/protesters-against-overtourism-take-streets-southern-europe-2025-06-15\/\" target=\"_blank\" rel=\"noopener\"><span style=\"font-weight: 400;\">https:\/\/www.reuters.com\/world\/protesters-against-overtourism-take-streets-southern-europe-2025-06-15\/<\/span><span style=\"font-weight: 400;\"><br \/>\n<\/span><\/a><\/li>\n<li style=\"font-weight: 400;\" aria-level=\"1\"><span style=\"font-weight: 400;\">Kassam, A. (2025, June 15). <\/span><i><span style=\"font-weight: 400;\">Campaigners mount coordinated protests across Europe against \u2018touristification\u2019<\/span><\/i><span style=\"font-weight: 400;\">. The Guardian. <\/span><a href=\"https:\/\/www.theguardian.com\/news\/2025\/jun\/15\/campaigners-mount-coordinated-protests-across-europe-against-touristification\" target=\"_blank\" rel=\"noopener\"><span style=\"font-weight: 400;\">https:\/\/www.theguardian.com\/news\/2025\/jun\/15\/campaigners-mount-coordinated-protests-across-europe-against-touristification<\/span><span style=\"font-weight: 400;\"><br \/>\n<\/span><\/a><\/li>\n<li style=\"font-weight: 400;\" aria-level=\"1\"><span style=\"font-weight: 400;\">Donnelly, D. (2025). <\/span><i><span style=\"font-weight: 400;\">Anti-tourism protests break out in Spain, Italy and Portugal<\/span><\/i><span style=\"font-weight: 400;\">. Sky News. <\/span><a href=\"https:\/\/news.sky.com\/story\/anti-tourism-protests-break-out-in-spain-italy-and-portugal-13384020\" target=\"_blank\" rel=\"noopener\"><span style=\"font-weight: 400;\">https:\/\/news.sky.com\/story\/anti-tourism-protests-break-out-in-spain-italy-and-portugal-13384020<\/span><span style=\"font-weight: 400;\"><br \/>\n<\/span><\/a><\/li>\n<li style=\"font-weight: 400;\" aria-level=\"1\"><span style=\"font-weight: 400;\">News247. (2025). <\/span><i><span style=\"font-weight: 400;\">\u0394\u03b9\u03b1\u03b4\u03b7\u03bb\u03ce\u03c3\u03b5\u03b9\u03c2 \u03c3\u03c4\u03b7 \u03bd\u03cc\u03c4\u03b9\u03b1 \u0395\u03c5\u03c1\u03ce\u03c0\u03b7 \u03ba\u03b1\u03c4\u03ac \u03c4\u03bf\u03c5 \u03c5\u03c0\u03b5\u03c1\u03c4\u03bf\u03c5\u03c1\u03b9\u03c3\u03bc\u03bf\u03cd \u2013 \u201c\u039f\u03b9 \u03b4\u03b9\u03b1\u03ba\u03bf\u03c0\u03ad\u03c2 \u03c3\u03b1\u03c2, \u03c4\u03bf \u03b2\u03ac\u03c3\u03b1\u03bd\u03cc \u03bc\u03bf\u03c5\u201d<\/span><\/i><span style=\"font-weight: 400;\">. News247. <\/span><a href=\"https:\/\/www.news247.gr\/kosmos\/diadiloseis-sti-notia-evropi-kata-tou-ipertourismou-oi-diakopes-sas-to-vasano-mou\/\" target=\"_blank\" rel=\"noopener\"><span style=\"font-weight: 400;\">https:\/\/www.news247.gr\/kosmos\/diadiloseis-sti-notia-evropi-kata-tou-ipertourismou-oi-diakopes-sas-to-vasano-mou\/<\/span><span style=\"font-weight: 400;\"><br \/>\n<\/span><\/a><\/li>\n<li style=\"font-weight: 400;\" aria-level=\"1\"><span style=\"font-weight: 400;\">Pattem, L. (2025, June 18). <\/span><i><span style=\"font-weight: 400;\">As anti-tourism protests grow in Europe, we need a rethink \u2013 but that\u2019s no reason to stop travelling<\/span><\/i><span style=\"font-weight: 400;\"><span style=\"font-weight: 400;\">. The Guardian. <a href=\"https:\/\/www.theguardian.com\/commentisfree\/2025\/jun\/18\/europe-tourism-protests-travel-visitors\" target=\"_blank\" rel=\"noopener\">https:\/\/www.theguardian.com\/commentisfree\/2025\/jun\/18\/europe-tourism-protests-travel-visitors<\/a><\/span><\/span>&nbsp;<\/li>\n<li style=\"font-weight: 400;\" aria-level=\"1\"><span style=\"font-weight: 400;\">\u03a4\u03c3\u03b1\u03bb\u03b9\u03ba\u03ae, \u0395. (2025, 28 \u0399\u03bf\u03c5\u03bd\u03af\u03bf\u03c5). <\/span><i><span style=\"font-weight: 400;\">\u00ab\u0398\u03ad\u03bb\u03c9 \u03bd\u03b1 \u03c0\u03b1\u03c4\u03ae\u03c3\u03c9 \u03ad\u03bd\u03b1 \u03ba\u03bf\u03c5\u03bc\u03c0\u03af \u03ba\u03b1\u03b9 \u03bd\u03b1 \u03b5\u03be\u03b1\u03c6\u03b1\u03bd\u03af\u03c3\u03c9 \u03c4\u03bf\u03c5\u03c2 \u03c4\u03bf\u03c5\u03c1\u03af\u03c3\u03c4\u03b5\u03c2\u00bb<\/span><\/i><span style=\"font-weight: 400;\">. News 24\/7. <\/span><a href=\"https:\/\/www.news247.gr\/magazine\/reportage\/thelo-na-patiso-ena-koumpi-kai-na-exafaniso-tous-touristes\/\" target=\"_blank\" rel=\"noopener\"><span style=\"font-weight: 400;\">https:\/\/www.news247.gr\/magazine\/reportage\/thelo-na-patiso-ena-koumpi-kai-na-exafaniso-tous-touristes\/<\/span><\/a><\/li>\n<li style=\"font-weight: 400;\" aria-level=\"1\"><span style=\"font-weight: 400;\">\u03a4\u03c1\u03b9\u03b2\u03cc\u03bb\u03b7, \u0394. (n.d.). <\/span><i><span style=\"font-weight: 400;\">\u03a3\u03cd\u03bd\u03c4\u03bf\u03bc\u03bf\u03c2 \u03bf\u03b4\u03b7\u03b3\u03cc\u03c2 \u03b1\u03b8\u03b7\u03bd\u03b1\u03ca\u03ba\u03bf\u03cd gentrification: \u0395\u03bd\u03bd\u03ad\u03b1 \u03c3\u03b7\u03bc\u03ac\u03b4\u03b9\u03b1 \u03c0\u03bf\u03c5 \u03b4\u03b5\u03af\u03c7\u03bd\u03bf\u03c5\u03bd \u03c0\u03c9\u03c2 \u03b8\u03b1 \u03b1\u03bd\u03ad\u03b2\u03bf\u03c5\u03bd \u03c4\u03b1 \u03b5\u03bd\u03bf\u03af\u03ba\u03b9\u03b1 \u03c3\u03c4\u03b7 \u03b3\u03b5\u03b9\u03c4\u03bf\u03bd\u03b9\u03ac \u03c3\u03bf\u03c5<\/span><\/i><span style=\"font-weight: 400;\">. Lifo. <\/span><a href=\"https:\/\/www.lifo.gr\/stiles\/optiki-gonia\/syntomos-odigos-athinaikoy-gentrification\" target=\"_blank\" rel=\"noopener\"><span style=\"font-weight: 400;\">https:\/\/www.lifo.gr\/stiles\/optiki-gonia\/syntomos-odigos-athinaikoy-gentrification<\/span><\/a><\/li>\n<li style=\"font-weight: 400;\" aria-level=\"1\"><span style=\"font-weight: 400;\">P\u00e9riz Rodr\u00edguez, C. (2020, June 16). <\/span><i><span style=\"font-weight: 400;\">Travelling for pleasure: A brief history of tourism<\/span><\/i><span style=\"font-weight: 400;\">. Europeana. <\/span><a href=\"https:\/\/www.europeana.eu\/en\/stories\/travelling-for-pleasure-a-brief-history-of-tourism\" target=\"_blank\" rel=\"noopener\"><span style=\"font-weight: 400;\">https:\/\/www.europeana.eu\/en\/stories\/travelling-for-pleasure-a-brief-history-of-tourism<\/span><\/a><\/li>\n<\/ol>\n","protected":false},"excerpt":{"rendered":"<p>\u201cYour Holidays, My Misery\u201d Presumably, if you were a nobleman in 17th-century Western Europe, you would want to test your instincts and experience the adventure of the south for educational reasons (sic). If, on the [&hellip;]<\/p>\n","protected":false},"author":355,"featured_media":33251,"comment_status":"closed","ping_status":"closed","sticky":false,"template":"","format":"standard","meta":{"_acf_changed":false,"footnotes":""},"categories":[722,724,721,665,571],"tags":[4359,1133,4360,4361,4362,4363,4364,4365,1155,4366,4367,4368,4369,4370],"post_formats":[673],"coauthors":[4037],"class_list":["post-31757","post","type-post","status-publish","format-standard","has-post-thumbnail","hentry","category-aktualne-dianie","category-dedicstvo","category-kulturne-dedicstvo","category-spajanie-bodiek","category-vseobecne","tag-airbnb-sk","tag-athens-sk","tag-barcelona-sk","tag-cultural-appropriation-sk","tag-gentrification-sk","tag-mass-tourism-sk","tag-mediterranean-sk","tag-overtourism-sk","tag-public-space-sk","tag-right-to-the-city-sk","tag-short-term-rentals-sk","tag-tourism-policy-sk","tag-tourism-protests-sk","tag-urban-displacement-sk","post_formats-clanky"],"acf":[],"_links":{"self":[{"href":"https:\/\/www.pulse-z.eu\/sk\/wp-json\/wp\/v2\/posts\/31757","targetHints":{"allow":["GET"]}}],"collection":[{"href":"https:\/\/www.pulse-z.eu\/sk\/wp-json\/wp\/v2\/posts"}],"about":[{"href":"https:\/\/www.pulse-z.eu\/sk\/wp-json\/wp\/v2\/types\/post"}],"author":[{"embeddable":true,"href":"https:\/\/www.pulse-z.eu\/sk\/wp-json\/wp\/v2\/users\/355"}],"replies":[{"embeddable":true,"href":"https:\/\/www.pulse-z.eu\/sk\/wp-json\/wp\/v2\/comments?post=31757"}],"version-history":[{"count":2,"href":"https:\/\/www.pulse-z.eu\/sk\/wp-json\/wp\/v2\/posts\/31757\/revisions"}],"predecessor-version":[{"id":31759,"href":"https:\/\/www.pulse-z.eu\/sk\/wp-json\/wp\/v2\/posts\/31757\/revisions\/31759"}],"wp:featuredmedia":[{"embeddable":true,"href":"https:\/\/www.pulse-z.eu\/sk\/wp-json\/wp\/v2\/media\/33251"}],"wp:attachment":[{"href":"https:\/\/www.pulse-z.eu\/sk\/wp-json\/wp\/v2\/media?parent=31757"}],"wp:term":[{"taxonomy":"category","embeddable":true,"href":"https:\/\/www.pulse-z.eu\/sk\/wp-json\/wp\/v2\/categories?post=31757"},{"taxonomy":"post_tag","embeddable":true,"href":"https:\/\/www.pulse-z.eu\/sk\/wp-json\/wp\/v2\/tags?post=31757"},{"taxonomy":"post_formats","embeddable":true,"href":"https:\/\/www.pulse-z.eu\/sk\/wp-json\/wp\/v2\/post_formats?post=31757"},{"taxonomy":"author","embeddable":true,"href":"https:\/\/www.pulse-z.eu\/sk\/wp-json\/wp\/v2\/coauthors?post=31757"}],"curies":[{"name":"wp","href":"https:\/\/api.w.org\/{rel}","templated":true}]}}