{"id":27888,"date":"2025-06-29T09:43:48","date_gmt":"2025-06-29T09:43:48","guid":{"rendered":"https:\/\/www.pulse-z.eu\/love-without-permit-budapest-pride-and-the-struggle-for-visibility\/"},"modified":"2025-06-29T09:46:25","modified_gmt":"2025-06-29T09:46:25","slug":"laska-bez-dovolenia-budapestianska-hrdost-a-boj-o-viditelnost","status":"publish","type":"post","link":"https:\/\/www.pulse-z.eu\/sk\/laska-bez-dovolenia-budapestianska-hrdost-a-boj-o-viditelnost\/","title":{"rendered":"L\u00e1ska bez dovolenia: Budape\u0161tianska hrdos\u0165 a boj o vidite\u013enos\u0165"},"content":{"rendered":"<br \/>\n<h2><b>Pr\u00e1vna architekt\u00fara prohib\u00edcie<\/b><\/h2>\n<p> <span style=\"font-weight: 400;\">V roku 2025 ma\u010farsk\u00e1 vl\u00e1da nielen\u017ee zak\u00e1zala protest, ale vyvinula cel\u00fd pr\u00e1vny arzen\u00e1l na zru\u0161enie pr\u00e1va komunity LGBTQI+ na verejn\u00fa existenciu. \u00dastavn\u00fd dodatok prijat\u00fd v apr\u00edli zakazuje verejn\u00e9 podujatia, ktor\u00e9 \u201e<\/span> <a href=\"https:\/\/apnews.com\/article\/government-and-politics-europe-hungary-laws-business-d093db541d1ad00bd4b28bb3a22cdb1b\" target=\"_blank\" rel=\"noopener\"><span style=\"font-weight: 400;\">poru\u0161uj\u00fa pr\u00e1va det\u00ed<\/span><\/a> <span style=\"font-weight: 400;\">\u201c, \u010d\u00edm potl\u00e1\u010da ak\u00fdko\u013evek pokus o zvidite\u013enenie alebo politick\u00fa obhajobu zo strany skup\u00edn LGBTQIA+. Z\u00e1rove\u0148 sa in\u0161titucionalizovalo pou\u017e\u00edvanie technol\u00f3gie rozpozn\u00e1vania tv\u00e1re (FRT) ako n\u00e1stroj na identifik\u00e1ciu a zacielenie ob\u010danov, ktor\u00ed sa z\u00fa\u010dast\u0148uj\u00fa na neleg\u00e1lnych zhroma\u017edeniach, ako je Budape\u0161\u0165 Pride, s pokutami dosahuj\u00facimi 200 000 forintov (pribli\u017ene 546 dol\u00e1rov) za \u00fa\u010das\u0165, pri\u010dom pr\u00edjmy z t\u00fdchto pr\u00edspevkov boli ozn\u00e1men\u00e9 ako smerovan\u00e9 do \u0161t\u00e1tneho mechanizmu \u201eochrany det\u00ed\u201c<\/span> <a href=\"https:\/\/apnews.com\/article\/hungary-pride-ban-amendment-orban-gay-rights-lgbtq-155ec12cbbde7cc6be0f96adb323de77\" target=\"_blank\" rel=\"noopener\"><span style=\"font-weight: 400;\">(7)<\/span><\/a> <span style=\"font-weight: 400;\">;<\/span> <a href=\"https:\/\/www.reuters.com\/world\/hungarian-police-ban-budapest-pride-march-2025-06-19\/\" target=\"_blank\" rel=\"noopener\"><span style=\"font-weight: 400;\">(4)<\/span><\/a> <span style=\"font-weight: 400;\">.<\/span><\/p>\n<p> <span style=\"font-weight: 400;\">Okrem autorit\u00e1rskej povahy tejto legislat\u00edvy je tie\u017e hlboko stigmatizuj\u00faca, ako uviedla Amnesty International Greece pre European Youth Press:<\/span><\/p>\n<p> <i><span style=\"font-weight: 400;\">\u201eNed\u00e1vny z\u00e1kon proti Pride je najnov\u0161\u00edm zo s\u00e9rie opatren\u00ed, ktor\u00e9 sa zameriavaj\u00fa na jednotlivcov a skupiny z komunity LGBTQI+ a stigmatizuj\u00fa ich a sna\u017eia sa im odobra\u0165 pr\u00e1va, za ktor\u00e9 LGBTQI+ \u013eudia tvrdo bojovali [\u2026] Je nevyhnutn\u00e9, aby ma\u010farsk\u00e9 \u00farady nezaviedli neod\u00f4vodnen\u00e9 obmedzenia ani prevent\u00edvny z\u00e1kaz Budape\u0161tianskeho Pride\u2026\u201c<\/span><\/i><\/p>\n<p> <span style=\"font-weight: 400;\">Napriek vyhl\u00e1seniam o \u201eochrane det\u00ed\u201c je z\u00e1kon neoddelite\u013enou s\u00fa\u010das\u0165ou \u0161ir\u0161ej strat\u00e9gie kriminaliz\u00e1cie verejn\u00e9ho disentu. S\u00e1m Orb\u00e1n vo svojom prejave vo febru\u00e1ri minul\u00e9ho roka ozn\u00e1mil z\u00e1kaz, zatia\u013e \u010do vl\u00e1dnuca strana Fidesz (ma\u010farsk\u00e1 vl\u00e1dnuca pravicovo-populistick\u00e1 strana veden\u00e1 Viktorom Orb\u00e1nom, zn\u00e1ma svojou nacionalistickou, soci\u00e1lne konzervat\u00edvnou a autoritat\u00edvnou agendou) v priebehu nieko\u013ek\u00fdch dn\u00ed schv\u00e1lila pozastavenie ob\u010dianstva pre osoby s dvojit\u00fdm ob\u010dianstvom, ktor\u00e9 sa pova\u017euj\u00fa za \u201ehrozbu\u201c pre n\u00e1rodn\u00fa suverenitu. T\u00e1to novela je 15. v porad\u00ed od roku 2011, ke\u010f Orb\u00e1n prep\u00edsal ma\u010farsk\u00fa \u00fastavu pod\u013ea vlastn\u00e9ho uv\u00e1\u017eenia<\/span> <a href=\"https:\/\/apnews.com\/article\/hungary-pride-ban-amendment-orban-gay-rights-lgbtq-155ec12cbbde7cc6be0f96adb323de77\" target=\"_blank\" rel=\"noopener\"><span style=\"font-weight: 400;\">(7)<\/span><\/a> <span style=\"font-weight: 400;\">;<\/span> <a href=\"https:\/\/www.theguardian.com\/commentisfree\/2025\/apr\/17\/viktor-orbans-latest-clampdown-bans-budapest-pride-but-he-wont-stop-us-marching\" target=\"_blank\" rel=\"noopener\"><span style=\"font-weight: 400;\">(1)<\/span><\/a> <span style=\"font-weight: 400;\">;<\/span> <a href=\"https:\/\/www.npr.org\/2025\/06\/11\/nx-s1-5430267\/hungary-viktor-orban-lgbtq-protest\" target=\"_blank\" rel=\"noopener\"><span style=\"font-weight: 400;\">(8)<\/span><\/a> <span style=\"font-weight: 400;\">.<\/span><\/p>\n<p> <span style=\"font-weight: 400;\">Ma\u010farsko namiesto neutr\u00e1lneho pr\u00e1vneho r\u00e1mca buduje \u00fastavn\u00fa prehliadku vyl\u00fa\u010denia: kde je rod definovan\u00fd iba ako \u201emu\u017esk\u00fd\u201c a \u201e\u017eensk\u00fd\u201c a pr\u00e1vo zhroma\u017e\u010fova\u0165 sa z\u00e1vis\u00ed od s\u00fahlasu vl\u00e1dy<\/span> <a href=\"https:\/\/apnews.com\/article\/hungary-pride-ban-amendment-orban-gay-rights-lgbtq-155ec12cbbde7cc6be0f96adb323de77\" target=\"_blank\" rel=\"noopener\"><span style=\"font-weight: 400;\">(7)<\/span><\/a> <span style=\"font-weight: 400;\">;<\/span> <a href=\"https:\/\/www.theguardian.com\/world\/2025\/mar\/18\/hungary-bans-pride-events-and-plans-to-use-facial-recognition-to-target-attenders?\" target=\"_blank\" rel=\"noopener\"><span style=\"font-weight: 400;\">(3)<\/span><\/a> <span style=\"font-weight: 400;\">.<\/span><\/p>\n<p> Budape\u0161tianska hrdos\u0165 ako politick\u00fd symbol <\/p>\n<p><span style=\"font-weight: 400;\">Budape\u0161tianska pou\u0165 Pride je u\u017e tri desa\u0165ro\u010dia najv\u00e4\u010d\u0161\u00edm ka\u017edoro\u010dn\u00fdm verejn\u00fdm podujat\u00edm na podporu \u013eudsk\u00fdch pr\u00e1v v Ma\u010farsku. Z oslavy vidite\u013enosti a rovnosti sa stala sk\u00fa\u0161ka odolnosti vo\u010di autorit\u00e1rskej vl\u00e1de. V roku 2025 organiz\u00e1tori namiesto povolenia dostali z\u00e1kaz. Pol\u00edcia sa odvolala na ned\u00e1vnu legislat\u00edvu o \u201eochrane det\u00ed\u201c a pou\u017eila ju ako z\u00e1sterku pre cenz\u00faru. Hoci liber\u00e1lny starosta Gergely Karasony vyhl\u00e1sil, \u017ee Pride sa uskuto\u010dn\u00ed ako mestsk\u00e9 podujatie, ktor\u00e9 nevy\u017eaduje povolenie, \u00farady na z\u00e1kaze trvali. Vl\u00e1da z\u00e1rove\u0148 pou\u017eila ustanovenia o \u201eur\u00e1\u017eke mor\u00e1lneho v\u00fdvinu malolet\u00fdch\u201c ako pr\u00e1vny z\u00e1klad pre kriminaliz\u00e1ciu \u00fa\u010dasti \u2013 s pokutami a\u017e do v\u00fd\u0161ky 200 000 forintov<\/span> <a href=\"https:\/\/www.theguardian.com\/world\/2025\/jun\/18\/meps-attend-budapest-pride-viktor-orban-hungary-lgbtq\" target=\"_blank\" rel=\"noopener\"><span style=\"font-weight: 400;\">(5)<\/span><\/a> <span style=\"font-weight: 400;\">;<\/span> <a href=\"https:\/\/www.reuters.com\/world\/hungarian-police-ban-budapest-pride-march-2025-06-19\" target=\"_blank\" rel=\"noopener\"><span style=\"font-weight: 400;\">(4)<\/span><\/a> <span style=\"font-weight: 400;\">;<\/span> <a href=\"https:\/\/www.theguardian.com\/commentisfree\/2025\/apr\/17\/viktor-orbans-latest-clampdown-bans-budapest-pride-but-he-wont-stop-us-marching\" target=\"_blank\" rel=\"noopener\"><span style=\"font-weight: 400;\">(1)<\/span><\/a> <span style=\"font-weight: 400;\">.<\/span><\/p>\n<p> <span style=\"font-weight: 400;\">Posun Pride z vo\u013en\u00e9ho pochodu na \u201eneleg\u00e1lne zhroma\u017edenie\u201c sprev\u00e1dzala hrozba sledovania prostredn\u00edctvom technol\u00f3gi\u00ed rozpozn\u00e1vania tv\u00e1re, ktor\u00e9 s\u00fa teraz in\u0161titucionalizovan\u00e9 ako s\u00fa\u010das\u0165 mechanizmu represie. Ako poznamenala Amnesty International, ktorej gr\u00e9cka kancel\u00e1ria sa tie\u017e z\u00fa\u010dastnila kampane \u201eLet Pride March\u201c:<\/span><\/p>\n<p> <i><span style=\"font-weight: 400;\">\u201eO\u010dak\u00e1va sa, \u017ee ve\u013ek\u00fd po\u010det \u013eud\u00ed pokojne vyjde do ul\u00edc a mus\u00ed sa im umo\u017eni\u0165 bezpe\u010dne demon\u0161trova\u0165&#8230; Prehliadka by mala pokra\u010dova\u0165 bez prek\u00e1\u017eok a reakcia pol\u00edcie&#8230; by mala by\u0165 plne v s\u00falade s \u013eudsk\u00fdmi pr\u00e1vami.\u201c<\/span><\/i> <\/p>\n<div id=\"attachment_27367\" style=\"width: 598px\" class=\"wp-caption aligncenter\"><img aria-describedby=\"caption-attachment-27367\" loading=\"lazy\" decoding=\"async\" class=\" wp-image-27367\" src=\"https:\/\/www.pulse-z.eu\/wp-content\/uploads\/2025\/06\/1000025849-scaled.jpg\" alt=\"\" width=\"588\" height=\"392\" srcset=\"https:\/\/www.pulse-z.eu\/wp-content\/uploads\/2025\/06\/1000025849-scaled.jpg 2560w, https:\/\/www.pulse-z.eu\/wp-content\/uploads\/2025\/06\/1000025849-768x512.jpg 768w, https:\/\/www.pulse-z.eu\/wp-content\/uploads\/2025\/06\/1000025849-1536x1024.jpg 1536w, https:\/\/www.pulse-z.eu\/wp-content\/uploads\/2025\/06\/1000025849-2048x1365.jpg 2048w\" sizes=\"auto, (max-width: 588px) 100vw, 588px\" \/><\/p>\n<p id=\"caption-attachment-27367\" class=\"wp-caption-text\"> Zdroj obr\u00e1zka: Yorgos Karagiorgos.<\/p>\n<\/div>\n<p> <span style=\"font-weight: 400;\">Z\u00e1kaz Pride by sa za \u017eiadnych okolnost\u00ed nemal vn\u00edma\u0165 ako v\u00fdlu\u010dne vn\u00fatropolitick\u00fd incident, ale ako priama v\u00fdzva eur\u00f3pskemu pr\u00e1vnemu a mor\u00e1lnemu r\u00e1mcu. \u010cl\u00e1nok 2 Zmluvy o Eur\u00f3pskej \u00fanii zaru\u010duje slobodu zhroma\u017e\u010fovania a zakazuje diskrimin\u00e1ciu. Tento rok v\u0161ak organiz\u00e1tori Pride otvorene vyhlasuj\u00fa, \u017ee im hroz\u00ed \u00fatok, n\u00e1silie a finan\u010dn\u00e9 vy\u010derpanie, preto\u017ee trvaj\u00fa na tom, aby vy\u0161li do ul\u00edc. Ako povedal hovorca organiz\u00e1cie agent\u00fare AP, cie\u013eom vl\u00e1dy je \u201evytvori\u0165 obetn\u00fdch bar\u00e1nkov a uml\u010da\u0165 kritikov re\u017eimu\u201c<\/span> <a href=\"https:\/\/www.theguardian.com\/world\/2025\/mar\/18\/hungary-bans-pride-events-and-plans-to-use-facial-recognition-to-target-attenders?\" target=\"_blank\" rel=\"noopener\"><span style=\"font-weight: 400;\">(3)<\/span><\/a> <span style=\"font-weight: 400;\">;<\/span> <a href=\"https:\/\/apnews.com\/article\/orban-government-ban-lgbtq-pride-hungary-d003f20c8444a8611c5cc9db08dc0352\" target=\"_blank\" rel=\"noopener\"><span style=\"font-weight: 400;\">(6)<\/span><\/a> <span style=\"font-weight: 400;\">;<\/span> <a href=\"https:\/\/www.reuters.com\/world\/europe\/hungarians-keep-up-protests-against-orbans-move-ban-pride-2025-04-01\/\" target=\"_blank\" rel=\"noopener\"><span style=\"font-weight: 400;\">(2)<\/span><\/a> <span style=\"font-weight: 400;\">. Napriek tomu sa zd\u00e1, \u017ee Pride nestr\u00e1ca na obr\u00e1tkach, pod\u013ea vyhl\u00e1senia Katalin Cseh, \u010dlenky ma\u010farskej opoz\u00edcie:<\/span> <i><span style=\"font-weight: 400;\">Eur\u00f3pska komisia a Rada zost\u00e1vaj\u00fa v\u00e1hav\u00e9, rozdelen\u00e9 a nesmel\u00e9. Toto nie je len mor\u00e1lne zlyhanie \u2013 je to strategick\u00e9 zlyhanie. E\u00da m\u00f4\u017ee by\u0165 posledn\u00fdm funguj\u00facim demokratick\u00fdm projektom glob\u00e1lneho rozsahu. A je sk\u00fa\u0161an\u00e1. Ke\u010f\u017ee sa demokratick\u00fd \u00fapadok zr\u00fdch\u013euje na celom svete,<\/span><\/i> <span style=\"font-weight: 400;\">Eur\u00f3pa<\/span> <i><span style=\"font-weight: 400;\">\u010del\u00ed jednoduchej ot\u00e1zke: dok\u00e1\u017ee obh\u00e1ji\u0165 svoje vlastn\u00e9 hodnoty? Alebo sa zr\u00fati? [\u2026] Ak nezareagujeme kolekt\u00edvne, verejne a rozhodne, zobud\u00edme sa a zist\u00edme, \u017ee autorit\u00e1rsky obrat je dokon\u010den\u00fd<\/span><\/i> <a href=\"https:\/\/www.theguardian.com\/commentisfree\/2025\/apr\/17\/viktor-orbans-latest-clampdown-bans-budapest-pride-but-he-wont-stop-us-marching\" target=\"_blank\" rel=\"noopener\"><span style=\"font-weight: 400;\">(1)<\/span><\/a> <span style=\"font-weight: 400;\">.<\/span><\/p>\n<p> Ve\u013ek\u00fd brat na n\u00e1mest\u00ed <\/p>\n<p><span style=\"font-weight: 400;\">V Ma\u010farsku v roku 2025 je sloboda spojen\u00e1 s kamerami, nov\u00e1 legislat\u00edva umo\u017e\u0148uje pol\u00edcii pou\u017e\u00edva\u0165 technol\u00f3giu rozpozn\u00e1vania tv\u00e1re na identifik\u00e1ciu os\u00f4b z\u00fa\u010dast\u0148uj\u00facich sa \u201eneleg\u00e1lnych\u201c podujat\u00ed, ako je napr\u00edklad Budape\u0161tianska pouk\u00e1\u017eka na Pride. To znamen\u00e1, \u017ee samotn\u00e1 \u00fa\u010das\u0165 na demon\u0161tr\u00e1cii m\u00f4\u017ee vies\u0165 k administrat\u00edvnej pokute alebo v praxi k vytvoreniu ideologick\u00e9ho identifika\u010dn\u00e9ho s\u00faboru. Pou\u017e\u00edvanie tejto technol\u00f3gie, predt\u00fdm povolen\u00e9 len na h\u013eadanie nezvestn\u00fdch os\u00f4b alebo zlo\u010dincov, sa teraz roz\u0161iruje aj na pokojn\u00fdch protestuj\u00facich pod z\u00e1mienkou ochrany det\u00ed<\/span> <a href=\"https:\/\/apnews.com\/article\/hungary-pride-ban-amendment-orban-gay-rights-lgbtq-155ec12cbbde7cc6be0f96adb323de77\" target=\"_blank\" rel=\"noopener\"><span style=\"font-weight: 400;\">(7)<\/span><\/a> <span style=\"font-weight: 400;\">;<\/span> <a href=\"https:\/\/www.theguardian.com\/world\/2025\/mar\/18\/hungary-bans-pride-events-and-plans-to-use-facial-recognition-to-target-attenders?\" target=\"_blank\" rel=\"noopener\"><span style=\"font-weight: 400;\">(3)<\/span><\/a> <span style=\"font-weight: 400;\">;<\/span> <a href=\"https:\/\/www.reuters.com\/world\/europe\/hungarians-keep-up-protests-against-orbans-move-ban-pride-2025-04-01\/\" target=\"_blank\" rel=\"noopener\"><span style=\"font-weight: 400;\">(2)<\/span><\/a> <span style=\"font-weight: 400;\">.<\/span><\/p>\n<p> <span style=\"font-weight: 400;\">Logika je jasn\u00e1 a nebezpe\u010dn\u00e1: policajn\u00e9 potl\u00e1\u010danie disentu sa u\u017e neobmedzuje len na fyzick\u00fa pr\u00edtomnos\u0165, ale roz\u0161iruje sa aj na digit\u00e1lnu stopu. Ako poznamenal \u00c1d\u00e1m Remport z Ma\u010farskej \u00fanie pre ob\u010dianske slobody (HCLU):<\/span> <i><span style=\"font-weight: 400;\">\u201eJedn\u00fdm z najz\u00e1kladnej\u0161\u00edch probl\u00e9mov je jeho invaz\u00edvnos\u0165, samotn\u00fd rozsah naru\u0161enia, ku ktor\u00e9mu doch\u00e1dza pri hromadnom sledovan\u00ed davu,\u201c [\u2026] \u201eV tomto pr\u00edpade je v\u00fdraznej\u0161\u00ed vplyv na slobodu zhroma\u017e\u010fovania, konkr\u00e9tne odstra\u0161uj\u00faci efekt, ktor\u00fd vznik\u00e1, ke\u010f sa \u013eudia boja vyjs\u0165 von a prejavi\u0165 svoje politick\u00e9 alebo ideologick\u00e9 presved\u010denie zo strachu z prenasledovania,<\/span><\/i> <i><span style=\"font-weight: 400;\">\u201c<\/span><\/i> <a href=\"https:\/\/apnews.com\/article\/hungary-pride-ban-amendment-orban-gay-rights-lgbtq-155ec12cbbde7cc6be0f96adb323de77\" target=\"_blank\" rel=\"noopener\"><span style=\"font-weight: 400;\">(7)<\/span><\/a> <span style=\"font-weight: 400;\">.<\/span> <\/p>\n<div id=\"attachment_27376\" style=\"width: 658px\" class=\"wp-caption aligncenter\"><img aria-describedby=\"caption-attachment-27376\" loading=\"lazy\" decoding=\"async\" class=\" wp-image-27376\" src=\"https:\/\/www.pulse-z.eu\/wp-content\/uploads\/2025\/06\/Inside-the-NYPD-surveillance-machine-1-1444x710-1.webp\" alt=\"\" width=\"648\" height=\"318\" srcset=\"https:\/\/www.pulse-z.eu\/wp-content\/uploads\/2025\/06\/Inside-the-NYPD-surveillance-machine-1-1444x710-1.webp 1444w, https:\/\/www.pulse-z.eu\/wp-content\/uploads\/2025\/06\/Inside-the-NYPD-surveillance-machine-1-1444x710-1-768x378.webp 768w\" sizes=\"auto, (max-width: 648px) 100vw, 648px\" \/><\/p>\n<p id=\"caption-attachment-27376\" class=\"wp-caption-text\"> \u00a9Fotografia od Spencera Platta\/Getty Images<\/p>\n<\/div>\n<p> <span style=\"font-weight: 400;\">V tomto kontexte je samotn\u00fd koncept slobody skreslen\u00fd. Nielen va\u0161e telo je zak\u00e1zan\u00e9 v uliciach \u2013 monitoruje sa aj va\u0161a t\u00fa\u017eba vyjadri\u0165 sa. Amnesty International poukazuje na to, \u017ee potl\u00e1\u010danie hrdosti a rozsiahle pou\u017e\u00edvanie sledovac\u00edch n\u00e1strojov s\u00fa s\u00fa\u010das\u0165ou syst\u00e9mu poru\u0161ovania, ktor\u00fd zasahuje jadro pr\u00e1va na protest:<\/span><\/p>\n<p> <i><span style=\"font-weight: 400;\">\u201eV spr\u00e1ve publikovanej v j\u00fali 2024 Amnesty International zdokumentovala s\u00e9riu trendov a vzorcov obmedzen\u00ed a poru\u0161ovania pr\u00e1va na protest v 21 krajin\u00e1ch E\u00da. Protesty boli siln\u00fdm n\u00e1strojom zmeny a je d\u00f4le\u017eit\u00e9 ich chr\u00e1ni\u0165.\u201c<\/span><\/i><\/p>\n<p> <span style=\"font-weight: 400;\">Ma\u010farsko tak predstavuje technologicky vybaven\u00fd autorit\u00e1rsky syst\u00e9m, ktor\u00fd investuje nielen do n\u00e1silia, ale aj do zastra\u0161ovania prostredn\u00edctvom sledovania. Z\u00e1kaz protestov sa nevynucuje obu\u0161kami, ale kamerami. A cie\u013eom vl\u00e1dy u\u017e nie je len uml\u010da\u0165 \u2013 je to zastra\u0161i\u0165 pam\u00e4\u0165<\/span> <a href=\"https:\/\/www.theguardian.com\/world\/2025\/mar\/18\/hungary-bans-pride-events-and-plans-to-use-facial-recognition-to-target-attenders?\" target=\"_blank\" rel=\"noopener\"><span style=\"font-weight: 400;\">(3)<\/span><\/a> <span style=\"font-weight: 400;\">;<\/span> <a href=\"https:\/\/www.npr.org\/2025\/06\/11\/nx-s1-5430267\/hungary-viktor-orban-lgbtq-protest\" target=\"_blank\" rel=\"noopener\"><span style=\"font-weight: 400;\">(8)<\/span><\/a> <span style=\"font-weight: 400;\">.<\/span><\/p>\n<h2><b>Eur\u00f3pa reaguje \u2013 alebo ml\u010d\u00ed?<\/b><\/h2>\n<p> <span style=\"font-weight: 400;\">Ke\u010f sa z\u00e1kaz Budape\u0161tianskeho Pride stal realitou, v\u0161etky o\u010di sa upreli na Brusel. Ako str\u00e1\u017eca \u010dl\u00e1nku 2 Zmluvy o Eur\u00f3pskej \u00fanii by sa od Eur\u00f3pskej \u00fanie o\u010dak\u00e1val okam\u017eit\u00fd z\u00e1sah. Reakcia v\u0161ak bola zn\u00e1mou: vyjadrenia obav, pr\u00e1vne \u201epresk\u00famanie\u201c, \u017eiadne okam\u017eit\u00e9 kroky. Ako v\u00fdsti\u017ene poznamenala Katalin Cseh:<\/span> <i><span style=\"font-weight: 400;\">\u201eBrusel \u00fadajne zva\u017euje pr\u00e1vne kroky \u201eak to bude potrebn\u00e9\u201c, ale zatia\u013e neprijal predbe\u017en\u00e9 kroky na ochranu tohtoro\u010dn\u00e9ho pochodu, ktor\u00fd sa uskuto\u010dn\u00ed u\u017e len dva mesiace. Jeho obvykl\u00e1 v\u00fdhovorka \u2013 potreba vyhn\u00fa\u0165 sa \u201epolitick\u00e9mu zasahovaniu\u201c \u2013 u\u017e nie je \u017eivotaschopn\u00e1. Orb\u00e1n je ten, kto poru\u0161uje z\u00e1kon \u2013 ten, kto si utiera nohy o zmluvy E\u00da<\/span><\/i> <i><span style=\"font-weight: 400;\">.\u201c<\/span><\/i> <a href=\"https:\/\/www.theguardian.com\/commentisfree\/2025\/apr\/17\/viktor-orbans-latest-clampdown-bans-budapest-pride-but-he-wont-stop-us-marching\" target=\"_blank\" rel=\"noopener\"><span style=\"font-weight: 400;\">(1)<\/span><\/a> <span style=\"font-weight: 400;\">.<\/span> <\/p>\n<\/p>\n<div id=\"attachment_27384\" style=\"width: 725px\" class=\"wp-caption aligncenter\"><img aria-describedby=\"caption-attachment-27384\" loading=\"lazy\" decoding=\"async\" class=\" wp-image-27384\" src=\"https:\/\/www.pulse-z.eu\/wp-content\/uploads\/2025\/06\/202312eca_orban_eu.webp\" alt=\"\" width=\"715\" height=\"477\" srcset=\"https:\/\/www.pulse-z.eu\/wp-content\/uploads\/2025\/06\/202312eca_orban_eu.webp 946w, https:\/\/www.pulse-z.eu\/wp-content\/uploads\/2025\/06\/202312eca_orban_eu-768x512.webp 768w\" sizes=\"auto, (max-width: 715px) 100vw, 715px\" \/><\/p>\n<p id=\"caption-attachment-27384\" class=\"wp-caption-text\"> Ma\u010farsk\u00fd premi\u00e9r Viktor Orb\u00e1n s predsedn\u00ed\u010dkou Eur\u00f3pskej komisie Ursulou von der Leyenovou v Bruseli v Belgicku 3. febru\u00e1ra 2020. \u00a9 2020 Isopix\/Shutterstock<\/p>\n<\/div>\n<p> <span style=\"font-weight: 400;\">V praxi najsilnej\u0161ia reakcia nepri\u0161la od in\u0161tit\u00faci\u00ed, ale od jednotlivcov: Desiatky poslancov Eur\u00f3pskeho parlamentu vr\u00e1tane Zelen\u00fdch, liber\u00e1lov a socialistov ozn\u00e1mili, \u017ee sa 28. j\u00fana z\u00fa\u010dastnia budape\u0161tianskeho pochodu \u2013 nie ako pozorovatelia, ale ako \u013eudsk\u00fd \u0161t\u00edt. \u201eAni l\u00e1sku, ani slobodu nemo\u017eno zak\u00e1za\u0165,\u201c povedal prim\u00e1tor mesta Gergely Karasonyi a vyzval, aby sa Pride stal mestskou udalos\u0165ou nad r\u00e1mec \u0161t\u00e1tnych z\u00e1kazov (<\/span> <a href=\"https:\/\/www.theguardian.com\/world\/2025\/jun\/18\/meps-attend-budapest-pride-viktor-orban-hungary-lgbtq\" target=\"_blank\" rel=\"noopener\"><span style=\"font-weight: 400;\">5)<\/span><\/a> <span style=\"font-weight: 400;\">. Amnesty International Gr\u00e9cko v tejto s\u00favislosti jasne vyz\u00fdva eur\u00f3pske in\u0161tit\u00facie, aby bezodkladne podnikli pr\u00e1vne kroky:<\/span><\/p>\n<p> <i><span style=\"font-weight: 400;\">\u201eEur\u00f3pska komisia mus\u00ed kona\u0165 r\u00fdchlo&#8230; po\u017eiadan\u00edm Eur\u00f3pskeho s\u00fadneho dvora o predbe\u017en\u00e9 opatrenia&#8230; alebo za\u010dat\u00edm nov\u00e9ho konania na z\u00e1klade ned\u00e1vnych zmien&#8230; Zatia\u013e zostala ne\u010dinn\u00e1&#8230; Je \u010das prelomi\u0165 t\u00fato patov\u00fa situ\u00e1ciu.\u201c<\/span><\/i><\/p>\n<p> <span style=\"font-weight: 400;\">In\u0161titucion\u00e1lne n\u00e1stroje \u2013 ako napr\u00edklad \u010dl\u00e1nok 7, ktor\u00fd umo\u017e\u0148uje odobratie hlasovac\u00edch pr\u00e1v \u010dlensk\u00e9ho \u0161t\u00e1tu \u2013 v\u0161ak zost\u00e1vaj\u00fa neakt\u00edvne. Probl\u00e9m u\u017e nie je pr\u00e1vny, ale politick\u00fd: E\u00da sa boj\u00ed stretn\u00fa\u0165 s l\u00eddrom, ktor\u00fd otvorene ohrozuje jej jednotu. Trest pre Ma\u010farsko sa tak st\u00e1va administrat\u00edvnym \u2013 nikdy nie \u00fastavn\u00fdm<\/span> <a href=\"https:\/\/www.theguardian.com\/commentisfree\/2025\/apr\/17\/viktor-orbans-latest-clampdown-bans-budapest-pride-but-he-wont-stop-us-marching\" target=\"_blank\" rel=\"noopener\"><span style=\"font-weight: 400;\">(1)<\/span><\/a> <span style=\"font-weight: 400;\">;<\/span> <a href=\"https:\/\/www.theguardian.com\/world\/2025\/jun\/18\/meps-attend-budapest-pride-viktor-orban-hungary-lgbtq\" target=\"_blank\" rel=\"noopener\"><span style=\"font-weight: 400;\">(5)<\/span><\/a> <span style=\"font-weight: 400;\">;<\/span> <a href=\"https:\/\/apnews.com\/article\/hungary-pride-ban-amendment-orban-gay-rights-lgbtq-155ec12cbbde7cc6be0f96adb323de77\" target=\"_blank\" rel=\"noopener\"><span style=\"font-weight: 400;\">(7)<\/span><\/a> <span style=\"font-weight: 400;\">.<\/span><\/p>\n<p> <span style=\"font-weight: 400;\">A zatia\u013e \u010do na ka\u017edom ve\u013evyslanectve, ktor\u00e9 vyjadrilo znepokojenie, vej\u00fa vlajky Eur\u00f3pskej \u00fanie, v uliciach Budape\u0161ti zost\u00e1va len neistota. Ak sa d\u00e1 Pride zak\u00e1za\u0165 v Budape\u0161ti, d\u00e1 sa zak\u00e1za\u0165 aj v Z\u00e1hrebe, Var\u0161ave, R\u00edme. Ml\u010danie sa st\u00e1va precedensom. A precedens sa st\u00e1va normou.<\/span><\/p>\n<p> Tich\u00e1 pr\u00edtomnos\u0165, nepreru\u0161en\u00fd pochod <\/p>\n<p><span style=\"font-weight: 400;\">Pochod, ktor\u00fd sa Orb\u00e1nova vl\u00e1da sna\u017e\u00ed zak\u00e1za\u0165, nie je len sprievod. Je to cesta k samotn\u00e9mu srdcu demokracie \u2013 k pr\u00e1vu existova\u0165 na verejnosti, presadzova\u0165 sa, nehanbi\u0165 sa za l\u00e1sku. Ke\u010f \u0161t\u00e1t vyhl\u00e1si l\u00e1sku za neleg\u00e1lnu a monitoruje protesty kamerami, nie je ohrozen\u00e1 len komunita, ale samotn\u00fd koncept slobody.<\/span><\/p>\n<p> <span style=\"font-weight: 400;\">Ale bez oh\u013eadu na to, ako ve\u013emi sa sna\u017eia uml\u010da\u0165 hlasy, nedok\u00e1\u017eu vymaza\u0165 ich pr\u00edtomnos\u0165. Masov\u00e1 mobiliz\u00e1cia, medzin\u00e1rodn\u00e1 podpora a rast\u00faci odpor ukazuj\u00fa, \u017ee aj ke\u010f s\u00fa hlasy uml\u010dan\u00e9, pochod pokra\u010duje. Bez kriku, ale s odhodlan\u00edm. Bez povolenia, ale s d\u00f4stojnos\u0165ou. Ako povedal prim\u00e1tor Budape\u0161ti: \u201eAni l\u00e1sku, ani slobodu nemo\u017eno zak\u00e1za\u0165\u201c<\/span> <a href=\"https:\/\/www.theguardian.com\/world\/2025\/jun\/18\/meps-attend-budapest-pride-viktor-orban-hungary-lgbtq\" target=\"_blank\" rel=\"noopener\"><span style=\"font-weight: 400;\">(5)<\/span><\/a> <span style=\"font-weight: 400;\">.<\/span><\/p>\n<p> <span style=\"font-weight: 400;\">V kone\u010dnom d\u00f4sledku nejde len o v\u00fdsledok pochodu Pride, ale aj o samotn\u00fa schopnos\u0165 Eur\u00f3py chr\u00e1ni\u0165 jeho v\u00fdznam. Ak E\u00da nedok\u00e1\u017ee obh\u00e1ji\u0165 pr\u00e1vo na pokojn\u00e9 zhroma\u017e\u010fovanie na svojom \u00fazem\u00ed, \u010do potom zost\u00e1va z jej zml\u00fav? Ako poznamen\u00e1va Amnesty International-Gr\u00e9cko:<\/span><\/p>\n<p> <i><span style=\"font-weight: 400;\">\u201eObrana z\u00e1kladn\u00fdch pr\u00e1v sa mus\u00ed premietnu\u0165 do \u010dinov. Eur\u00f3pska komisia mus\u00ed kona\u0165 r\u00fdchlo. [\u2026] Je \u010das prelomi\u0165 t\u00fato patov\u00fa situ\u00e1ciu. Ako obhajcovia \u013eudsk\u00fdch pr\u00e1v budeme na\u010falej po\u017eadova\u0165 rovnos\u0165 a bojova\u0165 za \u017eivot bez diskrimin\u00e1cie.\u201c<\/span><\/i><\/p>\n<p> <span style=\"font-weight: 400;\">V uliciach Budape\u0161ti, kde tento rok nie s\u00fa povolen\u00e9 oslavy, sa samotn\u00e1 existencia st\u00e1va aktom politick\u00e9ho odporu. Netreba kri\u010da\u0165. Sta\u010d\u00ed len prejs\u0165 sa po ulici.<\/span><\/p>\n<div id=\"attachment_27392\" style=\"width: 856px\" class=\"wp-caption aligncenter\"><img aria-describedby=\"caption-attachment-27392\" loading=\"lazy\" decoding=\"async\" class=\" wp-image-27392\" src=\"https:\/\/www.pulse-z.eu\/wp-content\/uploads\/2025\/06\/budapest-hungary-lgbtqia-pride-march-across-the-szechenyi-chain-bridge-june-2021.webp\" alt=\"Pochod LGBTQ+ Pride cez Sz\u00e9chenyiho re\u0165azov\u00fd most, Budape\u0161\u0165, Ma\u010farsko, j\u00fan 2021\" width=\"846\" height=\"476\" srcset=\"https:\/\/www.pulse-z.eu\/wp-content\/uploads\/2025\/06\/budapest-hungary-lgbtqia-pride-march-across-the-szechenyi-chain-bridge-june-2021.webp 1245w, https:\/\/www.pulse-z.eu\/wp-content\/uploads\/2025\/06\/budapest-hungary-lgbtqia-pride-march-across-the-szechenyi-chain-bridge-june-2021-768x432.webp 768w\" sizes=\"auto, (max-width: 846px) 100vw, 846px\" \/><\/p>\n<p id=\"caption-attachment-27392\" class=\"wp-caption-text\"> Pochod LGBTQ+ Pride cez Sz\u00e9chenyiho re\u0165azov\u00fd most, Budape\u0161\u0165, Ma\u010farsko, j\u00fan 2021<\/p>\n<\/div>\n<p><strong>Referencie<\/strong><\/p>\n<p> <span style=\"font-weight: 400;\">1. Cseh, K. (17. apr\u00edla 2025).<\/span> <i><span style=\"font-weight: 400;\">Viktor Orb\u00e1n vo svojom najnov\u0161om z\u00e1sahu zakazuje Budape\u0161tiansk\u00fd Pride \u2013 ale nezastav\u00ed n\u00e1s v pochodovan\u00ed<\/span><\/i> <span style=\"font-weight: 400;\">.<\/span> <i><span style=\"font-weight: 400;\">The Guardian<\/span><\/i> <span style=\"font-weight: 400;\">.<\/span><span style=\"font-weight: 400;\"><br \/><\/span> <a href=\"https:\/\/www.theguardian.com\/commentisfree\/2025\/apr\/17\/viktor-orbans-latest-clampdown-bans-budapest-pride-but-he-wont-stop-us-marching\" target=\"_blank\" rel=\"noopener\"><span style=\"font-weight: 400;\">https:\/\/www.theguardian.com\/commentisfree\/2025\/apr\/17\/viktor-orbans-latest-clampdown-bans-budapest-pride-but-he-wont-stop-us-marching<\/span><\/a><\/p>\n<p> <span style=\"font-weight: 400;\">2. Fenyo, K. a Szakacs, G. (1. apr\u00edla 2025).<\/span> <i><span style=\"font-weight: 400;\">Ma\u010fari pokra\u010duj\u00fa v protestoch proti Orb\u00e1novmu kroku zak\u00e1za\u0165 Pride<\/span><\/i> <span style=\"font-weight: 400;\">.<\/span> <i><span style=\"font-weight: 400;\">Reuters<\/span><\/i> <span style=\"font-weight: 400;\">.<\/span><span style=\"font-weight: 400;\"><br \/><\/span> <a href=\"https:\/\/www.reuters.com\/world\/europe\/hungarians-keep-up-protests-against-orbans-move-ban-pride-2025-04-01\/?utm_source=chatgpt.com\" target=\"_blank\" rel=\"noopener\"><span style=\"font-weight: 400;\">https:\/\/www.reuters.com\/world\/europe\/hungarians-keep-up-protests-against-orbans-move-ban-pride-2025-04-01\/<\/span><\/a><\/p>\n<p> <span style=\"font-weight: 400;\">3. Kassam, A. (18. marca 2025).<\/span> <i><span style=\"font-weight: 400;\">Ma\u010farsko zakazuje podujatia Pride a pl\u00e1nuje pou\u017ei\u0165 rozpozn\u00e1vanie tv\u00e1re na cielenie na \u00fa\u010dastn\u00edkov<\/span><\/i> <span style=\"font-weight: 400;\">.<\/span> <i><span style=\"font-weight: 400;\">The Guardian<\/span><\/i> <span style=\"font-weight: 400;\">.<\/span><span style=\"font-weight: 400;\"><br \/><\/span> <a href=\"https:\/\/www.theguardian.com\/world\/2025\/mar\/18\/hungary-bans-pride-events-and-plans-to-use-facial-recognition-to-target-attenders?utm_source=chatgpt.com\" target=\"_blank\" rel=\"noopener\"><span style=\"font-weight: 400;\">https:\/\/www.theguardian.com\/world\/2025\/mar\/18\/hungary-bans-pride-events-and-plans-to-use-facial-recognition-to-target-attenders?<\/span><\/a><\/p>\n<p> <span style=\"font-weight: 400;\">4. Komuves, A. (19. j\u00fana 2025).<\/span> <i><span style=\"font-weight: 400;\">Ma\u010farsk\u00e1 pol\u00edcia zak\u00e1zala pochod Budape\u0161ti Pride s odvolan\u00edm sa na ochranu det\u00ed<\/span><\/i> <span style=\"font-weight: 400;\">.<\/span> <i><span style=\"font-weight: 400;\">Reuters<\/span><\/i> <span style=\"font-weight: 400;\">.<\/span><span style=\"font-weight: 400;\"><br \/><\/span> <a href=\"https:\/\/www.reuters.com\/world\/hungarian-police-ban-budapest-pride-march-2025-06-19\/?utm_source=chatgpt.com\" target=\"_blank\" rel=\"noopener\"><span style=\"font-weight: 400;\">https:\/\/www.reuters.com\/world\/hungarian-police-ban-budapest-pride-march-2025-06-19\/<\/span><\/a><\/p>\n<p> <span style=\"font-weight: 400;\">5. Rankin, J. (18. j\u00fana 2025).<\/span> <i><span style=\"font-weight: 400;\">Desiatky poslancov Eur\u00f3pskeho parlamentu sa z\u00fa\u010dastnia pochodu Pride v Budape\u0161ti na vzdor Viktorovi Orb\u00e1novi<\/span><\/i> <span style=\"font-weight: 400;\">.<\/span> <i><span style=\"font-weight: 400;\">The Guardian<\/span><\/i> <span style=\"font-weight: 400;\">.<\/span><span style=\"font-weight: 400;\"><br \/><\/span> <a href=\"https:\/\/www.theguardian.com\/world\/2025\/jun\/18\/meps-attend-budapest-pride-viktor-orban-hungary-lgbtq?utm_source=chatgpt.com\" target=\"_blank\" rel=\"noopener\"><span style=\"font-weight: 400;\">https:\/\/www.theguardian.com\/world\/2025\/jun\/18\/meps-attend-budapest-pride-viktor-orban-hungary-lgbtq<\/span><\/a><\/p>\n<p> <span style=\"font-weight: 400;\">6. Spike, J. (17. marca 2025).<\/span> <i><span style=\"font-weight: 400;\">Nov\u00fd z\u00e1kon proti LGBTQ+ komunite v Ma\u010farsku by zak\u00e1zal podujatie Pride a povolil by pou\u017e\u00edvanie softv\u00e9ru na rozpozn\u00e1vanie tv\u00e1re<\/span><\/i> <span style=\"font-weight: 400;\">.<\/span> <i><span style=\"font-weight: 400;\">Associated Press<\/span><\/i> <span style=\"font-weight: 400;\">.<\/span> <a href=\"https:\/\/apnews.com\/article\/orban-government-ban-lgbtq-pride-hungary-d003f20c8444a8611c5cc9db08dc0352\" target=\"_blank\" rel=\"noopener\"><span style=\"font-weight: 400;\">https:\/\/apnews.com\/article\/orban-government-ban-lgbtq-pride-hungary-d003f20c8444a8611c5cc9db08dc0352<\/span><span style=\"font-weight: 400;\"><br \/><\/span><span style=\"font-weight: 400;\"><br \/><\/span><\/a> 7. <span style=\"font-weight: 400;\">Spike, J. (15. apr\u00edla 2025).<\/span> <i><span style=\"font-weight: 400;\">Ma\u010farsko schv\u00e1lilo \u00fastavn\u00fd dodatok na z\u00e1kaz verejn\u00fdch podujat\u00ed LGBTQ+, \u010do sa pova\u017euje za ve\u013ek\u00fd \u00fader do pr\u00e1v<\/span><\/i> <span style=\"font-weight: 400;\">.<\/span> <i><span style=\"font-weight: 400;\">Associated<\/span><\/i> <i><span style=\"font-weight: 400;\">Press<\/span><\/i> <a href=\"https:\/\/apnews.com\/article\/hungary-pride-ban-amendment-orban-gay-rights-lgbtq-155ec12cbbde7cc6be0f96adb323de77\" target=\"_blank\" rel=\"noopener\"><span style=\"font-weight: 400;\">https:\/\/apnews.com\/article\/hungary-pride-ban-amendment-orban-gay-rights-lgbtq-155ec12cbbde7cc6be0f96adb323de77<\/span><span style=\"font-weight: 400;\"><br \/><\/span><span style=\"font-weight: 400;\"><br \/><\/span><\/a> <span style=\"font-weight: 400;\">8. Associated Press. (11. j\u00fana 2025).<\/span> <i><span style=\"font-weight: 400;\">Ma\u010fari vyhlasuj\u00fa odpor vo\u010di Orb\u00e1novej vl\u00e1de rozsiahlym protestom<\/span><\/i> <span style=\"font-weight: 400;\">.<\/span> <i><span style=\"font-weight: 400;\">NPR<\/span><\/i> <span style=\"font-weight: 400;\">.<\/span><span style=\"font-weight: 400;\"><br \/><\/span> <a href=\"https:\/\/www.npr.org\/2025\/06\/11\/nx-s1-5430267\/hungary-viktor-orban-lgbtq-protest\" target=\"_blank\" rel=\"noopener\"><span style=\"font-weight: 400;\">https:\/\/www.npr.org\/2025\/06\/11\/nx-s1-5430267\/hungary-viktor-orban-lgbtq-protest<\/span><span style=\"font-weight: 400;\"><br \/><\/span><\/a><\/p>\n","protected":false},"excerpt":{"rendered":"<p>Pr\u00e1vna architekt\u00fara prohib\u00edcie V roku 2025 ma\u010farsk\u00e1 vl\u00e1da nielen\u017ee zak\u00e1zala protest, ale vyvinula cel\u00fd pr\u00e1vny arzen\u00e1l na zru\u0161enie pr\u00e1va komunity LGBTQI+ na verejn\u00fa existenciu. \u00dastavn\u00fd dodatok prijat\u00fd v apr\u00edli zakazuje verejn\u00e9 podujatia, ktor\u00e9 \u201e poru\u0161uj\u00fa [&hellip;]<\/p>\n","protected":false},"author":355,"featured_media":27869,"comment_status":"closed","ping_status":"closed","sticky":false,"template":"","format":"standard","meta":{"_acf_changed":false,"footnotes":""},"categories":[722,727,720,723,665],"tags":[3741,3742,3743,3744,3745,3746,3747,1178,3748,3749,1505,2617,3750,3751,3752,3753,3754,3755,2922,3756],"post_formats":[673],"coauthors":[],"class_list":["post-27888","post","type-post","status-publish","format-standard","has-post-thumbnail","hentry","category-aktualne-dianie","category-mladez","category-oslava-rozmanitosti","category-rozmanitost-a-inkluzia","category-spajanie-bodiek","tag-amnesty-international-sk","tag-authoritarianism-sk","tag-budapest-pride-sk","tag-civil-liberties-sk","tag-democracy-sk","tag-discrimination-sk","tag-eu-values-sk","tag-european-union-sk","tag-facial-recognition-sk","tag-fidesz-sk","tag-freedom-of-expression-sk","tag-human-rights-sk","tag-hungary-sk","tag-lgbtq-rights-sk","tag-peaceful-assembly-sk","tag-political-repression-sk","tag-protest-sk","tag-rule-of-law-sk","tag-surveillance-sk","tag-viktor-orban-sk","post_formats-clanky"],"acf":[],"_links":{"self":[{"href":"https:\/\/www.pulse-z.eu\/sk\/wp-json\/wp\/v2\/posts\/27888","targetHints":{"allow":["GET"]}}],"collection":[{"href":"https:\/\/www.pulse-z.eu\/sk\/wp-json\/wp\/v2\/posts"}],"about":[{"href":"https:\/\/www.pulse-z.eu\/sk\/wp-json\/wp\/v2\/types\/post"}],"author":[{"embeddable":true,"href":"https:\/\/www.pulse-z.eu\/sk\/wp-json\/wp\/v2\/users\/355"}],"replies":[{"embeddable":true,"href":"https:\/\/www.pulse-z.eu\/sk\/wp-json\/wp\/v2\/comments?post=27888"}],"version-history":[{"count":3,"href":"https:\/\/www.pulse-z.eu\/sk\/wp-json\/wp\/v2\/posts\/27888\/revisions"}],"predecessor-version":[{"id":27897,"href":"https:\/\/www.pulse-z.eu\/sk\/wp-json\/wp\/v2\/posts\/27888\/revisions\/27897"}],"wp:featuredmedia":[{"embeddable":true,"href":"https:\/\/www.pulse-z.eu\/sk\/wp-json\/wp\/v2\/media\/27869"}],"wp:attachment":[{"href":"https:\/\/www.pulse-z.eu\/sk\/wp-json\/wp\/v2\/media?parent=27888"}],"wp:term":[{"taxonomy":"category","embeddable":true,"href":"https:\/\/www.pulse-z.eu\/sk\/wp-json\/wp\/v2\/categories?post=27888"},{"taxonomy":"post_tag","embeddable":true,"href":"https:\/\/www.pulse-z.eu\/sk\/wp-json\/wp\/v2\/tags?post=27888"},{"taxonomy":"post_formats","embeddable":true,"href":"https:\/\/www.pulse-z.eu\/sk\/wp-json\/wp\/v2\/post_formats?post=27888"},{"taxonomy":"author","embeddable":true,"href":"https:\/\/www.pulse-z.eu\/sk\/wp-json\/wp\/v2\/coauthors?post=27888"}],"curies":[{"name":"wp","href":"https:\/\/api.w.org\/{rel}","templated":true}]}}