{"id":27578,"date":"2025-06-26T17:38:41","date_gmt":"2025-06-26T17:38:41","guid":{"rendered":"https:\/\/www.pulse-z.eu\/editorial-article-2-new-formats-new-voices-and-a-new-phase-of-engagement\/"},"modified":"2025-06-26T18:58:38","modified_gmt":"2025-06-26T18:58:38","slug":"editorialny-clanok-c-2-nove-formaty-nove-hlasy-a-nova-faza-angazovanosti","status":"publish","type":"post","link":"https:\/\/www.pulse-z.eu\/sk\/editorialny-clanok-c-2-nove-formaty-nove-hlasy-a-nova-faza-angazovanosti\/","title":{"rendered":"Editori\u00e1lny \u010dl\u00e1nok \u010d. 2 \u2013 Nov\u00e9 form\u00e1ty, nov\u00e9 hlasy a nov\u00e1 f\u00e1za anga\u017eovanosti"},"content":{"rendered":"\n<div id=\"attachment_27599\" style=\"width: 1180px\" class=\"wp-caption alignleft\"><img aria-describedby=\"caption-attachment-27599\" loading=\"lazy\" decoding=\"async\" class=\"size-full wp-image-27599\" src=\"https:\/\/www.pulse-z.eu\/wp-content\/uploads\/2025\/06\/IMG_9490.jpg\" alt=\"\" width=\"1170\" height=\"811\" srcset=\"https:\/\/www.pulse-z.eu\/wp-content\/uploads\/2025\/06\/IMG_9490.jpg 1170w, https:\/\/www.pulse-z.eu\/wp-content\/uploads\/2025\/06\/IMG_9490-768x532.jpg 768w\" sizes=\"auto, (max-width: 1170px) 100vw, 1170px\" \/><\/p>\n<p id=\"caption-attachment-27599\" class=\"wp-caption-text\"> Sel\u00e7uk Demirel \u2013 \u0160ach<\/p>\n<\/div>\n<p> <span style=\"font-weight: 400;\">V\u00e1\u017een\u00ed \u010ditatelia,<\/span><\/p>\n<p> <span style=\"font-weight: 400;\">Eur\u00f3pa sa ocit\u00e1 uprostred \u010fal\u0161ej kr\u00edzy e\u0161te predt\u00fdm, ako bola predch\u00e1dzaj\u00faca v\u00f4bec vyrie\u0161en\u00e1. Zatia\u013e \u010do rusk\u00e1 inv\u00e1zia na Ukrajinu pokra\u010duje a n\u00e1deje na mier sa str\u00e1caj\u00fa na neistote, rozsiahle \u00fatoky medzi Izraelom a Ir\u00e1nom \u010falej destabilizuj\u00fa regi\u00f3n a spolu s n\u00edm aj Eur\u00f3pu. V dne\u0161nom prepojenom svete a vyv\u00edjaj\u00facej sa geopolitickej krajine sa izolovan\u00e9 kr\u00edzy stali zriedkav\u00fdmi. Namiesto toho teraz \u010del\u00edme kask\u00e1dovit\u00fdm udalostiam, kde jeden konflikt sp\u00fa\u0161\u0165a \u010fal\u0161\u00ed. V d\u00f4sledku toho si Eur\u00f3pa u\u017e nem\u00f4\u017ee dovoli\u0165 s\u00fastredi\u0165 svoju energiu dovn\u00fatra.<\/span><\/p>\n<p> <span style=\"font-weight: 400;\">Pri prech\u00e1dzan\u00ed t\u00fdmito turbulentn\u00fdmi \u010dasmi je k\u013e\u00fa\u010dov\u00e9 nepozera\u0165 sa na udalosti \u010diernobielo. Prijatie \u0161ed\u00fdch z\u00f3n n\u00e1m umo\u017e\u0148uje vidie\u0165 komplexnos\u0165 a nuansy. V PulseZ sa zav\u00e4zujeme zosil\u0148ova\u0165 tento pluralizmus a zd\u00f4raz\u0148ova\u0165 rozmanit\u00e9 hlasy, perspekt\u00edvy a energie Eur\u00f3py prostredn\u00edctvom nov\u00fdch a inovat\u00edvnych form\u00e1tov.<\/span><\/p>\n<p> <span style=\"font-weight: 400;\">Od tohto mesiaca roz\u0161irujeme na\u0161u multimedi\u00e1lnu ponuku. M\u00f4\u017eete o\u010dak\u00e1va\u0165 viac vide\u00ed, podcastov a gamifikovan\u00e9ho obsahu.<\/span><\/p>\n<p> <span style=\"font-weight: 400;\">Inkluz\u00edvnos\u0165 je jednou z na\u0161ich z\u00e1kladn\u00fdch z\u00e1sad od prv\u00e9ho d\u0148a. \u010co to v\u0161ak znamen\u00e1 v praxi? Znamen\u00e1 to vytvori\u0165 priestor pre t\u00fdch, ktor\u00ed sa mo\u017eno nec\u00edtia pohodlne pri vyjadrovan\u00ed sa v angli\u010dtine, ale st\u00e1le maj\u00fa pr\u00edbehy, na ktor\u00fdch z\u00e1le\u017e\u00ed. Teraz m\u00f4\u017ee ktoko\u013evek \u010d\u00edta\u0165 a prispieva\u0165 origin\u00e1lnym obsahom vo viacer\u00fdch jazykoch, \u010d\u00edm sa PulseZ e\u0161te viac pribli\u017euje k \u013eu\u010fom, ktor\u00fdm m\u00e1 sl\u00fa\u017ei\u0165. V\u010faka obrovsk\u00e9mu \u00fasiliu n\u00e1\u0161ho t\u00edmu je platforma #PulseZ teraz k dispoz\u00edcii v siedmich \u010fal\u0161\u00edch jazykoch: rumun\u010dine, franc\u00faz\u0161tine, holand\u010dine, sloven\u010dine, talian\u010dine, po\u013e\u0161tine a nem\u010dine, okrem angli\u010dtiny.<\/span><\/p>\n<p> <span style=\"font-weight: 400;\">\u010eal\u0161\u00edm k\u013e\u00fa\u010dov\u00fdm krokom vpred je n\u00e1\u0161 z\u00e1v\u00e4zok zapoji\u0165 mlad\u00fdch \u013eud\u00ed prostredn\u00edctvom aktiv\u00edt v ter\u00e9ne. Organizujeme miestne podujatia v Portugalsku, Franc\u00fazsku, Belgicku, Gr\u00e9cku a \u010fal\u0161\u00edch krajin\u00e1ch s cie\u013eom priamo sa spoji\u0165 s ml\u00e1de\u017eou a vypo\u010du\u0165 si ich hlasy zbl\u00edzka.<\/span><\/p>\n<p> <span style=\"font-weight: 400;\">Na podporu tohto cie\u013ea sme pod veden\u00edm JA Europe a YMCA spustili v\u00fdzvu na predkladanie n\u00e1vrhov PulseZ \u2013 Podpora tret\u00edch str\u00e1n. T\u00e1to iniciat\u00edva v\u00e1m umo\u017e\u0148uje organizova\u0165 vlastn\u00e9 lok\u00e1lne podujatia s mo\u017enos\u0165ou z\u00edska\u0165 finan\u010dn\u00fa podporu. Na\u0161\u00edm cie\u013eom je zapoji\u0165 viac ako 3 000 mlad\u00fdch \u013eud\u00ed z viac ako 20 kraj\u00edn E\u00da ako prispievate\u013eov obsahu a prostredn\u00edctvom na\u0161ich komunika\u010dn\u00fdch aktiv\u00edt oslovi\u0165 viac ako 500 000 \u013eud\u00ed. Viac inform\u00e1ci\u00ed a podrobnosti o prihl\u00e1\u0161ke n\u00e1jdete na<\/span> <a href=\"https:\/\/jaeurope.org\/tenders\/pulse-z-third-party-support-call-for-proposals\/\" target=\"_blank\" rel=\"noopener\"><span style=\"font-weight: 400;\">tomto odkaze<\/span><\/a> <span style=\"font-weight: 400;\">.<\/span><\/p>\n<p> <span style=\"font-weight: 400;\">Po \u00faspe\u0161nom absolvovan\u00ed prv\u00fdch \u0161iestich mesiacov vstupuje PulseZ do novej a kritickej f\u00e1zy. N\u00e1\u0161 t\u00edm rastie, na\u0161a dynamika naber\u00e1 na obr\u00e1tkach a na\u0161a v\u00edzia je jasnej\u0161ia ako kedyko\u013evek predt\u00fdm. V nasleduj\u00facich mesiacoch sa m\u00f4\u017eete te\u0161i\u0165 na \u010fal\u0161ie workshopy, webin\u00e1re, p\u00fatav\u00e9 pr\u00edbehy a obsah na vy\u0161\u0161ej \u00farovni. S va\u0161ou energiou a anga\u017eovanos\u0165ou dv\u00edhame n\u00e1\u0161 hlas a ako \u0161\u00e9fredaktori sa s vami te\u0161\u00edme, \u017ee sa s vami podel\u00edme o viac na\u0161ich vlastn\u00fdch textov a obsahu.<\/span><\/p>\n<p> <span style=\"font-weight: 400;\">Zosta\u0148te s nami. \u010cak\u00e1 n\u00e1s toho e\u0161te ove\u013ea viac.<\/span><\/p>\n","protected":false},"excerpt":{"rendered":"<p>Sel\u00e7uk Demirel \u2013 \u0160ach V\u00e1\u017een\u00ed \u010ditatelia, Eur\u00f3pa sa ocit\u00e1 uprostred \u010fal\u0161ej kr\u00edzy e\u0161te predt\u00fdm, ako bola predch\u00e1dzaj\u00faca v\u00f4bec vyrie\u0161en\u00e1. Zatia\u013e \u010do rusk\u00e1 inv\u00e1zia na Ukrajinu pokra\u010duje a n\u00e1deje na mier sa str\u00e1caj\u00fa na neistote, rozsiahle [&hellip;]<\/p>\n","protected":false},"author":78,"featured_media":27606,"comment_status":"closed","ping_status":"closed","sticky":false,"template":"","format":"standard","meta":{"_acf_changed":false,"footnotes":""},"categories":[727,720,571],"tags":[],"post_formats":[673],"coauthors":[],"class_list":["post-27578","post","type-post","status-publish","format-standard","has-post-thumbnail","hentry","category-mladez","category-oslava-rozmanitosti","category-vseobecne","post_formats-clanky"],"acf":[],"_links":{"self":[{"href":"https:\/\/www.pulse-z.eu\/sk\/wp-json\/wp\/v2\/posts\/27578","targetHints":{"allow":["GET"]}}],"collection":[{"href":"https:\/\/www.pulse-z.eu\/sk\/wp-json\/wp\/v2\/posts"}],"about":[{"href":"https:\/\/www.pulse-z.eu\/sk\/wp-json\/wp\/v2\/types\/post"}],"author":[{"embeddable":true,"href":"https:\/\/www.pulse-z.eu\/sk\/wp-json\/wp\/v2\/users\/78"}],"replies":[{"embeddable":true,"href":"https:\/\/www.pulse-z.eu\/sk\/wp-json\/wp\/v2\/comments?post=27578"}],"version-history":[{"count":15,"href":"https:\/\/www.pulse-z.eu\/sk\/wp-json\/wp\/v2\/posts\/27578\/revisions"}],"predecessor-version":[{"id":27658,"href":"https:\/\/www.pulse-z.eu\/sk\/wp-json\/wp\/v2\/posts\/27578\/revisions\/27658"}],"wp:featuredmedia":[{"embeddable":true,"href":"https:\/\/www.pulse-z.eu\/sk\/wp-json\/wp\/v2\/media\/27606"}],"wp:attachment":[{"href":"https:\/\/www.pulse-z.eu\/sk\/wp-json\/wp\/v2\/media?parent=27578"}],"wp:term":[{"taxonomy":"category","embeddable":true,"href":"https:\/\/www.pulse-z.eu\/sk\/wp-json\/wp\/v2\/categories?post=27578"},{"taxonomy":"post_tag","embeddable":true,"href":"https:\/\/www.pulse-z.eu\/sk\/wp-json\/wp\/v2\/tags?post=27578"},{"taxonomy":"post_formats","embeddable":true,"href":"https:\/\/www.pulse-z.eu\/sk\/wp-json\/wp\/v2\/post_formats?post=27578"},{"taxonomy":"author","embeddable":true,"href":"https:\/\/www.pulse-z.eu\/sk\/wp-json\/wp\/v2\/coauthors?post=27578"}],"curies":[{"name":"wp","href":"https:\/\/api.w.org\/{rel}","templated":true}]}}