{"id":26659,"date":"2025-06-20T15:54:59","date_gmt":"2025-06-20T15:54:59","guid":{"rendered":"https:\/\/www.pulse-z.eu\/polands-youth-crown-conservative-in-surprise-presidential-election-twist\/"},"modified":"2025-06-25T06:59:19","modified_gmt":"2025-06-25T06:59:19","slug":"polski-konzervativci-z-radov-mladeze-v-korune-prekvapujuco-zvratili-prezidentske-volby","status":"publish","type":"post","link":"https:\/\/www.pulse-z.eu\/sk\/polski-konzervativci-z-radov-mladeze-v-korune-prekvapujuco-zvratili-prezidentske-volby\/","title":{"rendered":"Po\u013esk\u00ed konzervat\u00edvci z radov ml\u00e1de\u017ee v Korune prekvapuj\u00faco zvr\u00e1tili prezidentsk\u00e9 vo\u013eby"},"content":{"rendered":"\n<p><span style=\"font-weight: 400;\">Prezidentsk\u00e9 vo\u013eby v Po\u013esku v roku 2025 odhalili hlboko rozdelen\u00fd n\u00e1rod. Tento rozkol presiahol jednoduch\u00fa geografiu, odde\u013eoval mestsk\u00e9 centr\u00e1 od vidieckych oblast\u00ed a roz\u0161\u00edril sa do genera\u010dn\u00fdch, emocion\u00e1lnych a dokonca aj rodinn\u00fdch rozporov. Nakoniec to bola bezprecedentn\u00e1 \u00fa\u010das\u0165 mlad\u00fdch voli\u010dov, ktor\u00e1 sa uk\u00e1zala ako rozhoduj\u00faca. Ich hlas v\u0161ak prekonal o\u010dak\u00e1vania a ur\u010dil v\u00fdsledok volieb.<\/span><\/p>\n<p> Rozdelen\u00e1 krajina: Naju\u017e\u0161ie okraje <\/p>\n<p><span style=\"font-weight: 400;\">V druhom kole volieb zv\u00ed\u0165azil Karol Nawrocki, podporovan\u00fd najv\u00e4\u010d\u0161ou opozi\u010dnou nacionalistickou stranou Pr\u00e1vo a spravodlivos\u0165 (PiS), so ziskom 50,89 % hlasov, \u010d\u00edm tesne porazil Rafa\u0142a Trzaskowsk\u00e9ho z Ob\u010dianskej platformy (PO) premi\u00e9ra Donalda Tuska, ktor\u00fd pod\u013ea ofici\u00e1lnych \u00fadajov N\u00e1rodnej<\/span> <a href=\"https:\/\/pkw.gov.pl\/aktualnosci\/informacje\/obwieszczenie-panstwowej-komisji-wyborczej-z-dnia-2-czerwca-2025-r-o-wynikach-ponownego-glosowania-i\" target=\"_blank\" rel=\"noopener\"><span style=\"font-weight: 400;\">volebnej komisie<\/span><\/a> z\u00edskal 49,11 % <span style=\"font-weight: 400;\">.<\/span><\/p>\n<p> <span style=\"font-weight: 400;\">Vo\u013eby priniesli mimoriadne tesn\u00fd v\u00fdsledok, \u010do pod\u010diarklo hlbok\u00fa politick\u00fa priepas\u0165 a krehk\u00fa rovnov\u00e1hu v krajine. Ak\u00e9ko\u013evek mal\u00e9 kol\u00edsanie v anga\u017eovanosti, odhodlan\u00ed alebo n\u00e1zoroch v ktorejko\u013evek skupine mohlo dramaticky zmeni\u0165 v\u00fdsledky.<\/span><\/p>\n<p> <span style=\"font-weight: 400;\">Tento rok sa mlad\u00ed voli\u010di uk\u00e1zali ako rozhoduj\u00faci. Napriek minul\u00fdm trendom apatie alebo nerozhodnosti odovzdalo hlas 76,3 % voli\u010dov vo veku 18 a\u017e 29 rokov \u2013 \u010do je pozoruhodn\u00e1 volebn\u00e1 \u00fa\u010das\u0165, ak\u00e1 sa v ned\u00e1vnej po\u013eskej hist\u00f3rii zriedkakedy videla. Dostali sa do centra pozornosti, napriek o\u010dak\u00e1vaniam, \u017ee sa neanga\u017euj\u00fa.<\/span><\/p>\n<p> <span style=\"font-weight: 400;\">Ich volebn\u00e9 vzorce sa v\u0161ak nedali \u013eahko kategorizova\u0165. Zatia\u013e \u010do mnoh\u00ed o\u010dak\u00e1vali siln\u00fd sklon k liber\u00e1lnym alebo progres\u00edvnym mo\u017enostiam, skuto\u010dn\u00e9 v\u00fdsledky odhalili ove\u013ea komplexnej\u0161\u00ed obraz.<\/span><\/p>\n<p> \u013davi\u010diari a libertari\u00e1ni podporovali konzervativca <\/p>\n<p><span style=\"font-weight: 400;\">V prvom kole dominoval medzi voli\u010dmi do 30 rokov krajne pravicov\u00fd libertari\u00e1n S\u0142awomir Mentzen so ziskom 34,9 %. Nasledoval ho progres\u00edvny \u013eavi\u010diar Adrian Zandberg s 19,8 %, za n\u00edm Trzaskowski (12,7 %) a Nawrocki (10,7 %).<\/span><\/p>\n<p> <span style=\"font-weight: 400;\">Druh\u00e9 kolo volieb v\u0161ak zaznamenalo z\u00e1sadn\u00fd posun. V\u00fdsledky prieskumov verejnej mienky uk\u00e1zali, \u017ee Nawrocki z\u00edskal 53,2 % mlad\u00fdch voli\u010dov, zatia\u013e \u010do Trzaskowski 46,8 %.<\/span><\/p>\n<p> <span style=\"font-weight: 400;\">Kandid\u00e1t podporovan\u00fd stranou PiS si tak z\u00edskal takmer v\u0161etku Mentzenovu podporu a prekvapivo aj \u010das\u0165 Zandbergov\u00fdch voli\u010dov. P\u00f4vodn\u00e1 preferencia ml\u00e1de\u017ee pre Mentzena bola tak v kone\u010dnom hlasovan\u00ed zru\u0161en\u00e1 v prospech Nawrock\u00e9ho.<\/span><\/p>\n<p> <span style=\"font-weight: 400;\">V \u010d\u00edslach: 87 % mlad\u00fdch Mentzenov\u00fdch podporovate\u013eov hlasovalo v druhom kole za Nawrockeho. To ist\u00e9 urobilo pribli\u017ene 17 % Zandbergov\u00fdch podporovate\u013eov.<\/span><\/p>\n<p> <span style=\"font-weight: 400;\">M\u00f4\u017ee sa to zda\u0165 paradoxn\u00e9 \u2013 prejs\u0165 od krajnej \u013eavice ku konzervat\u00edvcovi \u2013 ale ne\u0161lo o ideol\u00f3giu. I\u0161lo o em\u00f3cie.<\/span><\/p>\n<p> Protisyst\u00e9mov\u00fd boj proti ideol\u00f3gii <\/p>\n<p><span style=\"font-weight: 400;\">Mlad\u00ed voli\u010di h\u013eadali alternat\u00edvy k zaveden\u00e9mu politick\u00e9mu poriadku a vn\u00edmali osobnosti ako Mentzen a Zandberg ako protestn\u00e9 hlasy proti stran\u00e1m PiS a PO, ktor\u00e9 dominovali po\u013eskej politickej sc\u00e9ne posledn\u00fdch 20 rokov.<\/span><\/p>\n<p> <span style=\"font-weight: 400;\">V nasleduj\u00facom kole volieb sa Nawrocki stal zost\u00e1vaj\u00facou nekonven\u010dnou vo\u013ebou, a to aj pre t\u00fdch, ktor\u00ed predt\u00fdm jeho stranu odmietali.<\/span><\/p>\n<p> <span style=\"font-weight: 400;\">Nawrockiho pr\u00ed\u0165a\u017elivos\u0165 spo\u010d\u00edvala \u010diasto\u010dne v jeho vn\u00edmanom odstupe od typick\u00fdch predstavite\u013eov strany PiS; jeho neutr\u00e1lnej\u0161\u00ed imid\u017e ho odli\u0161oval od etablovan\u00fdch stran\u00edckych l\u00eddrov.<\/span><\/p>\n<p> <span style=\"font-weight: 400;\">Nawrocki si v\u010faka svojmu umiestneniu v tomto menej konven\u010dnom politickom priestore pestoval imid\u017e kandid\u00e1ta na zmenu, napriek tomu, \u017ee \u0161pecifik\u00e1 tejto zmeny zost\u00e1vali nejasn\u00e9.<\/span><\/p>\n<p> Gener\u00e1cia Z: Sklaman\u00e1 alebo len vzdorovit\u00e1? <\/p>\n<p><span style=\"font-weight: 400;\">Volebn\u00e9 spr\u00e1vanie mlad\u00fdch Poliakov mo\u017eno vn\u00edma\u0165 z r\u00f4znych uhlov poh\u013eadu. Je zrejm\u00fd n\u00e1rast ich ob\u010dianskej anga\u017eovanosti; ich rozhodnutia sa v\u0161ak zdaj\u00fa by\u0165 viac motivovan\u00e9 emocion\u00e1lnymi reakciami a nutkan\u00edm na okam\u017eit\u00fa zmenu ne\u017e strategick\u00fdm, dlhodob\u00fdm pl\u00e1novan\u00edm.<\/span><\/p>\n<p> <span style=\"font-weight: 400;\">T\u00e1to gener\u00e1cia inklinuje k silnej, priamo\u010diarej a bojovnej r\u00e9torike. Ich meniaca sa podpora \u2013 najprv k Mentzenovi, potom Zandbergovi a n\u00e1sledne Nawrockimu \u2013 nazna\u010duje prieskumn\u00e9 h\u013eadanie novosti, nie konzistentn\u00fa politick\u00fa ideol\u00f3giu.<\/span><\/p>\n<p> <span style=\"font-weight: 400;\">Hlasovanie gener\u00e1cie Z je do zna\u010dnej miery reakt\u00edvne; volia proti existuj\u00facim mocnostiam, a nie proakt\u00edvne podporuj\u00fa konkr\u00e9tne agendy. Ke\u010f je Ob\u010dianska platforma vn\u00edman\u00e1 ako status quo, podporuj\u00fa Pr\u00e1vo a spravodlivos\u0165. Naopak, ke\u010f je PiS pova\u017eovan\u00e1 za establi\u0161ment, obracaj\u00fa sa ku krajnej \u013eavici alebo radik\u00e1lnej pravici.<\/span><\/p>\n<p> <span style=\"font-weight: 400;\">Dlhodob\u00fd dopad ich rozhodnut\u00ed sa pre nich zd\u00e1 by\u0165 druhorad\u00e9.<\/span><\/p>\n<p> Dve pohlavia, dve mlad\u00e9 Po\u013esk\u00e1 <\/p>\n<p><span style=\"font-weight: 400;\">Hoci sa hlasovanie ml\u00e1de\u017ee uk\u00e1zalo ako k\u013e\u00fa\u010dov\u00e9, nebolo monolitick\u00e9. Ich rozhodnutia charakterizovalo jasn\u00e9 rodov\u00e9 rozdelenie.<\/span><\/p>\n<p> <span style=\"font-weight: 400;\">Progres\u00edvne osobnosti ako Zandberg a Trzaskowski si z\u00edskali podporu mlad\u00fdch \u017eien. Naopak, mlad\u00ed mu\u017ei uprednost\u0148ovali Mentzena a n\u00e1sledne Nawrockiho.<\/span><\/p>\n<p> <span style=\"font-weight: 400;\">Pozrime sa na \u010d\u00edsla:<\/span><\/p>\n<ul>\n<li style=\"font-weight: 400;\" aria-level=\"1\"> <span style=\"font-weight: 400;\">V 1. kole mal Mentzen 48 % podporu medzi mlad\u00fdmi mu\u017emi, ale iba 21 % medzi mlad\u00fdmi \u017eenami.<\/span><span style=\"font-weight: 400;\"><br \/><\/span><\/li>\n<li style=\"font-weight: 400;\" aria-level=\"1\"> <span style=\"font-weight: 400;\">Zandberg obr\u00e1til scen\u00e1r: 25 % u \u017eien, 13 % u mu\u017eov.<\/span><span style=\"font-weight: 400;\"><br \/><\/span><\/li>\n<li style=\"font-weight: 400;\" aria-level=\"1\"> <span style=\"font-weight: 400;\">V druhom kole volieb: Trzaskowski z\u00edskal 54 % hlasov mlad\u00fdch \u017eien, Nawrocki 54 % hlasov mlad\u00fdch mu\u017eov.<\/span><span style=\"font-weight: 400;\"><br \/><\/span><\/li>\n<\/ul>\n<p> <span style=\"font-weight: 400;\">Rozdelenie Po\u013eska teda nie je len ideologick\u00e9 alebo genera\u010dn\u00e9, ale aj hlboko rodov\u00e9. Mlad\u00ed Poliaci, vysoko politicky akt\u00edvni, zakladaj\u00fa svoje volebn\u00e9 rozhodnutia na osobn\u00fdch sk\u00fasenostiach, ktor\u00e9 s\u00fa v\u00fdrazne ovplyvnen\u00e9 rodov\u00fdmi rolami. V d\u00f4sledku toho sa \u017eeny prikl\u00e1\u0148aj\u00fa k progres\u00edvnym, \u013eavicov\u00fdm platform\u00e1m, zatia\u013e \u010do mu\u017eov viac pri\u0165ahuj\u00fa libertari\u00e1nske alebo antiliber\u00e1lne n\u00e1zory.<\/span><\/p>\n<p> Hlasovanie proti, nie za <\/p>\n<p><span style=\"font-weight: 400;\">\u00daspech Karola Nawrock\u00e9ho u mlad\u00fdch voli\u010dov nie je o\u017eiven\u00edm popularity ultrakonzervat\u00edvnej strany Pr\u00e1vo a spravodlivos\u0165 medzi ml\u00e1de\u017eou. Sk\u00f4r nazna\u010duje trend, v ktorom mlad\u00ed \u013eudia nes\u00fahlasia so s\u00fa\u010dasn\u00fdm stavom, nie nevyhnutne podporuj\u00fa konkr\u00e9tnu stranu alebo program.<\/span><\/p>\n<p> <span style=\"font-weight: 400;\">Nawrockiho v\u00ed\u0165azstvo nebolo o triumfe jeho ideol\u00f3gie, ale o odpore vo\u010di Rafa\u0142ovi Trzaskowsk\u00e9mu, ktor\u00e9ho mnoh\u00ed vn\u00edmali ako tv\u00e1r liber\u00e1lnej elity, od ktorej sa c\u00edtili odcudzen\u00ed.<\/span><\/p>\n<p> <span style=\"font-weight: 400;\">Zatia\u013e \u010do mlad\u00ed voli\u010di zohrali k\u013e\u00fa\u010dov\u00fa \u00falohu vo v\u00ed\u0165azstve demokratickej opoz\u00edcie v parlamentn\u00fdch vo\u013eb\u00e1ch v roku 2023, niektor\u00ed voli\u010di sa v roku 2025 zmenili. Tento posun by mohol prameni\u0165 z roz\u010darovania z tempa zmien alebo z \u00fanavy z neust\u00e1lej r\u00e9toriky o \u201edemokratick\u00fdch hrozb\u00e1ch\u201c.<\/span><\/p>\n<p> <span style=\"font-weight: 400;\">Nawrocki nakoniec predstavil alternat\u00edvu, alebo aspo\u0148 jej vn\u00edmanie, a to sa uk\u00e1zalo ako dostato\u010dn\u00e9 na to, aby ovplyvnilo t\u00fdchto voli\u010dov.<\/span><\/p>\n","protected":false},"excerpt":{"rendered":"<p>Prezidentsk\u00e9 vo\u013eby v Po\u013esku v roku 2025 odhalili hlboko rozdelen\u00fd n\u00e1rod. Tento rozkol presiahol jednoduch\u00fa geografiu, odde\u013eoval mestsk\u00e9 centr\u00e1 od vidieckych oblast\u00ed a roz\u0161\u00edril sa do genera\u010dn\u00fdch, emocion\u00e1lnych a dokonca aj rodinn\u00fdch rozporov. Nakoniec to [&hellip;]<\/p>\n","protected":false},"author":158,"featured_media":7674,"comment_status":"closed","ping_status":"closed","sticky":false,"template":"","format":"standard","meta":{"_acf_changed":false,"footnotes":""},"categories":[722],"tags":[3069,3070,3071,3072,3073,3074,3075,3076,3077,3078,3079,3080,3081,3082,3083,3084,3085,3086,3087,3088,3089],"post_formats":[771],"coauthors":[],"class_list":["post-26659","post","type-post","status-publish","format-standard","has-post-thumbnail","hentry","category-aktualne-dianie","tag-anti-establishment-sk","tag-democratic-participation-sk","tag-electoral-shift-sk","tag-emotions-in-politics-sk","tag-eu-youth-sk","tag-gender-divide-sk","tag-generation-z-sk","tag-mentzen-sk","tag-nawrocki-sk","tag-poland-elections-sk","tag-polish-politics-sk","tag-political-engagement-sk","tag-political-polarization-sk","tag-political-trends-sk","tag-presidential-elections-2025-sk","tag-trzaskowski-sk","tag-voting-behavior-sk","tag-young-voters-sk","tag-youth-activism-sk","tag-youth-turnout-sk","tag-zandberg-sk","post_formats-seria-clankov"],"acf":[],"_links":{"self":[{"href":"https:\/\/www.pulse-z.eu\/sk\/wp-json\/wp\/v2\/posts\/26659","targetHints":{"allow":["GET"]}}],"collection":[{"href":"https:\/\/www.pulse-z.eu\/sk\/wp-json\/wp\/v2\/posts"}],"about":[{"href":"https:\/\/www.pulse-z.eu\/sk\/wp-json\/wp\/v2\/types\/post"}],"author":[{"embeddable":true,"href":"https:\/\/www.pulse-z.eu\/sk\/wp-json\/wp\/v2\/users\/158"}],"replies":[{"embeddable":true,"href":"https:\/\/www.pulse-z.eu\/sk\/wp-json\/wp\/v2\/comments?post=26659"}],"version-history":[{"count":3,"href":"https:\/\/www.pulse-z.eu\/sk\/wp-json\/wp\/v2\/posts\/26659\/revisions"}],"predecessor-version":[{"id":26668,"href":"https:\/\/www.pulse-z.eu\/sk\/wp-json\/wp\/v2\/posts\/26659\/revisions\/26668"}],"wp:featuredmedia":[{"embeddable":true,"href":"https:\/\/www.pulse-z.eu\/sk\/wp-json\/wp\/v2\/media\/7674"}],"wp:attachment":[{"href":"https:\/\/www.pulse-z.eu\/sk\/wp-json\/wp\/v2\/media?parent=26659"}],"wp:term":[{"taxonomy":"category","embeddable":true,"href":"https:\/\/www.pulse-z.eu\/sk\/wp-json\/wp\/v2\/categories?post=26659"},{"taxonomy":"post_tag","embeddable":true,"href":"https:\/\/www.pulse-z.eu\/sk\/wp-json\/wp\/v2\/tags?post=26659"},{"taxonomy":"post_formats","embeddable":true,"href":"https:\/\/www.pulse-z.eu\/sk\/wp-json\/wp\/v2\/post_formats?post=26659"},{"taxonomy":"author","embeddable":true,"href":"https:\/\/www.pulse-z.eu\/sk\/wp-json\/wp\/v2\/coauthors?post=26659"}],"curies":[{"name":"wp","href":"https:\/\/api.w.org\/{rel}","templated":true}]}}