{"id":16919,"date":"2025-06-22T11:55:55","date_gmt":"2025-06-22T11:55:55","guid":{"rendered":"https:\/\/www.pulse-z.eu\/?p=16919"},"modified":"2025-06-22T11:57:38","modified_gmt":"2025-06-22T11:57:38","slug":"od-rizika-k-odolnosti-medzinarodne-stretnutie-o-bezpecnosti-novinarov-v-solune-ktore-organizuje-icsj","status":"publish","type":"post","link":"https:\/\/www.pulse-z.eu\/sk\/od-rizika-k-odolnosti-medzinarodne-stretnutie-o-bezpecnosti-novinarov-v-solune-ktore-organizuje-icsj\/","title":{"rendered":"Od rizika k odolnosti: Medzin\u00e1rodn\u00e9 stretnutie o bezpe\u010dnosti novin\u00e1rov v Sol\u00fane, ktor\u00e9 organizuje ICSJ"},"content":{"rendered":"\n<div id=\"attachment_16817\" class=\"wp-caption aligncenter\" style=\"width: 792px;\">\n<p><img loading=\"lazy\" decoding=\"async\" class=\" wp-image-16817\" src=\"https:\/\/www.pulse-z.eu\/wp-content\/uploads\/2025\/06\/icsj-conference-2025-14-15-06.jpg\" sizes=\"auto, (max-width: 782px) 100vw, 782px\" srcset=\"https:\/\/www.pulse-z.eu\/wp-content\/uploads\/2025\/06\/icsj-conference-2025-14-15-06.jpg 1920w, https:\/\/www.pulse-z.eu\/wp-content\/uploads\/2025\/06\/icsj-conference-2025-14-15-06-768x432.jpg 768w, https:\/\/www.pulse-z.eu\/wp-content\/uploads\/2025\/06\/icsj-conference-2025-14-15-06-1536x864.jpg 1536w\" alt=\"\" width=\"782\" height=\"440\" aria-describedby=\"caption-attachment-16817\" \/><\/p>\n<h6 id=\"caption-attachment-16817\" class=\"wp-caption-text\"> \u00a9ICSJ<\/h6>\n<\/div>\n<h1> <b>V st\u00e1vke je sloboda tla\u010de v roku 2025<\/b><\/h1>\n<p> <span style=\"font-weight: 400;\">Je faktom, \u017ee sloboda tla\u010de je na medzin\u00e1rodnej \u00farovni testovan\u00e1 mnoh\u00fdmi sp\u00f4sobmi, od fyzick\u00fdch \u00fatokov na novin\u00e1rov na ulici a\u017e po SLAPPS (strategick\u00e9 \u017ealoby proti verejnej \u00fa\u010dasti) a digit\u00e1lne sledovanie. Bezpe\u010dnos\u0165 novin\u00e1rov u\u017e nie je len profesion\u00e1lnou po\u017eiadavkou. St\u00e1va sa pilierom demokratickej konsolid\u00e1cie a verejnej zodpovednosti. Mnohostrann\u00e1 povaha t\u00fdchto hrozieb si vy\u017eaduje komplexn\u00e9 reakcie, okrem in\u00e9ho na in\u0161titucion\u00e1lnej \u00farovni alebo prostredn\u00edctvom poskytovania psychologickej a pr\u00e1vnej podpory.<\/span><\/p>\n<p> <span style=\"font-weight: 400;\">T\u00e1to potreba viedla k tohtoro\u010dn\u00e9mu medzin\u00e1rodn\u00e9mu stretnutiu v Sol\u00fane (14. \u2013 15. j\u00fana 2025), ktor\u00e9 zorganizovalo Medzin\u00e1rodn\u00e9 centrum pre bezpe\u010dnos\u0165 novin\u00e1rov (ICSJ) v spolupr\u00e1ci s Laborat\u00f3riom mierovej \u017eurnalistiky Aristotelovej univerzity v Sol\u00fane, Gener\u00e1lnym sekretari\u00e1tom pre inform\u00e1cie a komunik\u00e1ciu, Zv\u00e4zom redaktorov Maced\u00f3nska a Tr\u00e1cie, ERT at\u010f., v spolupr\u00e1ci a s podporou z\u00e1stupcu OBSE pre slobodu m\u00e9di\u00ed a UNESCO. Cie\u013eom, ako bolo zd\u00f4raznen\u00e9 na otvoren\u00ed, je prechod \u201eod rizika k odolnosti\u201c, nielen ako abstraktn\u00e1 r\u00e9torika, ale ako opera\u010dn\u00e1 strat\u00e9gia zalo\u017een\u00e1 na medzisektorovej spolupr\u00e1ci, posilnen\u00ed vzdel\u00e1vania a in\u0161titucion\u00e1lnej ostra\u017eitosti.<\/span><\/p>\n<p> <span style=\"font-weight: 400;\">Zd\u00e1 sa, \u017ee t\u00e1to konferencia sl\u00fa\u017eila ako f\u00f3rum pre koordinovan\u00fa \u010dinnos\u0165, kde sa stretli v\u00fdskumn\u00edci, novin\u00e1ri, odbory, pr\u00e1vnici a verejn\u00ed \u010dinitelia, aby vybudovali odolnej\u0161\u00ed novin\u00e1rsky ekosyst\u00e9m.<\/span><\/p>\n<\/p>\n<h2> <b>ICSJ ako centrum odolnosti: Od v\u00fdskumu k \u010dinom<\/b><\/h2>\n<p> <span style=\"font-weight: 400;\">Konferencia v Sol\u00fane bola k\u013e\u00fa\u010dov\u00fdm momentom v transforma\u010dnom procese ICSJ na medzin\u00e1rodn\u00fd multifunk\u010dn\u00fd org\u00e1n. Ako po\u010das konferencie uviedol profesor Nikos Panagiotou, ved\u00faci centra:<\/span><\/p>\n<p> <span style=\"font-weight: 400;\">\u201eToto stretnutie predstavuje posun pre ICSJ z centra vedomost\u00ed na platformu pre hmatate\u013en\u00fa podporu. Kombin\u00e1ciou v\u00fdskumu s medzisektorovou spolupr\u00e1cou a vzdel\u00e1vac\u00edmi n\u00e1strojmi poskytujeme praktick\u00fa podporu novin\u00e1rom pracuj\u00facim pod tlakom\u201c (Panagiotou, osobn\u00e1 komunik\u00e1cia, 15. j\u00fana 2025).<\/span><\/p>\n<p> <span style=\"font-weight: 400;\">Rozmanitos\u0165 t\u00e9m, ktor\u00e9 sa objavili, vr\u00e1tane kybernetickej bezpe\u010dnosti a\u017e po psychologick\u00e9 dopady a in\u0161titucion\u00e1lne z\u00e1ruky, odr\u00e1\u017ea roz\u0161\u00edrenie poslania centra, kde je pod\u013ea p\u00e1na Panagiotoua potreba uzna\u0165 novin\u00e1rov ako verejn\u00fd statok teraz relevantnej\u0161ia ako kedyko\u013evek predt\u00fdm:<\/span><\/p>\n<p> <span style=\"font-weight: 400;\">\u201ePr\u00edstup k spo\u013eahliv\u00fdm inform\u00e1ci\u00e1m mus\u00ed by\u0165 uznan\u00fd ako verejn\u00fd statok. To je z\u00e1kladn\u00fd kame\u0148 ka\u017ed\u00e9ho ve\u013ek\u00e9ho demokratick\u00e9ho \u00fasilia\u201c (Panagiotou, osobn\u00e1 komunik\u00e1cia, 15. j\u00fana 2025).<\/span> <\/p>\n<div id=\"attachment_16825\" class=\"wp-caption aligncenter\" style=\"width: 806px;\">\n<p><img loading=\"lazy\" decoding=\"async\" class=\" wp-image-16825\" src=\"https:\/\/www.pulse-z.eu\/wp-content\/uploads\/2025\/06\/ICSJ_2025_21-scaled.jpg\" sizes=\"auto, (max-width: 796px) 100vw, 796px\" srcset=\"https:\/\/www.pulse-z.eu\/wp-content\/uploads\/2025\/06\/ICSJ_2025_21-scaled.jpg 2560w, https:\/\/www.pulse-z.eu\/wp-content\/uploads\/2025\/06\/ICSJ_2025_21-768x432.jpg 768w, https:\/\/www.pulse-z.eu\/wp-content\/uploads\/2025\/06\/ICSJ_2025_21-1536x864.jpg 1536w, https:\/\/www.pulse-z.eu\/wp-content\/uploads\/2025\/06\/ICSJ_2025_21-2048x1152.jpg 2048w\" alt=\"\" width=\"796\" height=\"448\" aria-describedby=\"caption-attachment-16825\" \/><\/p>\n<h6 id=\"caption-attachment-16825\" class=\"wp-caption-text\"> Ved\u00faci ICSJ, prof. Nikos Panagiotou<br \/> \u00a9ICSJ<\/h6>\n<\/div>\n<p> <span style=\"font-weight: 400;\">Konferencia zd\u00f4raznila k\u013e\u00fa\u010dov\u00e9 iniciat\u00edvy, ktor\u00e9 roz\u0161iruj\u00fa medzin\u00e1rodn\u00fa \u00falohu ICSJ a posil\u0148uj\u00fa jej medzisektorov\u00e9 poslanie. Na jednej strane sa organizuje \u0161pecializovan\u00e9 medzin\u00e1rodn\u00e9 stretnutie venovan\u00e9 traumatickej \u017eurnalistike s cie\u013eom spolo\u010dne rozv\u00edja\u0165 postupy psychologickej podpory. Cie\u013eom tejto iniciat\u00edvy je spoji\u0165 \u0161pecializovan\u00fdch psychol\u00f3gov, vojnov\u00fdch kore\u0161pondentov a redaktorov okolo spolo\u010dn\u00e9ho stola a polo\u017ei\u0165 z\u00e1klady pre postupy podpory zameran\u00e9 na traumu.<\/span><\/p>\n<p> <span style=\"font-weight: 400;\">Z\u00e1rove\u0148, ako poznamenal profesor Panagiotou, ved\u00faci ICSJ,<\/span> <span style=\"font-weight: 400;\">\u201eboli nadviazan\u00e9 nov\u00e9 formy spolupr\u00e1ce s novin\u00e1rskymi zv\u00e4zmi, akademick\u00fdmi in\u0161tit\u00faciami a organiz\u00e1ciami ob\u010dianskej spolo\u010dnosti s cie\u013eom spolo\u010dne vytv\u00e1ra\u0165 vzdel\u00e1vacie osnovy, bezpe\u010dnostn\u00e9 protokoly a siete pr\u00e1vnej podpory.\u201c<\/span> <span style=\"font-weight: 400;\">Partnerstv\u00e1 s\u00fa k\u013e\u00fa\u010dov\u00e9 pri ochrane \u017eurnalistiky praktick\u00fdmi prostriedkami a in\u0161titucion\u00e1lnymi z\u00e1rukami na n\u00e1rodnej aj medzin\u00e1rodnej \u00farovni.<\/span><\/p>\n<p> <span style=\"font-weight: 400;\">Okrem toho sa kladie osobitn\u00fd d\u00f4raz na \u00fa\u010das\u0165 novej gener\u00e1cie novin\u00e1rov prostredn\u00edctvom interakt\u00edvnych workshopov zameran\u00fdch na rie\u0161enie probl\u00e9mov a tvorbu strat\u00e9gi\u00ed, pri\u010dom kreativita a digit\u00e1lna kompetencia mlad\u0161\u00edch profesion\u00e1lov tvoria jadro pre rozvoj strat\u00e9gi\u00ed udr\u017eate\u013enej bezpe\u010dnosti.<\/span> <\/p>\n<div id=\"attachment_16833\" class=\"wp-caption aligncenter\" style=\"width: 741px;\">\n<p><img loading=\"lazy\" decoding=\"async\" class=\"wp-image-16833 \" src=\"https:\/\/www.pulse-z.eu\/wp-content\/uploads\/2025\/06\/ICSJ_2025_10-scaled.jpg\" sizes=\"auto, (max-width: 731px) 100vw, 731px\" srcset=\"https:\/\/www.pulse-z.eu\/wp-content\/uploads\/2025\/06\/ICSJ_2025_10-scaled.jpg 2560w, https:\/\/www.pulse-z.eu\/wp-content\/uploads\/2025\/06\/ICSJ_2025_10-768x512.jpg 768w, https:\/\/www.pulse-z.eu\/wp-content\/uploads\/2025\/06\/ICSJ_2025_10-1536x1024.jpg 1536w, https:\/\/www.pulse-z.eu\/wp-content\/uploads\/2025\/06\/ICSJ_2025_10-2048x1365.jpg 2048w\" alt=\"\" width=\"731\" height=\"487\" aria-describedby=\"caption-attachment-16833\" \/><\/p>\n<h6 id=\"caption-attachment-16833\" class=\"wp-caption-text\"> Panel 1: Zvy\u0161ovanie bezpe\u010dnosti novin\u00e1rov: N\u00e1rodn\u00e9 politiky, legislat\u00edvne \u00fasilie a medzin\u00e1rodn\u00e1 spolupr\u00e1ca Moder\u00e1tor: Yannis Kotsifos, riadite\u013e Zv\u00e4zu novin\u00e1rov Maced\u00f3nska a Tr\u00e1cie. Re\u010dn\u00edci: Nikolaos Panagiotou, ved\u00faci ICSJ, profesor, Katedra \u017eurnalistiky a komunik\u00e1cie, Aristotelova univerzita. Guildo Keel, hlavn\u00fd poradca \u00daradu OBSE pre spr\u00e1vu m\u00e9di\u00ed. Aikaterini Polyzou, ved\u00faca oddelenia pre audiovizu\u00e1lne m\u00e9di\u00e1 a internet, Gener\u00e1lny sekretari\u00e1t pre komunik\u00e1ciu a m\u00e9di\u00e1. Nedjeljko Rudovi\u0107, gener\u00e1lny riadite\u013e Medi\u00e1lneho riadite\u013estva vl\u00e1dy \u010ciernej Hory. \u00a9ICSJ<\/h6>\n<\/div>\n<p> <span style=\"font-weight: 400;\">Posilnenie poslania ICSJ je spe\u010daten\u00e9 jeho in\u0161titucion\u00e1lnym uznan\u00edm na medzin\u00e1rodnej \u00farovni. Jeho zaradenie do Glob\u00e1lneho registra n\u00e1rodn\u00fdch bezpe\u010dnostn\u00fdch mechanizmov UNESCO a jeho \u00faloha ako n\u00e1rodn\u00e9ho kontaktn\u00e9ho bodu v kampani Rady Eur\u00f3py s n\u00e1zvom Novin\u00e1rske z\u00e1le\u017eitosti s\u00fa orienta\u010dn\u00fdmi krokmi, ktor\u00e9 potvrdzuj\u00fa jeho strategick\u00e9 postavenie ako n\u00e1rodn\u00e9ho a medzin\u00e1rodn\u00e9ho partnera pre ochranu novin\u00e1rov a posil\u0148ovanie slobody tla\u010de <a href=\"https:\/\/www.amna.gr\/mobile\/article\/910906\/Thessaloniki-Apo-ton-kinduno-stin-Anthektikotita\u2014I-asfaleia-ton-dimosiografon-sto-epikentro-diethnous-sunedriou\" target=\"_blank\" rel=\"noopener\">(1)<\/a> .<\/span><\/p>\n<h2> <b>Medzin\u00e1rodn\u00fd rozmer: UNESCO, OBSE, politick\u00e1 v\u00f4\u013ea<\/b><\/h2>\n<p> <span style=\"font-weight: 400;\">K\u013e\u00fa\u010dov\u00fdm znakom konferencie bolo, \u017ee nebola v\u00fdsledkom jednej n\u00e1rodnej iniciat\u00edvy, ale aj bodom zbli\u017eovania glob\u00e1lnych in\u0161titucion\u00e1lnych hlasov v ot\u00e1zke bezpe\u010dnosti novin\u00e1rov, kde siln\u00e1 medzin\u00e1rodn\u00e1 pr\u00edtomnos\u0165 na in\u0161titucion\u00e1lnej a r\u00e9torickej \u00farovni zd\u00f4raznila potrebu zabezpe\u010di\u0165 slobodu tla\u010de a bezpe\u010dnos\u0165 novin\u00e1rov \u2013 dve veci, ktor\u00e9 u\u017e nemo\u017eno vn\u00edma\u0165 oddelene. Naopak, tvoria z\u00e1klady demokratickej s\u00fadr\u017enosti a politickej zodpovednosti.<\/span><\/p>\n<p> <span style=\"font-weight: 400;\">Tawfik Jelassi, z\u00e1stupca gener\u00e1lneho riadite\u013ea UNESCO pre komunik\u00e1ciu a inform\u00e1cie, kl\u00e1dol osobitn\u00fd d\u00f4raz na trojak\u00fd pr\u00edstup \u201ePrevencia \u2013 Ochrana \u2013 Trestn\u00e9 st\u00edhanie\u201c, ktor\u00fd tvor\u00ed z\u00e1klad Ak\u010dn\u00e9ho pl\u00e1nu OSN pre bezpe\u010dnos\u0165 novin\u00e1rov a ot\u00e1zku beztrestnosti. S ostrou a dobre zdokumentovanou r\u00e9torikou predstavil najnov\u0161ie spr\u00e1vy organiz\u00e1cie:<\/span><\/p>\n<p> <span style=\"font-weight: 400;\">\u201eMedzi rokmi 2022 a 2023 bolo na celom svete zabit\u00fdch 162 novin\u00e1rov a medi\u00e1lnych pracovn\u00edkov. To predstavuje 38 % n\u00e1rast oproti predch\u00e1dzaj\u00facemu dvojro\u010dn\u00e9mu obdobiu. E\u0161te alarmuj\u00facej\u0161ie je, \u017ee 86 % t\u00fdchto zlo\u010dinov zost\u00e1va nevyrie\u0161en\u00fdch.\u201c<\/span><\/p>\n<p> <span style=\"font-weight: 400;\">Pod\u013ea Jelassiho je teraz najnaliehavej\u0161ou ot\u00e1zkou prijatie \u201emechanizmov in\u0161titucion\u00e1lnej ochrany, ktor\u00e9 sa neobmedzuj\u00fa len na pr\u00edle\u017eitostn\u00e9 \u0161kolenia, ale s\u00fa integrovan\u00e9 do n\u00e1rodn\u00fdch politick\u00fdch kult\u00far\u201c. Z\u00e1rove\u0148 ocenil rozhodnutie Gr\u00e9cka hosti\u0165 in\u0161titucion\u00e1lne a vzdel\u00e1vacie programy, ako je ICSJ, a dodal:<\/span><\/p>\n<p> <span style=\"font-weight: 400;\">\u201eChv\u00e1lime ICSJ za jej ved\u00face postavenie v tejto oblasti. Jej zaradenie do Glob\u00e1lneho repozit\u00e1ra n\u00e1rodn\u00fdch bezpe\u010dnostn\u00fdch mechanizmov UNESCO odr\u00e1\u017ea siln\u00fd z\u00e1v\u00e4zok k n\u00e1rodn\u00fdm aj medzin\u00e1rodn\u00fdm \u0161tandardom bezpe\u010dnosti novin\u00e1rov.\u201c<\/span><\/p>\n<p> <span style=\"font-weight: 400;\">V mene Organiz\u00e1cie pre bezpe\u010dnos\u0165 a spolupr\u00e1cu v Eur\u00f3pe vyslal Jan Braathu, ved\u00faci Misie pre slobodu m\u00e9di\u00ed, jasn\u00fd odkaz v prospech politick\u00e9ho povedomia a uznal stup\u0148uj\u00face sa hrozby, ktor\u00fdm \u010delia novin\u00e1ri v \u010dlensk\u00fdch \u0161t\u00e1toch OBSE:<\/span><\/p>\n<p> <span style=\"font-weight: 400;\">\u201eV celom regi\u00f3ne OBSE novin\u00e1ri na\u010falej \u010delia mno\u017estvu hrozieb: od \u00fatokov a napadnut\u00ed pri informovan\u00ed o demon\u0161tr\u00e1ci\u00e1ch a\u017e po sledovacie opatrenia a hanliv\u00e9 kampane, ktor\u00fdch cie\u013eom je zdiskreditova\u0165 ich \u00falohu.\u201c<\/span><\/p>\n<p> <span style=\"font-weight: 400;\">Braathu kl\u00e1dol osobitn\u00fd d\u00f4raz na in\u0161titucion\u00e1lnu spolupr\u00e1cu s Medzin\u00e1rodn\u00fdm s\u00fadom pre s\u00fadnu pr\u00e1vo (ICSJ) a uznal jeho v\u00fdznam ako miesta vzdel\u00e1vania a symbolick\u00e9ho piliera legitimiz\u00e1cie novin\u00e1rskeho poslania. Uviedol, \u017ee \u201eBezpe\u010dnos\u0165 novin\u00e1rov nie je len o ich fyzickej integrite. Je to ot\u00e1zka demokratickej odolnosti,\u201c a na z\u00e1ver uviedol:<\/span><\/p>\n<p> <span style=\"font-weight: 400;\">\u201eIba bezpe\u010dn\u00ed novin\u00e1ri m\u00f4\u017eu efekt\u00edvne prispie\u0165 k poskytovaniu inform\u00e1ci\u00ed, ktor\u00e9 ob\u010dania potrebuj\u00fa na \u00fa\u010das\u0165 na demokratickej spr\u00e1ve vec\u00ed verejn\u00fdch.\u201c<\/span><\/p>\n<p> <span style=\"font-weight: 400;\">Obzvl\u00e1\u0161\u0165 zauj\u00edmav\u00e9 bolo vyhl\u00e1senie Tamary Vujovi\u0107ovej, ministerky kult\u00fary a m\u00e9di\u00ed \u010ciernej Hory, ktor\u00e1 s popul\u00e1ciou menej ako 650 000 obyvate\u013eov m\u00e1 viac ako 200 akt\u00edvnych m\u00e9di\u00ed a \u017eiv\u00fa, hoci \u010dasto polarizovan\u00fa, verejn\u00fa sf\u00e9ru. Napriek \u0161truktur\u00e1lnym prek\u00e1\u017ekam a historick\u00fdm v\u00fdzvam v regi\u00f3ne z\u00e1padn\u00e9ho Balk\u00e1nu ministerka zd\u00f4raznila politick\u00fa v\u00f4\u013eu vl\u00e1dy vytvori\u0165 in\u0161titucion\u00e1lne garantovan\u00e9 prostredie bezpe\u010dnosti a nez\u00e1vislosti pre novin\u00e1rov.<\/span><\/p>\n<p> <span style=\"font-weight: 400;\">\u201eNem\u00f4\u017eeme zmeni\u0165 v\u0161etky podmienky, ale m\u00f4\u017eeme spolo\u010dne vybudova\u0165 syst\u00e9m, ktor\u00fd pon\u00fakne bezpe\u010dnos\u0165 t\u00fdm, ktor\u00ed sa odv\u00e1\u017eia prehovori\u0165. Potrebujeme in\u0161tit\u00facie, nielen dobr\u00e9 \u00famysly\u201c <a href=\"https:\/\/www.amna.gr\/mobile\/article\/910906\/Thessaloniki-Apo-ton-kinduno-stin-Anthektikotita\u2014I-asfaleia-ton-dimosiografon-sto-epikentro-diethnous-sunedriou\" target=\"_blank\" rel=\"noopener\">(1)<\/a><\/span> <span style=\"font-weight: 400;\">.<\/span><\/p>\n<p> <span style=\"font-weight: 400;\">Minister tie\u017e zd\u00f4raznil d\u00f4le\u017eitos\u0165 cezhrani\u010dnej spolupr\u00e1ce a spolo\u010dn\u00fdch eur\u00f3pskych n\u00e1strojov, \u010d\u00edm posilnil presved\u010denie, \u017ee bezpe\u010dnos\u0165 novin\u00e1rov nie je len probl\u00e9mom \u201eve\u013emoc\u00ed\u201c alebo vojnov\u00fdch z\u00f3n, ale spolo\u010dnou eur\u00f3pskou z\u00e1le\u017eitos\u0165ou, ktor\u00e1 sa t\u00fdka aj prechodn\u00fdch demokraci\u00ed \u2013 kde s\u00fa in\u0161tit\u00facie denne testovan\u00e9 a politick\u00e1 ochrana inform\u00e1ci\u00ed nie je samozrejmos\u0165ou.<\/span><\/p>\n<p> <span style=\"font-weight: 400;\">Spolo\u010dn\u00fdm menovate\u013eom intervenci\u00ed bola potreba pr\u00edstupu ku kvalitn\u00fdm a spo\u013eahliv\u00fdm \u00fadajom s cie\u013eom zd\u00f4vodni\u0165 intervenciu, odstr\u00e1ni\u0165 beztrestnos\u0165 a vybudova\u0165 politiky na pevn\u00fdch z\u00e1kladoch. Na tomto z\u00e1klade sa medzisektorov\u00e1 spolupr\u00e1ca a in\u0161titucionaliz\u00e1cia zodpovednosti prezentovali nie ako \u201eamb\u00edcia\u201c, ale ako nevyhnutnos\u0165.<\/span><\/p>\n<\/p>\n<h2> <b>Foto\u017eurnalistika v prvej l\u00ednii: Trauma, odolnos\u0165 a \u013eudsk\u00e1 zranite\u013enos\u0165<\/b><\/h2>\n<p> <span style=\"font-weight: 400;\">Jedn\u00fdm z najpam\u00e4tnej\u0161\u00edch momentov konferencie bolo verejn\u00e9 zdie\u013eanie sk\u00fasenost\u00ed fotoreport\u00e9rov Lefterisa Pitarakisa a Kostasa Tsironisa. Dvaja profesion\u00e1li s dlhoro\u010dn\u00fdmi sk\u00fasenos\u0165ami v kr\u00edzov\u00fdch oblastiach od vojnov\u00fdch z\u00f3n a\u017e po oblasti pr\u00edrodn\u00fdch katastrof dali hlas tomu, \u010do \u010dasto zost\u00e1va nevypovedan\u00e9: psychologick\u00fdm d\u00f4sledkom profesion\u00e1lnej traumy a tenkej hranici medzi realizmom objekt\u00edvu a potrebou pre\u017eitia osoby za n\u00edm.<\/span><\/p>\n<p> <span style=\"font-weight: 400;\">Kostas Tsironis, fotoreport\u00e9r pre ANA-MPA (At\u00e9nska tla\u010dov\u00e1 agent\u00fara &#8211; Maced\u00f3nska tla\u010dov\u00e1 agent\u00fara), hovoril o \u201ebipol\u00e1rnej situ\u00e1cii\u201c medzi momentmi adrenal\u00ednu po\u010das misie a n\u00e1vratom do norm\u00e1lu.<\/span> <span style=\"font-weight: 400;\">\u201ePopisujete po\u017eiare, kr\u00edzy, extr\u00e9mne udalosti&#8230; a potom pr\u00eddete domov a je to, akoby sa ni\u010d nestalo. Toto striedanie v\u00e1m m\u00f4\u017ee pokazi\u0165 myse\u013e.\u201c<\/span> <span style=\"font-weight: 400;\">Jeho opis obdobia hospod\u00e1rskej kr\u00edzy v Gr\u00e9cku bol hlboko osobn\u00fd a \u013eudsk\u00fd, s bodom zlomu du\u0161evn\u00e9ho kolapsu, ktor\u00fd mu pripomenul, \u017ee<\/span> <span style=\"font-weight: 400;\">\u201eani alkohol, ani n\u00e1hrady nie s\u00fa rie\u0161en\u00edm\u201c.<\/span> <span style=\"font-weight: 400;\">Namiesto toho je potrebn\u00fd \u201e<\/span> <span style=\"font-weight: 400;\">niekto bl\u00edzky, kto tam bude\u201c.<\/span> <span style=\"font-weight: 400;\">Z\u00e1rove\u0148 realisticky hovoril o svojom pesimizme, pokia\u013e ide o vyhliadky na in\u0161titucion\u00e1lnu podporu zo strany pr\u00edslu\u0161n\u00fdch odborov, pri\u010dom uznal<\/span> <span style=\"font-weight: 400;\">\u201etvrd\u00e9 a odoln\u00e9 zm\u00fd\u0161\u013eanie\u201c<\/span> <span style=\"font-weight: 400;\">, ktor\u00e9 prevl\u00e1da, \u010dasto na \u00fakor du\u0161evn\u00e9ho stavu medi\u00e1lnych profesion\u00e1lov.<\/span> <\/p>\n<div id=\"attachment_16977\" class=\"wp-caption aligncenter\" style=\"width: 777px;\">\n<p><img loading=\"lazy\" decoding=\"async\" class=\"wp-image-16977 \" src=\"https:\/\/www.pulse-z.eu\/wp-content\/uploads\/2025\/06\/WhatsApp-Image-2025-06-16-at-16.03.35.jpeg\" sizes=\"auto, (max-width: 767px) 100vw, 767px\" srcset=\"https:\/\/www.pulse-z.eu\/wp-content\/uploads\/2025\/06\/WhatsApp-Image-2025-06-16-at-16.03.35.jpeg 1600w, https:\/\/www.pulse-z.eu\/wp-content\/uploads\/2025\/06\/WhatsApp-Image-2025-06-16-at-16.03.35-768x512.jpeg 768w, https:\/\/www.pulse-z.eu\/wp-content\/uploads\/2025\/06\/WhatsApp-Image-2025-06-16-at-16.03.35-1536x1023.jpeg 1536w\" alt=\"\" width=\"767\" height=\"511\" aria-describedby=\"caption-attachment-16977\" \/><\/p>\n<h6 id=\"caption-attachment-16977\" class=\"wp-caption-text\"> Panel: Frontline Frames: Uzn\u00e1van\u00ed foto\u017eurnalisti dokumentuj\u00fa konflikty, kr\u00edzy a \u013eudsk\u00e9&#8230;<br \/> Odolnos\u0165<br \/> Moder\u00e1tor: Ilias Nikezis, v\u00fdkonn\u00fd riadite\u013e ICSJ<br \/> Re\u010dn\u00edci:<br \/> Lefteris Pitarakis, videoreport\u00e9r, Associated Press<br \/> Kostas Tsironis, fotoreport\u00e9r, At\u00e9nska maced\u00f3nska tla\u010dov\u00e1 agent\u00fara<br \/> \u00a9ICSJ<\/h6>\n<\/div>\n<p> <span style=\"font-weight: 400;\">V rovnakej s\u00favislosti Lefteris Pitarakis, foto a video novin\u00e1r agent\u00fary Associated Press so sk\u00fasenos\u0165ami vo vojnov\u00fdch z\u00f3nach, ako s\u00fa Afganistan, Palest\u00edna a Irak, op\u00edsal potrebu vedom\u00e9ho di\u0161tancovania sa:<\/span> <span style=\"font-weight: 400;\">\u201eZa kamerou je profesion\u00e1lna, nie osobn\u00e1 anga\u017eovanos\u0165.\u201c<\/span> <span style=\"font-weight: 400;\">Napriek tomu uznal, \u017ee psychick\u00fd tlak je neust\u00e1ly a \u017ee mnoh\u00ed kolegovia sa uchy\u013euj\u00fa k l\u00e1tkam, aby sa s traumou vyrovnali: \u201eNepotrebujete whisky, potrebujete vodu a niekoho, kto tu pre v\u00e1s bude.\u201c Rovnako v\u00fdznamn\u00e1 bola jeho zmienka o Centre DART pre \u017eurnalistiku a traumu, pri\u010dom zd\u00f4raznil potrebu za\u010dleni\u0165 tak\u00e9to postupy v oblasti du\u0161evn\u00e9ho zdravia do in\u0161titucion\u00e1lnej\u0161\u00edch a n\u00e1rodn\u00fdch r\u00e1mcov.<\/span><\/p>\n<p> <span style=\"font-weight: 400;\">Oba z\u00e1sahy sa nakoniec zhodli na jednej z\u00e1sadnej pravde: prv\u00fdm krokom pri rie\u0161en\u00ed traumy nie je lie\u010dba, ale pr\u00edtomnos\u0165, jednoducho bytie tam. Hum\u00e1nna, neozdoben\u00e1 a nevyhnutn\u00e1 pripomienka.<\/span><\/p>\n<h2> <b>Semin\u00e1r o pre\u017eit\u00ed pre novin\u00e1rov<\/b><\/h2>\n<p> <span style=\"font-weight: 400;\">Spomedzi praktick\u00fdch workshopov, ktor\u00e9 na konferencii vynikli, bol semin\u00e1r prvej pomoci pre ter\u00e9nnych novin\u00e1rov jedn\u00fdm z najpriamej\u0161\u00edch a naju\u017eito\u010dnej\u0161\u00edch z\u00e1sahov. Semin\u00e1r, ktor\u00fd bol navrhnut\u00fd tak, aby sp\u013a\u0148al skuto\u010dn\u00e9 potreby report\u00e9rov, ktor\u00ed informuj\u00fa o protestoch, vojnov\u00fdch z\u00f3nach alebo pr\u00edrodn\u00fdch katastrof\u00e1ch, pon\u00fakol z\u00e1kladn\u00e9, ale k\u013e\u00fa\u010dov\u00e9 poznatky o tom, ako rie\u0161i\u0165 n\u00fadzov\u00e9 situ\u00e1cie.<\/span><\/p>\n<p> <span style=\"font-weight: 400;\">\u00da\u010dastn\u00edci boli \u0161kolen\u00ed v zru\u010dnostiach, ako je o\u0161etrovanie zranen\u00ed, vykon\u00e1vanie KPR, rozpozn\u00e1vanie kritick\u00fdch sympt\u00f3mov a bezpe\u010dn\u00e1 preprava zranen\u00fdch os\u00f4b, prostredn\u00edctvom realistick\u00fdch scen\u00e1rov a simul\u00e1ci\u00ed na mieste. V\u00e4\u010d\u0161ina \u00fa\u010dastn\u00edkov op\u00edsala t\u00fato sk\u00fasenos\u0165 ako \u201ejednu z najzmysluplnej\u0161\u00edch a najpotrebnej\u0161\u00edch, ak\u00e9 sme kedy mali\u201c, zatia\u013e \u010do viacer\u00ed poznamenali, \u017ee tento typ praktick\u00e9ho \u0161kolenia by mal by\u0165 povinn\u00fd v programoch \u017eurnalistick\u00e9ho vzdel\u00e1vania, ako aj v redak\u010dn\u00fdch smerniciach m\u00e9di\u00ed.<\/span><\/p>\n<p> <span style=\"font-weight: 400;\">Workshop posilnil filozofiu konferencie, \u017ee bezpe\u010dnos\u0165 nie je len in\u0161titucion\u00e1lnou alebo technickou z\u00e1le\u017eitos\u0165ou, ale aj ot\u00e1zkou ka\u017edodennej pripravenosti, pre\u017eitia a kamar\u00e1tstva v ter\u00e9ne.<\/span> <\/p>\n<div id=\"attachment_16849\" class=\"wp-caption aligncenter\" style=\"width: 720px;\">\n<p><img loading=\"lazy\" decoding=\"async\" class=\" wp-image-16849\" src=\"https:\/\/www.pulse-z.eu\/wp-content\/uploads\/2025\/06\/ICSJ_2025_37-scaled.jpg\" sizes=\"auto, (max-width: 710px) 100vw, 710px\" srcset=\"https:\/\/www.pulse-z.eu\/wp-content\/uploads\/2025\/06\/ICSJ_2025_37-scaled.jpg 2560w, https:\/\/www.pulse-z.eu\/wp-content\/uploads\/2025\/06\/ICSJ_2025_37-768x512.jpg 768w, https:\/\/www.pulse-z.eu\/wp-content\/uploads\/2025\/06\/ICSJ_2025_37-1536x1024.jpg 1536w, https:\/\/www.pulse-z.eu\/wp-content\/uploads\/2025\/06\/ICSJ_2025_37-2048x1365.jpg 2048w\" alt=\"\" width=\"710\" height=\"473\" aria-describedby=\"caption-attachment-16849\" \/><\/p>\n<h6 id=\"caption-attachment-16849\" class=\"wp-caption-text\"> \u00a9ICSJ<\/h6>\n<\/div>\n<h2> <b>Politick\u00e9 odpor\u00fa\u010dania a de\u0148 po \u0148om<\/b><\/h2>\n<p> <span style=\"font-weight: 400;\">Na konci konferencie bolo jasn\u00e9, \u017ee ochrana novin\u00e1rov sa nem\u00f4\u017ee obmedzova\u0165 len na obhajobu, ale vy\u017eaduje si \u0161truktur\u00e1lne z\u00e1sahy, r\u00e1mce spolupr\u00e1ce a politick\u00fa zodpovednos\u0165, aby bola bezpe\u010dnos\u0165 in\u0161titucionalizovan\u00e1 a implementovan\u00e1 v praxi, nie ako v\u00fdnimky, ale ako pravidlo.<\/span><\/p>\n<p> <span style=\"font-weight: 400;\">Ako zd\u00f4raznil Nikos Panagiotou, ved\u00faci ICSJ,<\/span> <span style=\"font-weight: 400;\">\u201et\u00e1to konferencia predstavuje posun od akademick\u00e9ho zaznamen\u00e1vania k praktick\u00e9mu spolo\u010dn\u00e9mu vytv\u00e1raniu rie\u0161en\u00ed. ICSJ nie je len v\u00fdskumn\u00fdm centrom, ale aj oblas\u0165ou konvergencie, intervencie a starostlivosti o t\u00fdch, ktor\u00ed s\u00fa v prvej l\u00ednii inform\u00e1ci\u00ed.\u201c<\/span> <span style=\"font-weight: 400;\">Zd\u00f4raznil, \u017ee medzisektorov\u00e1 \u00fa\u010das\u0165 a aliancie, ktor\u00e9 vznikli,<\/span> <span style=\"font-weight: 400;\">\u201edl\u00e1\u017edia cestu pre vytvorenie in\u0161titucion\u00e1lnych n\u00e1strojov, a to v r\u00e1mci hran\u00edc aj za ich hranicami.\u201c<\/span> <span style=\"font-weight: 400;\">Z\u00e1rove\u0148 je druh\u00fdm pilierom intervencie spolupr\u00e1ca s novin\u00e1rskymi zdru\u017eeniami, akademick\u00fdmi in\u0161tit\u00faciami a mimovl\u00e1dnymi organiz\u00e1ciami. Konkr\u00e9tne n\u00e1vrhy sa t\u00fdkaj\u00fa:<\/span><\/p>\n<ul>\n<li style=\"font-weight: 400;\"> <span style=\"font-weight: 400;\">Integr\u00e1cia modulov bezpe\u010dnostn\u00e9ho \u0161kolenia do vysoko\u0161kolsk\u00e9ho vzdel\u00e1vania<\/span><\/li>\n<li style=\"font-weight: 400;\"> <span style=\"font-weight: 400;\">Vytv\u00e1ranie spolo\u010dn\u00fdch siet\u00ed pr\u00e1vnej podpory pre ohrozen\u00fdch novin\u00e1rov<\/span><\/li>\n<li style=\"font-weight: 400;\"> <span style=\"font-weight: 400;\">Zavedenie intern\u00fdch bezpe\u010dnostn\u00fdch protokolov v r\u00e1mci redak\u010dn\u00fdch t\u00edmov a spravodajsk\u00fdch organiz\u00e1ci\u00ed.<\/span><\/li>\n<\/ul>\n<p> <span style=\"font-weight: 400;\">K\u013e\u00fa\u010dov\u00fdm faktorom je akt\u00edvna \u00fa\u010das\u0165 mlad\u0161ej gener\u00e1cie, ktor\u00e1 sa vn\u00edmala nielen ako mor\u00e1lna povinnos\u0165, ale aj ako praktick\u00fd k\u013e\u00fa\u010d k inov\u00e1ci\u00e1m. Mlad\u0161\u00ed novin\u00e1ri sa z\u00fa\u010dast\u0148ovali interakt\u00edvnych workshopov a procesov spolo\u010dnej tvorby, pri\u010dom okrem in\u00e9ho navrhovali digit\u00e1lne n\u00e1stroje varovania v pr\u00edpade \u00fatoku alebo sledovania, ako aj informa\u010dn\u00e9 kampane medzi rovesn\u00edkmi na soci\u00e1lnych sie\u0165ach.<\/span><\/p>\n<p> <span style=\"font-weight: 400;\">Ako v\u00fdsti\u017ene poznamenal ve\u013evyslanec Jan Braathu (OBSE),<\/span> <span style=\"font-weight: 400;\">\u201eiba bezpe\u010dn\u00ed novin\u00e1ri m\u00f4\u017eu sl\u00fa\u017ei\u0165 demokracii. Bezpe\u010dnos\u0165 je predpokladom, nie privil\u00e9giom.\u201c<\/span><\/p>\n<p> <span style=\"font-weight: 400;\">Diskusiu o vytvoren\u00ed celoeur\u00f3pskeho mechanizmu monitorovania riz\u00edk predlo\u017eili z\u00e1stupcovia medzin\u00e1rodn\u00fdch organiz\u00e1ci\u00ed a o\u010dak\u00e1va sa, \u017ee sa k nej vr\u00e1ti na nasleduj\u00facej konferencii. Diskusia sa skon\u010dila spolo\u010dn\u00fdm porozumen\u00edm, \u017ee kolekt\u00edvne odhodlanie mo\u017eno premietnu\u0165 do konkr\u00e9tnych a realizovate\u013en\u00fdch polit\u00edk.<\/span><\/p>\n<p> Referencie:<\/p>\n<ul>\n<li class=\"p1\"> At\u00e9nsko-maced\u00f3nska tla\u010dov\u00e1 agent\u00fara. (2025, 14. j\u00fana). \u0398\u03b5\u03c3\u03c3\u03b1\u03bb\u03bf\u03bd\u03af\u03ba\u03b7: \u00ab\u0391\u03c0\u03cc \u03c4\u03bf\u03bd \u03ba\u03af\u03bd\u03b4\u03c5\u03bd\u03bf \u03c3\u03c4\u03b7\u03bd \u0391\u03bd\u03b8\u03b5\u03ba\u03c4\u03b9\u03ba\u03cc\u03c4\u03b7\u03c4\u03b1\u00bb \u2013 \u0397 \u03b1\u03c3\u03c6\u03ac\u03bb\u03b5\u03b9\u03b1\u03c4\u03bc\u03b7\u03c9\u03bd \u03c6\u03b9\u03b4\u03c1\u03bc\u03b7\u03c9\u03bd \u03c6\u03b9\u03b4\u03c3\u03c1\u03b7\u03c9\u03bd\u03c6\u03b9\u03c3\u03c3\u03c5\u03bd\u03bf \u03c3\u03c4\u03b7\u03bd \u0391\u03bd\u03b8\u03b5\u03ba\u03c4\u03b9\u03ba\u03cc\u03c4\u03b7\u03c4\u03b1 \u03c3\u03c4\u03bf \u03b5\u03c0\u03af\u03ba\u03b5\u03bd\u03c4\u03c1\u03bf \u03b4\u03b9\u03b5\u03b8\u03bd\u03bf\u03cd\u03c2 \u03c3\u03c5\u03bd\u03b5\u03b4\u03c1\u03af\u03bf\u03c5. https:\/\/www.amna.gr\/mobile\/article\/910906\/Thessaloniki-Apo-ton-kinduno-stin-Anthektikotita\u2014I-asfaleia-ton-dimosiografon-sto-epikentro-diethnous-sunedriou<\/li>\n<li> <span style=\"font-weight: 400;\">ICSJ, Z\u00e1vere\u010dn\u00fd program konferencie \u201eOd rizika k odolnosti: multidisciplin\u00e1rny pr\u00edstup\u201c,<\/span> <a href=\"https:\/\/www.pulse-z.eu\/wp-content\/uploads\/2025\/06\/SAFETY-Agenda-FINAL-12.pdf\">BEZPE\u010cNOSTN\u00dd program FINAL 12<\/a><\/li>\n<\/ul>\n","protected":false},"excerpt":{"rendered":"<p>\u00a9ICSJ V st\u00e1vke je sloboda tla\u010de v roku 2025 Je faktom, \u017ee sloboda tla\u010de je na medzin\u00e1rodnej \u00farovni testovan\u00e1 mnoh\u00fdmi sp\u00f4sobmi, od fyzick\u00fdch \u00fatokov na novin\u00e1rov na ulici a\u017e po SLAPPS (strategick\u00e9 \u017ealoby proti verejnej [&hellip;]<\/p>\n","protected":false},"author":355,"featured_media":19834,"comment_status":"closed","ping_status":"closed","sticky":false,"template":"","format":"standard","meta":{"_acf_changed":false,"footnotes":""},"categories":[665],"tags":[1504,1505,1506,1507,1508,1509,1510,1511,1512,1513,1514,1515,1516,1517,1518,1519,1520,1521],"post_formats":[673],"coauthors":[],"class_list":["post-16919","post","type-post","status-publish","format-standard","has-post-thumbnail","hentry","category-spajanie-bodiek","tag-digital-threats-sk","tag-freedom-of-expression-sk","tag-icsj-sk","tag-international-cooperation-sk","tag-journalist-safety-sk","tag-journalist-wellbeing-sk","tag-media-education-sk","tag-media-policy-sk","tag-media-resilience-sk","tag-newsroom-protocols-sk","tag-osce-sk","tag-photojournalism-sk","tag-press-freedom-sk","tag-public-interest-journalism-sk","tag-slapps-sk","tag-thessaloniki-conference-sk","tag-trauma-journalism-sk","tag-unesco-sk","post_formats-clanky"],"acf":[],"_links":{"self":[{"href":"https:\/\/www.pulse-z.eu\/sk\/wp-json\/wp\/v2\/posts\/16919","targetHints":{"allow":["GET"]}}],"collection":[{"href":"https:\/\/www.pulse-z.eu\/sk\/wp-json\/wp\/v2\/posts"}],"about":[{"href":"https:\/\/www.pulse-z.eu\/sk\/wp-json\/wp\/v2\/types\/post"}],"author":[{"embeddable":true,"href":"https:\/\/www.pulse-z.eu\/sk\/wp-json\/wp\/v2\/users\/355"}],"replies":[{"embeddable":true,"href":"https:\/\/www.pulse-z.eu\/sk\/wp-json\/wp\/v2\/comments?post=16919"}],"version-history":[{"count":73,"href":"https:\/\/www.pulse-z.eu\/sk\/wp-json\/wp\/v2\/posts\/16919\/revisions"}],"predecessor-version":[{"id":24892,"href":"https:\/\/www.pulse-z.eu\/sk\/wp-json\/wp\/v2\/posts\/16919\/revisions\/24892"}],"wp:featuredmedia":[{"embeddable":true,"href":"https:\/\/www.pulse-z.eu\/sk\/wp-json\/wp\/v2\/media\/19834"}],"wp:attachment":[{"href":"https:\/\/www.pulse-z.eu\/sk\/wp-json\/wp\/v2\/media?parent=16919"}],"wp:term":[{"taxonomy":"category","embeddable":true,"href":"https:\/\/www.pulse-z.eu\/sk\/wp-json\/wp\/v2\/categories?post=16919"},{"taxonomy":"post_tag","embeddable":true,"href":"https:\/\/www.pulse-z.eu\/sk\/wp-json\/wp\/v2\/tags?post=16919"},{"taxonomy":"post_formats","embeddable":true,"href":"https:\/\/www.pulse-z.eu\/sk\/wp-json\/wp\/v2\/post_formats?post=16919"},{"taxonomy":"author","embeddable":true,"href":"https:\/\/www.pulse-z.eu\/sk\/wp-json\/wp\/v2\/coauthors?post=16919"}],"curies":[{"name":"wp","href":"https:\/\/api.w.org\/{rel}","templated":true}]}}