{"id":92958,"date":"2025-07-04T14:37:25","date_gmt":"2025-07-04T14:37:25","guid":{"rendered":"https:\/\/www.pulse-z.eu\/che-cosa-sono-le-politiche-di-coesione-europee-e-cosa-centrano-con-il-piano-di-riarmo\/"},"modified":"2026-03-24T11:34:30","modified_gmt":"2026-03-24T11:34:30","slug":"ce-sunt-politicile-europene-de-coeziune-si-ce-legatura-au-acestea-cu-planul-de-reinarmare","status":"publish","type":"post","link":"https:\/\/www.pulse-z.eu\/ro\/ce-sunt-politicile-europene-de-coeziune-si-ce-legatura-au-acestea-cu-planul-de-reinarmare\/","title":{"rendered":"Ce sunt politicile europene de coeziune \u0219i ce leg\u0103tur\u0103 au acestea cu planul de re\u00eenarmare"},"content":{"rendered":"\n<p>Articol de Annalisa Girardi \u2013 Jurnalist, Fanpage.it<\/p>\n<p> Fondurile <a href=\"https:\/\/www.fanpage.it\/politica\/cosa-sono-le-politiche-di-coesione-dellue-gli-obiettivi-e-come-vengono-finanziati-i-fondi\/\" target=\"_blank\" rel=\"noopener\">politicii de coeziune<\/a> sunt unul dintre principalele canale de finan\u021bare pentru politicile europene. \u00cen ultimele s\u0103pt\u0103m\u00e2ni, pre\u0219edinta Comisiei Europene, Ursula von der Leyen, le-a men\u021bionat, suger\u00e2nd utilizarea acestui instrument ca parte integrant\u0103 a planului <a href=\"https:\/\/www.fanpage.it\/esteri\/von-der-leyen-presenta-il-piano-rearmeu-per-la-difesa-europea-il-tempo-delle-illusioni-e-finito\/\" target=\"_blank\" rel=\"noopener\">RearmEU<\/a> . Aceast\u0103 idee, \u00eens\u0103, nu este pe placul Italiei: \u201eNu inten\u021bion\u0103m s\u0103 deturn\u0103m niciun euro din fondurile de coeziune pentru ap\u0103rare\u201d, a declarat Giorgia Meloni \u00een Parlament, \u00een fa\u021ba Consiliului European.<\/p>\n<p> Dar s\u0103 arunc\u0103m o privire mai atent\u0103 asupra fondurilor de coeziune. <a href=\"https:\/\/www.europarl.europa.eu\/factsheets\/it\/sheet\/96\/fondo-di-coesione\" target=\"_blank\" rel=\"noopener\">Dup\u0103 cum explic\u0103 Parlamentul European<\/a> , fondurile de coeziune au fost \u00eenfiin\u021bate \u201e <em>cu scopul de a consolida coeziunea economic\u0103, social\u0103 \u0219i teritorial\u0103 a Uniunii Europene pentru a promova dezvoltarea durabil\u0103<\/em> \u201d. \u00cen perioada 2021-2027, obiectivele care vor fi sprijinite sunt:<\/p>\n<ul>\n<li> investi\u021bii \u00een probleme de mediu, inclusiv \u00een sectoare legate de dezvoltarea durabil\u0103 \u0219i energie care au beneficii pentru mediu;<\/li>\n<li> re\u021belele transeuropene \u00een ceea ce prive\u0219te infrastructura de transport;<\/li>\n<li> asisten\u021b\u0103 tehnic\u0103.<\/li>\n<\/ul>\n<p> Fondurile de coeziune sunt utilizate pentru finan\u021barea diverselor programe \u0219i sunt gestionate at\u00e2t de Comisie, c\u00e2t \u0219i de autorit\u0103\u021bile na\u021bionale \u0219i regionale ale statelor membre.<\/p>\n<p>Pe scurt, <a href=\"https:\/\/opencoesione.gov.it\/it\/politica_coesione\/#:~:text=La%20politica%20di%20coesione%20ha,e%20le%20persone%20pi%C3%B9%20fragili.\" target=\"_blank\" rel=\"noopener\">politicile de coeziune<\/a> urm\u0103resc <strong>reducerea decalajelor \u0219i disparit\u0103\u021bilor<\/strong> dintre teritoriile \u0219i regiunile europene, concentr\u00e2ndu-se \u00een special pe zonele mai pu\u021bin dezvoltate, sporind astfel oportunit\u0103\u021bile de dezvoltare economic\u0103 \u0219i social\u0103 pentru comunit\u0103\u021bile cele mai vulnerabile. Toate aceste politici sunt finan\u021bate din fonduri structurale, <a href=\"https:\/\/politichecoesione.governo.it\/it\/politica-di-coesione\/i-fondi-della-politica-di-coesione\/\" target=\"_blank\" rel=\"noopener\">dintre care exist\u0103 trei tipuri principale<\/a> :<\/p>\n<ul>\n<li> <strong>Fondul European de Dezvoltare Regional\u0103 (FEDR)<\/strong> , care este principalul instrument financiar pentru promovarea cre\u0219terii economice \u0219i a ocup\u0103rii for\u021bei de munc\u0103 \u00een regiunile europene \u0219i pentru reducerea disparit\u0103\u021bilor \u0219i dezechilibrelor \u00een materie de dezvoltare.<\/li>\n<li> <strong>Fondul Social European (FSE)<\/strong> , al c\u0103rui obiectiv principal este de a sprijini statele membre \u00een atingerea unor niveluri ridicate \u0219i adecvate de ocupare a for\u021bei de munc\u0103 calificate \u0219i reziliente \u0219i de protec\u021bie social\u0103 echitabil\u0103 \u0219i incluziv\u0103, contribuind astfel la priorit\u0103\u021bile Uniunii;<\/li>\n<li> <strong>Fondul pentru o tranzi\u021bie just\u0103 (FTJ)<\/strong> , care sprijin\u0103 investi\u021biile pentru o tranzi\u021bie echitabil\u0103 \u0219i durabil\u0103 c\u0103tre o economie a Uniunii neutr\u0103 din punct de vedere climatic p\u00e2n\u0103 \u00een 2050.<\/li>\n<\/ul>\n<p> C\u00e2nd a prezentat planul de re\u00eenarmare, pre\u0219edinta von der Leyen a men\u021bionat utilizarea fondurilor de coeziune printre diversele instrumente de sprijinire a cheltuielilor pentru ap\u0103rare. Cu toate acestea, mai multe \u021b\u0103ri au \u00eendoieli \u00een aceast\u0103 privin\u021b\u0103, iar Italia este una dintre ele.<\/p>\n","protected":false},"excerpt":{"rendered":"<p>Articol de Annalisa Girardi \u2013 Jurnalist, Fanpage.it Fondurile politicii de coeziune sunt unul dintre principalele canale de finan\u021bare pentru politicile europene. \u00cen ultimele s\u0103pt\u0103m\u00e2ni, pre\u0219edinta Comisiei Europene, Ursula von der Leyen, le-a men\u021bionat, suger\u00e2nd utilizarea [&hellip;]<\/p>\n","protected":false},"author":173,"featured_media":0,"comment_status":"closed","ping_status":"closed","sticky":false,"template":"","format":"standard","meta":{"_acf_changed":false,"footnotes":""},"categories":[714],"tags":[889,5898,27611,27612,3978,3385,27613,27614,27615,3981],"post_formats":[664],"coauthors":[3918],"class_list":["post-92958","post","type-post","status-publish","format-standard","hentry","category-actualitate","tag-eu-ro","tag-european-parliament-ro","tag-european-regional-development-fund","tag-european-social-fund","tag-giorgia-meloni-ro","tag-italy-ro","tag-just-transition-fund","tag-politiche-di-coesione","tag-rearmeu","tag-ursula-von-der-leyen-ro","post_formats-articole"],"acf":[],"_links":{"self":[{"href":"https:\/\/www.pulse-z.eu\/ro\/wp-json\/wp\/v2\/posts\/92958","targetHints":{"allow":["GET"]}}],"collection":[{"href":"https:\/\/www.pulse-z.eu\/ro\/wp-json\/wp\/v2\/posts"}],"about":[{"href":"https:\/\/www.pulse-z.eu\/ro\/wp-json\/wp\/v2\/types\/post"}],"author":[{"embeddable":true,"href":"https:\/\/www.pulse-z.eu\/ro\/wp-json\/wp\/v2\/users\/173"}],"replies":[{"embeddable":true,"href":"https:\/\/www.pulse-z.eu\/ro\/wp-json\/wp\/v2\/comments?post=92958"}],"version-history":[{"count":8,"href":"https:\/\/www.pulse-z.eu\/ro\/wp-json\/wp\/v2\/posts\/92958\/revisions"}],"predecessor-version":[{"id":92987,"href":"https:\/\/www.pulse-z.eu\/ro\/wp-json\/wp\/v2\/posts\/92958\/revisions\/92987"}],"wp:attachment":[{"href":"https:\/\/www.pulse-z.eu\/ro\/wp-json\/wp\/v2\/media?parent=92958"}],"wp:term":[{"taxonomy":"category","embeddable":true,"href":"https:\/\/www.pulse-z.eu\/ro\/wp-json\/wp\/v2\/categories?post=92958"},{"taxonomy":"post_tag","embeddable":true,"href":"https:\/\/www.pulse-z.eu\/ro\/wp-json\/wp\/v2\/tags?post=92958"},{"taxonomy":"post_formats","embeddable":true,"href":"https:\/\/www.pulse-z.eu\/ro\/wp-json\/wp\/v2\/post_formats?post=92958"},{"taxonomy":"author","embeddable":true,"href":"https:\/\/www.pulse-z.eu\/ro\/wp-json\/wp\/v2\/coauthors?post=92958"}],"curies":[{"name":"wp","href":"https:\/\/api.w.org\/{rel}","templated":true}]}}