{"id":86926,"date":"2026-03-08T08:00:01","date_gmt":"2026-03-08T08:00:01","guid":{"rendered":"https:\/\/www.pulse-z.eu\/two-eu-countries-still-deny-women-the-right-to-choose\/"},"modified":"2026-03-08T08:00:55","modified_gmt":"2026-03-08T08:00:55","slug":"doua-tari-din-ue-inca-refuza-femeilor-dreptul-de-a-alege","status":"publish","type":"post","link":"https:\/\/www.pulse-z.eu\/ro\/doua-tari-din-ue-inca-refuza-femeilor-dreptul-de-a-alege\/","title":{"rendered":"Dou\u0103 \u021b\u0103ri din UE \u00eenc\u0103 refuz\u0103 femeilor dreptul de a alege"},"content":{"rendered":"\n<p><span style=\"font-weight: 400\">Dac\u0103 a\u021bi mic\u0219ora imaginea \u0219i a\u021bi privi<\/span> <a href=\"https:\/\/european-union.europa.eu\/index_en\" target=\"_blank\" rel=\"noopener\"><span style=\"font-weight: 400\">Uniunea European\u0103<\/span><\/a> <span style=\"font-weight: 400\">\u00een ansamblu, a\u021bi crede c\u0103 drepturile femeilor se afl\u0103 \u00een prim-planul<\/span> <a href=\"https:\/\/european-union.europa.eu\/principles-countries-history\/principles-and-values\/aims-and-values_en\" target=\"_blank\" rel=\"noopener\"><span style=\"font-weight: 400\">valorilor europene<\/span><\/a> <span style=\"font-weight: 400\">, \u00een special \u00een ceea ce prive\u0219te<\/span><a href=\"https:\/\/reproductiverights.org\/europe-abortion-laws-2025\/\" target=\"_blank\" rel=\"noopener\"><span style=\"font-weight: 400\">dreptul la avort.<\/span><\/a> <span style=\"font-weight: 400\">La urma urmei, egalitatea dintre b\u0103rba\u021bi \u0219i femei este unul dintre principiile fondatoare ale Uniunii Europene, dat\u00e2nd din<\/span> <a href=\"https:\/\/eur-lex.europa.eu\/EN\/legal-content\/glossary\/equality-between-women-and-men.html\" target=\"_blank\" rel=\"noopener\"><span style=\"font-weight: 400\">Tratatul de la Roma din 1957.<\/span><\/a> <span style=\"font-weight: 400\">Totu\u0219i, ast\u0103zi, 8 martie 2026, de<\/span> <a href=\"https:\/\/www.internationalwomensday.com\/\" target=\"_blank\" rel=\"noopener\"><span style=\"font-weight: 400\">Ziua Interna\u021bional\u0103 a Femeii<\/span><\/a> <span style=\"font-weight: 400\">, dou\u0103 state membre ale UE \u00eenchid ochii de mult timp \u00een privin\u021ba avortului, \u0219i anume<\/span> <a href=\"https:\/\/reproductiverights.org\/news\/one-year-on-poland-has-yet-to-act-on-un-recommendations-for-abortion-law-reform\/\" target=\"_blank\" rel=\"noopener\"><span style=\"font-weight: 400\">Polonia<\/span><\/a> <span style=\"font-weight: 400\">\u0219i<\/span> <a href=\"https:\/\/reproductiverights.org\/news\/maltas-amended-abortion-law-will-not-protect-womens-health-and-lives\/\" target=\"_blank\" rel=\"noopener\"><span style=\"font-weight: 400\">Malta.<\/span><\/a><span style=\"font-weight: 400\">\u00a0<\/span><\/p>\n<p><span style=\"font-weight: 400\">Uniunea European\u0103 se m\u00e2ndre\u0219te cu instrumente juridice obligatorii pe care statele membre sunt obligate s\u0103 le respecte.<\/span> <a href=\"https:\/\/www.europarl.europa.eu\/ftu\/pdf\/en\/FTU_4.1.2.pdf\" target=\"_blank\" rel=\"noopener\"><span style=\"font-weight: 400\">Articolul 2<\/span><\/a> <span style=\"font-weight: 400\">din Tratatul privind Uniunea European\u0103 enumer\u0103 egalitatea ca valoare fundamental\u0103.<\/span> <a href=\"https:\/\/fra.europa.eu\/en\/eu-charter\/article\/3-right-integrity-person\" target=\"_blank\" rel=\"noopener\"><span style=\"font-weight: 400\">Articolul 3<\/span><\/a> <span style=\"font-weight: 400\">din Carta Drepturilor Fundamentale garanteaz\u0103 dreptul la integritate fizic\u0103.<\/span> <a href=\"https:\/\/equineteurope.org\/wp-content\/uploads\/2025\/10\/EU-202-2030-Gender-Equality-Strategy-Consultation.pdf\" target=\"_blank\" rel=\"noopener\"><span style=\"font-weight: 400\">Strategia UE pentru egalitatea de gen 2026-2030<\/span><\/a> <span style=\"font-weight: 400\">a fost elaborat\u0103 pentru a accelera ac\u021biunile \u00een domeniul drepturilor femeilor.<\/span><\/p>\n<p> <span style=\"font-weight: 400\">Totu\u0219i,<\/span> <a href=\"https:\/\/equineteurope.org\/wp-content\/uploads\/2025\/10\/EU-202-2030-Gender-Equality-Strategy-Consultation.pdf\" target=\"_blank\" rel=\"noopener\"><span style=\"font-weight: 400\">\u00eens\u0103\u0219i Strategia<\/span><\/a> <span style=\"font-weight: 400\">recunoa\u0219te<\/span> <i><span style=\"font-weight: 400\">\u201ebariere \u00een calea contracep\u021biei \u0219i restric\u021bii privind avortul legal \u0219i \u00een condi\u021bii de siguran\u021b\u0103, chiar \u0219i \u00een unele state membre ale UE\u201d.<\/span><\/i> <span style=\"font-weight: 400\">\u00cen propriile grani\u021be,<\/span> <a href=\"https:\/\/secure.avaaz.org\/campaign\/en\/my_voice_my_choice_1_0\/?fpla\" target=\"_blank\" rel=\"noopener\"><span style=\"font-weight: 400\">milioane de femei<\/span><\/a> <span style=\"font-weight: 400\">sunt private de dreptul de a alege ce se \u00eent\u00e2mpl\u0103 cu corpul lor.<\/span><\/p>\n<p> <span style=\"font-weight: 400\">De\u0219i legisla\u021bia privind avortul r\u0103m\u00e2ne \u00een mare parte de competen\u021ba fiec\u0103rui stat membru, UE poate exercita presiuni politice \u0219i poate stabili standarde de egalitate. Cu toate acestea, exist\u0103 \u00eenc\u0103 tensiuni \u00eentre dreptul penal na\u021bional \u0219i valorile europene comune, care stau la baza dezbaterii actuale.<\/span><\/p>\n<p><span style=\"font-weight: 400\">Privind mai \u00eent\u00e2i imaginea de ansamblu, cum ar fi standardele interna\u021bionale \u00een materie de s\u0103n\u0103tate \u0219i drepturile omului, ace\u0219tia abordeaz\u0103 avortul \u00een primul r\u00e2nd ca pe<\/span> <a href=\"https:\/\/www.amnesty.org\/en\/what-we-do\/sexual-and-reproductive-rights\/abortion-facts\/\" target=\"_blank\" rel=\"noopener\"><span style=\"font-weight: 400\">o \u00eengrijire medical\u0103 \u0219i autonomie corporal\u0103<\/span><\/a> <span style=\"font-weight: 400\">, nu ca pe omor.<\/span><\/p>\n<p> Organiza\u021bia <span style=\"font-weight: 400\">Mondial\u0103<\/span><a href=\"https:\/\/www.who.int\/news-room\/fact-sheets\/detail\/abortion\" target=\"_blank\" rel=\"noopener\"><span style=\"font-weight: 400\">a S\u0103n\u0103t\u0103\u021bii<\/span><\/a> <span style=\"font-weight: 400\">trateaz\u0103 avortul ca o component\u0103 imperativ\u0103 a \u00eengrijirii s\u0103n\u0103t\u0103\u021bii sexuale \u0219i reproductive \u0219i<\/span> <a href=\"https:\/\/srhr.org\/abortioncare\/chapter-2\/recommendations-relating-to-regulation-of-abortion-2-2\/law-policy-recommendation-3-gestational-age-limits-2-2-3\/\" target=\"_blank\" rel=\"noopener\"><span style=\"font-weight: 400\">recomand\u0103<\/span><\/a> <span style=\"font-weight: 400\">\u00eempotriva legilor care interzic avortul exclusiv pe baza<\/span> limitei <a href=\"https:\/\/ec.europa.eu\/eurostat\/statistics-explained\/SEPDF\/cache\/7754.pdf\" target=\"_blank\" rel=\"noopener\"><span style=\"font-weight: 400\">de v\u00e2rst\u0103 gesta\u021bional\u0103<\/span><\/a> <span style=\"font-weight: 400\">, deoarece astfel de restric\u021bii \u00eent\u00e2rzie accesul \u0219i sporesc daunele, \u00een loc s\u0103 \u201eprotejeze via\u021ba\u201d.<\/span><\/p>\n<p> <span style=\"font-weight: 400\">\u00cen mod similar,<\/span> organismele create de Organiza\u021bia <a href=\"https:\/\/www.un.org\/development\/desa\/pd\/sites\/www.un.org.development.desa.pd\/files\/undesa_pd_2017_abortion_laws_policies_country_profiles.pdf\" target=\"_blank\" rel=\"noopener\"><span style=\"font-weight: 400\">Na\u021biunilor Unite,<\/span><\/a> <span style=\"font-weight: 400\">cum ar fi<\/span> <a href=\"https:\/\/www.who.int\/publications\/i\/item\/9789240039483\" target=\"_blank\" rel=\"noopener\"><span style=\"font-weight: 400\">Comitetul pentru Drepturile Omului<\/span><\/a> <span style=\"font-weight: 400\">, avertizeaz\u0103 \u00eempotriva incrimin\u0103rii persoanelor care \u00eentrerup o sarcin\u0103 \u0219i subliniaz\u0103 obliga\u021biile \u021b\u0103rilor de a proteja via\u021ba \u0219i s\u0103n\u0103tatea femeilor pentru a preveni suferin\u021ba cauzat\u0103 de continuarea for\u021bat\u0103 a unei sarcini.<\/span><\/p>\n<p> <span style=\"font-weight: 400\">\u00cen acela\u0219i timp, OMS recunoa\u0219te c\u0103 tipul de \u00eengrijire \u0219i nivelul de sprijin se schimb\u0103 adesea odat\u0103 cu v\u00e2rsta gesta\u021bional\u0103. De exemplu, OMS noteaz\u0103 c\u0103 avortul medicamentos autogestionat poate fi sigur \u0219i eficient la v\u00e2rste gesta\u021bionale<\/span> <a href=\"https:\/\/cdn.who.int\/media\/docs\/default-source\/reproductive-health\/abortion\/summary-chart-medical-management-abortion.pdf?sfvrsn=c735d28a_3\" target=\"_blank\" rel=\"noopener\"><span style=\"font-weight: 400\">sub 12 s\u0103pt\u0103m\u00e2ni<\/span><\/a> <span style=\"font-weight: 400\">, cu acces la informa\u021bii precise \u0219i sprijin, dac\u0103 este necesar.<\/span><\/p>\n<p> <span style=\"font-weight: 400\">\u00cen termeni simpli, toate aceste organisme interna\u021bionale \u00een\u021beleg c\u0103 r\u0103spunsul nu ar trebui s\u0103 fie \u201epedepsirea\u201d femeilor, ci asigurarea faptului c\u0103 toate femeile au acces la \u00eengrijire medical\u0103 sigur\u0103, demnitate \u0219i posibilitatea de a alege, \u00een special atunci c\u00e2nd sunt restric\u021bionate \u0219i for\u021bate s\u0103 fac\u0103 avort prin utilizarea unor metode nesigure.<\/span><\/p>\n<p><span style=\"font-weight: 400\">Chiar \u0219i cu acest consens interna\u021bional clar asupra avortului ca metod\u0103 de asisten\u021b\u0103 medical\u0103, Polonia \u0219i Malta r\u0103m\u00e2n excep\u021bionale \u00een cadrul UE \u00een ceea ce prive\u0219te avortul. De ce? Ei bine, ambele \u021b\u0103ri iau, de exemplu, religia; au o leg\u0103tur\u0103 puternic\u0103 cu credin\u021ba catolic\u0103,<\/span> <a href=\"https:\/\/timesofmalta.com\/article\/90-caucasian-83-roman-catholic-malta-census-statistics-released.1014045\" target=\"_blank\" rel=\"noopener\"><span style=\"font-weight: 400\">83%<\/span><\/a> <span style=\"font-weight: 400\">dintre maltezi \u0219i<\/span> <a href=\"https:\/\/oko.press\/spis-powszechny-katolicy\" target=\"_blank\" rel=\"noopener\"><span style=\"font-weight: 400\">71%<\/span><\/a> <span style=\"font-weight: 400\">dintre cet\u0103\u021benii polonezi identific\u00e2ndu-se drept romano-catolici.<\/span><\/p>\n<p> <span style=\"font-weight: 400\">Aceast\u0103 leg\u0103tur\u0103 dintre oameni \u0219i biseric\u0103 este cea care modeleaz\u0103 at\u00e2t societ\u0103\u021bile poloneze, c\u00e2t \u0219i pe cele malteze p\u00e2n\u0103 \u00een zilele noastre, \u00een special \u00een ceea ce prive\u0219te valorile orientate spre familie, care influen\u021beaz\u0103 opiniile cet\u0103\u021benilor cu privire la avort. \u00cen ciuda mi\u0219c\u0103rilor active pro-alegere, majoritatea acestor societ\u0103\u021bi r\u0103m\u00e2n sceptice. Aproape<\/span> <a href=\"https:\/\/www.maltatoday.com.mt\/news\/data_and_surveys\/118089\/maltatoday_survey_malta_anti_abortion_nation_but_opinion_is_shifting\" target=\"_blank\" rel=\"noopener\"><span style=\"font-weight: 400\">62%<\/span><\/a> <span style=\"font-weight: 400\">dintre maltezi \u0219i<\/span> <a href=\"https:\/\/cbos.pl\/SPISKOM.POL\/2024\/K_020_24.PDF\" target=\"_blank\" rel=\"noopener\"><span style=\"font-weight: 400\">63%<\/span><\/a> <span style=\"font-weight: 400\">dintre polonezi se opun liberaliz\u0103rii complete a legii avortului.<\/span><\/p>\n<p> <span style=\"font-weight: 400\">Chiar \u0219i cu atitudini similare, situa\u021bia legal\u0103 pentru femeile poloneze pare oarecum favorabil\u0103. Nicio lege nu incrimineaz\u0103 \u00een mod direct avortul medical autoprovocat.<\/span><\/p>\n<p> <span style=\"font-weight: 400\">De\u0219i pastilele abortive nu pot fi cump\u0103rate de la farmaciile locale, acestea pot fi comandate din str\u0103in\u0103tate prin intermediul unor re\u021bele activiste, cum ar fi<\/span> <a href=\"https:\/\/womenhelp.org\/\" target=\"_blank\" rel=\"noopener\"><span style=\"font-weight: 400\">WomenHelpWomen<\/span><\/a> <span style=\"font-weight: 400\">sau prima clinic\u0103 de avort din Polonia \u2013<\/span> <a href=\"https:\/\/abotak.org\/\" target=\"_blank\" rel=\"noopener\"><span style=\"font-weight: 400\">Abotak<\/span><\/a> <span style=\"font-weight: 400\">.<\/span><\/p>\n<p> <span style=\"font-weight: 400\">Cu toate acestea, este ilegal s\u0103 asis\u021bi \u00een mod deliberat \u0219i direct la un avort, ceea ce \u00eenseamn\u0103 c\u0103 a comanda pastile pentru o prieten\u0103 sub numele t\u0103u te expune unui risc de p\u00e2n\u0103 la<\/span> <a href=\"https:\/\/sip.lex.pl\/akty-prawne\/dzu-dziennik-ustaw\/kodeks-karny-16798683\/art-152\" target=\"_blank\" rel=\"noopener\"><span style=\"font-weight: 400\">trei ani de \u00eenchisoare<\/span><\/a> <span style=\"font-weight: 400\">.<\/span><\/p>\n<p> <span style=\"font-weight: 400\">\u00cen schimb, \u00een \u200b\u200bMalta, avortul r\u0103m\u00e2ne ilegal \u00een majoritatea cazurilor, cu excep\u021bii restr\u00e2nse<\/span> <a href=\"https:\/\/www.amnesty.org\/en\/location\/europe-and-central-asia\/western-central-and-south-eastern-europe\/malta\/report-malta\/\" target=\"_blank\" rel=\"noopener\"><span style=\"font-weight: 400\">doar atunci c\u00e2nd via\u021ba sau s\u0103n\u0103tatea pacientei este \u00een pericol \u0219i \u00eenainte de \u201eviabilitatea fetal\u0103\u201d<\/span><\/a> <span style=\"font-weight: 400\">. Conform Codului penal maltez,<\/span> <i><span style=\"font-weight: 400\">provocarea propriului avort spontan sau consim\u021b\u0103m\u00e2ntul la utilizarea mijloacelor prin care este provocat avortul spontan<\/span><\/i> <span style=\"font-weight: 400\">se pedepse\u0219te cu p\u00e2n\u0103 la<\/span> <a href=\"https:\/\/www.safeabortionmalta.com\/#:~:text=in%20the%20EU.-,%E2%80%8B,twenty%20five%20years%20at%20least.\" target=\"_blank\" rel=\"noopener\"><span style=\"font-weight: 400\">trei ani de \u00eenchisoare<\/span><\/a> <span style=\"font-weight: 400\">. Av\u00e2nd \u00een vedere cre\u0219terea costurilor c\u0103l\u0103toriilor \u00een str\u0103in\u0103tate pentru un avort (<\/span> <a href=\"https:\/\/www.amphora.media\/2025\/04\/alone-constant-fear-of-being-caught-over-2000-self-managed-abortions-in-malta-in-last-five-years-despite-near-blanket-ban\" target=\"_blank\" rel=\"noopener\"><span style=\"font-weight: 400\">\u00eentre 2.000 \u0219i 3.000 de euro<\/span><\/a> <span style=\"font-weight: 400\">), cazurile de avort medicamentos autogestionat \u00een Malta<\/span> <a href=\"https:\/\/www.amphora.media\/2025\/04\/alone-constant-fear-of-being-caught-over-2000-self-managed-abortions-in-malta-in-last-five-years-despite-near-blanket-ban\" target=\"_blank\" rel=\"noopener\"><span style=\"font-weight: 400\">s-au dublat<\/span><\/a> <span style=\"font-weight: 400\">\u00eentre 2020 \u0219i 2024.<\/span><\/p>\n<\/p>\n<p><span style=\"font-weight: 400\">De\u0219i ambele \u021b\u0103ri au puncte comune, ele difer\u0103 semnificativ \u00een modul \u00een care legile privind avortul s-au dezvoltat \u0219i \u00een modul \u00een care problema este discutat\u0103 public.<\/span> <span style=\"font-weight: 400\">Prima distinc\u021bie const\u0103 \u00een istoria juridic\u0103. \u00cen<\/span> <a href=\"https:\/\/pubmed.ncbi.nlm.nih.gov\/1777450\/\" target=\"_blank\" rel=\"noopener\"><span style=\"font-weight: 400\">Polonia,<\/span><\/a> <span style=\"font-weight: 400\">\u00een timpul erei comuniste (anii 1950-1989), avortul era legal \u0219i accesibil pe scar\u0103 larg\u0103. Malta, \u00eens\u0103, a men\u021binut din punct de vedere istoric o interdic\u021bie, ceea ce o face unul dintre cele mai stricte cadre juridice din Europa.<\/span><\/p>\n<p> <span style=\"font-weight: 400\">O alt\u0103 diferen\u021b\u0103 prive\u0219te vizibilitatea \u00een mass-media \u0219i discursul public. \u00cen<\/span> <span style=\"font-weight: 400\">Malta, avortul a devenit un subiect important al dezbaterii publice \u00een programe TV precum<\/span> <a href=\"https:\/\/youtu.be\/44ZEsl8O3UI?feature=shared\" target=\"_blank\" rel=\"noopener\"><span style=\"font-weight: 400\">Popolin<\/span><\/a> <span style=\"font-weight: 400\">, \u00een \u0219tiri \u0219i pe re\u021belele de socializare, inclusiv<\/span> <a href=\"https:\/\/lovinmalta.com\/lifestyle\/health\/reproductive-health\/maltese-activists-urge-eu-to-back-my-voice-my-choice-abortion-proposal\/\" target=\"_blank\" rel=\"noopener\"><span style=\"font-weight: 400\">Lovin Malta<\/span><\/a> <span style=\"font-weight: 400\">\u0219i<\/span> <a href=\"https:\/\/youtu.be\/cW8_UlWfixA?si=rOY3wXHkP-sn3xx3\" target=\"_blank\" rel=\"noopener\"><span style=\"font-weight: 400\">Freehour<\/span><\/a> <span style=\"font-weight: 400\">.<\/span><\/p>\n<p> <span style=\"font-weight: 400\">Mai recent, KSU (Kunsill Studenti Universitarji) a publicat rezultatele sondajului s\u0103u privind avortul, care arat\u0103 c\u0103 majoritatea studen\u021bilor universitari participan\u021bi se opun legaliz\u0103rii avortului, aproximativ 58% fiind \u00eempotriv\u0103 \u0219i aproximativ 42% \u00een favoare. Acest lucru indic\u0103 perspectiva studen\u021bilor universit\u0103\u021bii asupra avortului.<\/span><\/p>\n<p> <span style=\"font-weight: 400\">Este important de luat \u00een considerare faptul c\u0103, indiferent de progres, cenzura persist\u0103; discu\u021biile au fost blocate ocazional, inclusiv la<\/span> <a href=\"https:\/\/www.maltatoday.com.mt\/news\/national\/131507\/ksu_removes_moviment_graffitti_freshers_stand_due_to_prochoice_material\" target=\"_blank\" rel=\"noopener\"><span style=\"font-weight: 400\">Universitatea din Malta.<\/span><\/a><\/p>\n<p> <span style=\"font-weight: 400\">\u00cen Polonia, avortul este un subiect dezb\u0103tut pe larg, dar extrem de polarizat din cauza recentelor tulbur\u0103ri legislative. De exemplu, \u00een 2020,<\/span> <a href=\"https:\/\/www.theguardian.com\/world\/2020\/oct\/22\/poland-rules-abortion-due-to-foetal-defects-unconstitutional\" target=\"_blank\" rel=\"noopener\"><span style=\"font-weight: 400\">Tribunalul Constitu\u021bional<\/span><\/a> <span style=\"font-weight: 400\">a decis s\u0103 restric\u021bioneze \u0219i mai mult avortul, interzic\u00e2nd majoritatea cazurilor care implic\u0103 anomalii fetale. Acest lucru a dus la proteste ample la nivel na\u021bional, organizate de mi\u0219c\u0103ri precum Og\u00f3lnopolski Strajk Kobiet (Greva femeilor).<\/span> <a href=\"https:\/\/www.theguardian.com\/world\/2020\/oct\/22\/poland-rules-abortion-due-to-foetal-defects-unconstitutional\" target=\"_blank\" rel=\"noopener\"><span style=\"font-weight: 400\">\u00a0<\/span><\/a><\/p>\n<p><span style=\"font-weight: 400\">\u00cen timpul carantinei cauzate de COVID-19, studen\u021bii polonezi au folosit cursurile online ca spa\u021bii de protest simbolic, schimb\u00e2ndu-\u0219i fotografiile de profil \u00een fulgerul ro\u0219u al<\/span> <a href=\"https:\/\/strajkkobiet.eu\/\" target=\"_blank\" rel=\"noopener\"><span style=\"font-weight: 400\">Strajk Kobiet<\/span><\/a> <span style=\"font-weight: 400\">(Greva Femeilor Poloneze) dup\u0103 decizia din 2020 privind avortul. \u00centr-un caz,<\/span> <a href=\"https:\/\/bip.brpo.gov.pl\/pl\/content\/rpo-profesorka-przerwala-wyklad-z-powodu-symbolu-strajku-kobiet\" target=\"_blank\" rel=\"noopener\"><span style=\"font-weight: 400\">la Universitatea din Silezia,<\/span><\/a> <span style=\"font-weight: 400\">un profesor a \u00eentrerupt o prelegere pentru c\u0103 un student a afi\u0219at simbolul. Acest lucru indic\u0103 tensiunile dintre institu\u021biile academice \u0219i libertatea de exprimare a studen\u021bilor.<\/span><\/p>\n<p> <span style=\"font-weight: 400\">Un al treilea factor este amploarea. Popula\u021bia mic\u0103 \u0219i comunitatea unit\u0103 a Maltei \u00eenseamn\u0103 c\u0103 subiectele sensibile se r\u0103sp\u00e2ndesc rapid prin recomand\u0103ri \u0219i prin mass-media. \u00cen schimb, popula\u021bia mai mare \u0219i dimensiunea geografic\u0103 a Poloniei permit ca opiniile \u0219i activismul s\u0103 varieze foarte mult \u00eentre regiuni.<\/span><\/p>\n<blockquote>\n<p><em><span style=\"font-weight: 400\">\u201eBebelu\u0219ul c\u00e2nt\u0103re\u0219te 485 g. Deocamdat\u0103, datorit\u0103 legii avortului, trebuie s\u0103 stau \u00eentins\u0103 \u0219i nu pot face nimic. Vor a\u0219tepta p\u00e2n\u0103 c\u00e2nd moare sau \u00eencepe ceva, iar dac\u0103 nu, m\u0103 pot a\u0219tepta la sepsis.\u201d \u2013<\/span> <span style=\"font-weight: 400\">Izabela, 30 de ani<\/span><\/em><\/p>\n<\/blockquote>\n<p> <span style=\"font-weight: 400\">Din p\u0103cate, chiar \u0219i \u00een cazurile limitate \u00een care ar trebui efectuat un avort, acest lucru nu este \u00eentotdeauna cazul.<\/span> <span style=\"font-weight: 400\">Acestea au fost printre ultimele cuvinte ale<\/span> <a href=\"https:\/\/www.medonet.pl\/biznes-system-i-zdrowie\/trendy-w-ochronie-zdrowia,blagala-o-pomoc--tragiczna-smierc-ciezarnej-izabeli-z-pszczyny--lekarze-skazani,artykul,28021791.html\" target=\"_blank\" rel=\"noopener\"><span style=\"font-weight: 400\">Izabelei, \u00een v\u00e2rst\u0103 de 30 de ani<\/span><\/a> <span style=\"font-weight: 400\">, internat\u0103 \u00eentr-un spital local din Pszczyna, Polonia. Ea a decedat, l\u0103s\u00e2ndu-\u0219i fiica f\u0103r\u0103 mam\u0103.<\/span><\/p>\n<p> <a href=\"https:\/\/www.medonet.pl\/biznes-system-i-zdrowie\/trendy-w-ochronie-zdrowia,blagala-o-pomoc--tragiczna-smierc-ciezarnej-izabeli-z-pszczyny--lekarze-skazani,artykul,28021791.html\" target=\"_blank\" rel=\"noopener\"><span style=\"font-weight: 400\">Izabela<\/span><\/a> <span style=\"font-weight: 400\">a declarat clar c\u0103 vrea s\u0103 tr\u0103iasc\u0103 \u0219i c\u0103 are pe cineva pentru care s\u0103 tr\u0103iasc\u0103. Totu\u0219i, \u00een ciuda simptomelor, i s-a spus doar c\u0103 trebuie s\u0103 a\u0219tepte, deoarece inima f\u0103tului \u00eenc\u0103 b\u0103tea. \u00cen cele din urm\u0103, contactul cu ea s-a pierdut. Primise deja sedative puternice \u00een spital \u0219i nu mai era capabil\u0103 s\u0103 vorbeasc\u0103, s\u0103 ac\u021bioneze sau s\u0103 cear\u0103 ajutor. Nu am putut interveni, deoarece am fost complet izola\u021bi at\u00e2t de informa\u021bii, c\u00e2t \u0219i de ea.<\/span><\/p>\n<p> <span style=\"font-weight: 400\">Moartea Izabelei<\/span> <a href=\"https:\/\/time.com\/6320172\/poland-abortion-laws-maternal-health-care\/\" target=\"_blank\" rel=\"noopener\"><span style=\"font-weight: 400\">nu a fost singura<\/span><\/a> <span style=\"font-weight: 400\">cauzat\u0103 de noua lege restric\u021bionat\u0103, st\u00e2rnind proteste \u00een \u00eentreaga \u021bar\u0103. \u00cen 2024, legea a fost clarificat\u0103 sub conducerea ministrului S\u0103n\u0103t\u0103\u021bii, Izabela Leszczyna, care a introdus o prevedere suplimentar\u0103 care permitea \u00eentreruperea sarcinii ori de c\u00e2te ori via\u021ba sau s\u0103n\u0103tatea mamei, inclusiv starea ei mental\u0103, este \u00een pericol.<\/span><\/p>\n<p> <strong>\u00cen timp ce scriem acest articol, via\u021ba unei alte femei este \u00een pericol.<\/strong><\/p>\n<p> <span style=\"font-weight: 400\">Lela, o femeie georgian\u0103 care locuie\u0219te \u00een Polonia, a intrat \u0219i a ie\u0219it din Spitalul Provincial de Specialitate din Olsztyn din decembrie 2025.<\/span><\/p>\n<p> <span style=\"font-weight: 400\">\u00cenc\u0103 de la \u00eenceputul sarcinii, Lela a suferit simptome somatice severe. Acum \u00eens\u0103rcinat\u0103 \u00een 15 s\u0103pt\u0103m\u00e2ni, starea ei a devenit critic\u0103 la sf\u00e2r\u0219itul lunii februarie. Din cauza inflama\u021biei cronice \u0219i a ulcera\u021biei esofagului, Lela a \u00eenceput s\u0103 vomite s\u00e2nge. Medicii au reac\u021bionat prin \u00eentreruperea medica\u021biei din cauza sarcinii.<\/span><\/p>\n<blockquote>\n<p style=\"text-align: center\"> <a href=\"https:\/\/oko.press\/lela-czeka-na-aborcje\" target=\"_blank\" rel=\"noopener\"><i><span style=\"font-weight: 400\">Am un so\u021b.<\/span><\/i><\/a><\/p>\n<p style=\"text-align: center\"> <a href=\"https:\/\/oko.press\/lela-czeka-na-aborcje\" target=\"_blank\" rel=\"noopener\"><i><span style=\"font-weight: 400\">Am copii.<\/span><\/i><\/a><\/p>\n<p style=\"text-align: center\"> <a href=\"https:\/\/oko.press\/lela-czeka-na-aborcje\" target=\"_blank\" rel=\"noopener\"><i><span style=\"font-weight: 400\">Am oameni pentru care s\u0103 tr\u0103iesc.<\/span><\/i><\/a><\/p>\n<\/blockquote>\n<p> <span style=\"font-weight: 400\">Potrivit activistelor de la<\/span> <a href=\"https:\/\/www.google.com\/search?q=polish+feminist+grouo+full+name+FEDERA&amp;rlz=1C1GCEA_enMT1094MT1094&amp;oq=polish+feminist+grouo+full+name+FEDERA&amp;gs_lcrp=EgZjaHJvbWUyBggAEEUYOTIJCAEQIRgKGKABMgkIAhAhGAoYoAEyBwgDECEYjwIyBwgEECEYjwIyBwgFECEYjwLSAQg1ODg5ajBqN6gCALACAA&amp;sourceid=chrome&amp;ie=UTF-8#:~:text=FEDERA%20is%20the-,Foundation%20for%20Women%20and%20Family%20Planning,-(formerly%20the%20Federation\" target=\"_blank\" rel=\"noopener\"><span style=\"font-weight: 400\">Funda\u021bia pentru Femei \u0219i Planificare Familial\u0103<\/span><\/a> <span style=\"font-weight: 400\">(FEDERA), o organiza\u021bie feminist\u0103 polonez\u0103, Lela a raportat \u00een repetate r\u00e2nduri spitalului, timp de cel pu\u021bin o lun\u0103, c\u0103 dore\u0219te s\u0103 \u00eentrerup\u0103 sarcina din motive grave de s\u0103n\u0103tate, ceea ce r\u0103m\u00e2ne legal conform legisla\u021biei poloneze. Ea a depus o cerere oficial\u0103 la spital \u2013 at\u00e2t \u00een \u200b\u200bpolonez\u0103, c\u00e2t \u0219i \u00een georgian\u0103, solicit\u00e2nd un avort pe care ar trebui s\u0103-l fac\u0103 \u00een mod legal.<\/span><\/p>\n<p> <span style=\"font-weight: 400\">\u00cen ciuda eforturilor activi\u0219tilor, spitalul continu\u0103 s\u0103 refuze procedura chiar dac\u0103 starea pacientei se \u00eenr\u0103ut\u0103\u021be\u0219te. Lela este sl\u0103bit\u0103, nu poate merge sau m\u00e2nca singur\u0103 \u0219i vomit\u0103 \u00eencontinuu s\u00e2nge.<\/span><\/p>\n<p><span style=\"font-weight: 400\">Pove\u0219ti precum cea a Izabelei \u0219i a Lelei nu au r\u0103mas f\u0103r\u0103 r\u0103spuns.<\/span> <span style=\"font-weight: 400\">Ini\u021biativa<\/span> <a href=\"https:\/\/citizens-initiative.europa.eu\/_en\" target=\"_blank\" rel=\"noopener\"><span style=\"font-weight: 400\">cet\u0103\u021beneasc\u0103 european\u0103<\/span><\/a> <span style=\"font-weight: 400\">(ICE) \u201e<\/span> <a href=\"https:\/\/citizens-initiative.europa.eu\/my-voice-my-choice-safe-and-accessible-abortion_en\" target=\"_blank\" rel=\"noopener\"><span style=\"font-weight: 400\">Vocea mea, alegerea mea\u201d<\/span><\/a> <span style=\"font-weight: 400\">a reunit peste 14 \u021b\u0103ri \u0219i 300 de organiza\u021bii din \u00eentreaga UE, colect\u00e2nd peste 1,2 milioane de semn\u0103turi care solicit\u0103 UE s\u0103 asigure avorturi sigure \u0219i accesibile pentru to\u021bi cet\u0103\u021benii europeni. Campania a cerut UE s\u0103 creeze un mecanism financiar care s\u0103 ajute statele membre s\u0103 ofere \u00een mod voluntar servicii de avort sigur pentru cei care nu au acces la acestea.<\/span><\/p>\n<p> <span style=\"font-weight: 400\">La 17 decembrie 2025, o rezolu\u021bie a<\/span> <a href=\"https:\/\/oeil.europarl.europa.eu\/oeil\/en\/document-summary?id=1880954\" target=\"_blank\" rel=\"noopener\"><span style=\"font-weight: 400\">Parlamentului European<\/span><\/a> <span style=\"font-weight: 400\">a fost adoptat\u0103 cu 358 de voturi pentru, 202 \u00eempotriv\u0103 \u0219i 79 de ab\u021bineri.<\/span> <span style=\"font-weight: 400\">Deputa\u021bii europeni polonezi au votat \u00een mare parte \u00een<\/span> <a href=\"https:\/\/howtheyvote.eu\/votes\/182767\" target=\"_blank\" rel=\"noopener\"><span style=\"font-weight: 400\">favoare<\/span><\/a> <span style=\"font-weight: 400\">. De exemplu, Robert Biedro\u0144 (S&amp;D) \u0219i Bartosz Ar\u0142ukowicz (PPE) au sus\u021binut-o, de\u0219i unii, precum Adam Bielan (ECR), au votat \u00eempotriv\u0103.<\/span><\/p>\n<p> <span style=\"font-weight: 400\">Cu toate acestea, to\u021bi europarlamentarii din Malta fie au votat \u00eempotriv\u0103, fie s-au ab\u021binut, ceea ce este destul de diferit \u00een compara\u021bie cu Polonia, unde cel pu\u021bin unii reprezentan\u021bi au sus\u021binut m\u0103sura \u00een ciuda pozi\u021biilor restrictive ale ambelor \u021b\u0103ri privind avortul.<\/span> <span style=\"font-weight: 400\">Mai recent,<\/span> <a href=\"https:\/\/www.bbc.com\/news\/articles\/cvgv92p6qzqo\" target=\"_blank\" rel=\"noopener\"><span style=\"font-weight: 400\">Comisia European\u0103<\/span><\/a> <span style=\"font-weight: 400\">a adoptat r\u0103spunsul s\u0103u la ICE, men\u021bion\u00e2nd c\u0103 aproape 500.000 de avorturi nesigure au loc \u00een UE \u00een fiecare an.<\/span><\/p>\n<p> <span style=\"font-weight: 400\">Comisarul european pentru egalitate,<\/span> <a href=\"https:\/\/www.facebook.com\/eudebates.tv\/videos\/my-voice-my-choice-europe-has-acted-hadja-lahbib-announces-eu-funding-path-for-w\/1443303873854816\/\" target=\"_blank\" rel=\"noopener\"><span style=\"font-weight: 400\">Hadja Lahbib<\/span><\/a> <span style=\"font-weight: 400\">, a declarat c\u0103<\/span> <em>\u201esiguran\u021ba \u0219i libertatea nu trebuie s\u0103 depind\u0103 niciodat\u0103 de codul po\u0219tal \u0219i de venit\u201d.<\/em> <span style=\"font-weight: 400\">A\u0219adar, ce \u00eenseamn\u0103 acest lucru pentru femeile care locuiesc \u00een Malta \u0219i Polonia? Odat\u0103 cu implementarea ini\u021biativei, femeile vor avea acces gratuit la cazare \u0219i c\u0103l\u0103torii pentru a efectua avorturi legale \u0219i \u00een siguran\u021b\u0103 \u00eentr-un alt stat membru.<\/span><\/p>\n<p> <span style=\"font-weight: 400\">\u00cen concluzie, se \u00eenregistreaz\u0103 progrese.<\/span> Ini\u021biativa <a href=\"https:\/\/citizens-initiative.europa.eu\/my-voice-my-choice-safe-and-accessible-abortion_en\" target=\"_blank\" rel=\"noopener\"><span style=\"font-weight: 400\">\u201eVocea mea, alegerea mea\u201d<\/span><\/a> <span style=\"font-weight: 400\">ofer\u0103 o gur\u0103 de oxigen, promi\u021b\u00e2nd sprijin financiar pentru femeile obligate s\u0103 c\u0103l\u0103toreasc\u0103 \u00een str\u0103in\u0103tate pentru \u00eengrijire medical\u0103 sigur\u0103 \u0219i legal\u0103. Pentru prima dat\u0103, UE a recunoscut c\u0103 accesul la avort nu ar trebui s\u0103 depind\u0103 de locul \u00een care locuie\u0219ti.<\/span><\/p>\n<p> <span style=\"font-weight: 400\">Cu toate acestea, stigmatizarea persist\u0103, \u00een ambele \u021b\u0103ri, vorbirea deschis\u0103 despre avort \u00eenc\u0103 invit\u0103 la judecat\u0103 \u0219i ru\u0219ine. Femeile sunt a\u0219teptate s\u0103 sufere \u00een t\u0103cere, iar cele care rup aceast\u0103 t\u0103cere risc\u0103 excluziunea social\u0103.<\/span> <span style=\"font-weight: 400\">Ast\u0103zi, de Ziua Interna\u021bional\u0103 a Femeii, milioane de femei din UE \u00eenc\u0103 nu pot lua decizii cu privire la propriul corp f\u0103r\u0103 teama de urm\u0103rire penal\u0103, s\u0103r\u0103cie sau condamnare public\u0103.<\/span><\/p>\n<p> <strong><em>Egalitatea r\u0103m\u00e2ne o valoare european\u0103 fundamental\u0103. Este timpul ca aceasta s\u0103 devin\u0103 o realitate.<\/em><\/strong><\/p><\/p>\n","protected":false},"excerpt":{"rendered":"<p>Dac\u0103 a\u021bi mic\u0219ora imaginea \u0219i a\u021bi privi Uniunea European\u0103 \u00een ansamblu, a\u021bi crede c\u0103 drepturile femeilor se afl\u0103 \u00een prim-planul valorilor europene , \u00een special \u00een ceea ce prive\u0219tedreptul la avort. La urma urmei, egalitatea [&hellip;]<\/p>\n","protected":false},"author":2550,"featured_media":86702,"comment_status":"closed","ping_status":"closed","sticky":false,"template":"","format":"standard","meta":{"_acf_changed":false,"footnotes":""},"categories":[8,21],"tags":[7217,18705,25373,11890,25375,7704,25379,18733,2756,25380,443,25378,856,268,18704,60,101,25377,4239,25376,41,25374,257,3782,805,25372,18706,25371,3560,1546],"post_formats":[664],"coauthors":[22020,25370,6831],"class_list":["post-86926","post","type-post","status-publish","format-standard","has-post-thumbnail","hentry","category-connecting-the-dots","category-current-affairs","tag-malta","tag-abortion-rights","tag-access-to-abortion","tag-activism","tag-bodily-autonomy","tag-civil-society","tag-conservative-backlash","tag-council-of-the-eu","tag-criminalisation","tag-cross-border-influence","tag-democratic-resilience","tag-disinformation-networks","tag-eu-values","tag-european-commission","tag-european-court-of-human-rights","tag-european-parliament","tag-european-union","tag-feminist-movements","tag-gender-equality","tag-healthcare-policy","tag-human-rights","tag-legal-restrictions","tag-poland","tag-protests","tag-public-health","tag-reproductive-healthcare","tag-reproductive-rights","tag-right-to-choose","tag-rule-of-law","tag-womens-rights","post_formats-articole"],"acf":[],"_links":{"self":[{"href":"https:\/\/www.pulse-z.eu\/ro\/wp-json\/wp\/v2\/posts\/86926","targetHints":{"allow":["GET"]}}],"collection":[{"href":"https:\/\/www.pulse-z.eu\/ro\/wp-json\/wp\/v2\/posts"}],"about":[{"href":"https:\/\/www.pulse-z.eu\/ro\/wp-json\/wp\/v2\/types\/post"}],"author":[{"embeddable":true,"href":"https:\/\/www.pulse-z.eu\/ro\/wp-json\/wp\/v2\/users\/2550"}],"replies":[{"embeddable":true,"href":"https:\/\/www.pulse-z.eu\/ro\/wp-json\/wp\/v2\/comments?post=86926"}],"version-history":[{"count":8,"href":"https:\/\/www.pulse-z.eu\/ro\/wp-json\/wp\/v2\/posts\/86926\/revisions"}],"predecessor-version":[{"id":87073,"href":"https:\/\/www.pulse-z.eu\/ro\/wp-json\/wp\/v2\/posts\/86926\/revisions\/87073"}],"wp:featuredmedia":[{"embeddable":true,"href":"https:\/\/www.pulse-z.eu\/ro\/wp-json\/wp\/v2\/media\/86702"}],"wp:attachment":[{"href":"https:\/\/www.pulse-z.eu\/ro\/wp-json\/wp\/v2\/media?parent=86926"}],"wp:term":[{"taxonomy":"category","embeddable":true,"href":"https:\/\/www.pulse-z.eu\/ro\/wp-json\/wp\/v2\/categories?post=86926"},{"taxonomy":"post_tag","embeddable":true,"href":"https:\/\/www.pulse-z.eu\/ro\/wp-json\/wp\/v2\/tags?post=86926"},{"taxonomy":"post_formats","embeddable":true,"href":"https:\/\/www.pulse-z.eu\/ro\/wp-json\/wp\/v2\/post_formats?post=86926"},{"taxonomy":"author","embeddable":true,"href":"https:\/\/www.pulse-z.eu\/ro\/wp-json\/wp\/v2\/coauthors?post=86926"}],"curies":[{"name":"wp","href":"https:\/\/api.w.org\/{rel}","templated":true}]}}