{"id":79363,"date":"2026-01-18T11:00:34","date_gmt":"2026-01-18T11:00:34","guid":{"rendered":"https:\/\/www.pulse-z.eu\/how-to-talk-about-war-and-be-more-resilient-in-a-complicated-world-an-interview-with-martin-poliacik\/"},"modified":"2026-01-19T11:41:21","modified_gmt":"2026-01-19T11:41:21","slug":"cum-sa-vorbesti-despre-razboi-si-sa-fii-mai-rezistent-intr-o-lume-complicata-un-interviu-cu-martin-poliacik","status":"publish","type":"post","link":"https:\/\/www.pulse-z.eu\/ro\/cum-sa-vorbesti-despre-razboi-si-sa-fii-mai-rezistent-intr-o-lume-complicata-un-interviu-cu-martin-poliacik\/","title":{"rendered":"Cum s\u0103 vorbe\u0219ti despre r\u0103zboi \u0219i s\u0103 fii mai rezistent \u00eentr-o lume complicat\u0103 \u2013 un interviu cu Martin Polia\u010dik"},"content":{"rendered":"\n<p class=\"e-91090-text encore-text-body-medium\" data-encore-id=\"text\" data-slate-node=\"element\"> <span data-slate-node=\"text\"><span class=\"sc-dfyheH cjSZKs\" data-slate-leaf=\"true\">Am vorbit despre problemele pe care le aduce repatrierea \u0219i despre cum s\u0103 discut\u0103m cu cuno\u0219tin\u021bele, familia sau prietenii despre r\u0103zboi. Dar am discutat \u0219i despre cum s\u0103 \u00eencerc\u0103m s\u0103 fim mai rezisten\u021bi \u00eentr-o lume din ce \u00een ce mai complicat\u0103. Apropo, cartea \u201e <a class=\"e-91090-text-link e-91090-baseline e-91090-overflow-wrap-anywhere encore-internal-color-text-announcement e-91090-text-link--use-focus sc-hHRjXH gLIqfM\" href=\"https:\/\/www.radioteka.cz\/detail\/croebook-1042070-porazme-hoaxy?srsltid=AfmBOorCS4TaokQOBU_QE9UgTWKdq_0pPf4eOXmTzgp-B-NJ1R5KBnMH\" data-encore-id=\"textLink\" data-slate-node=\"element\" data-slate-inline=\"true\" target=\"_blank\" rel=\"noopener\"><span contenteditable=\"false\">Porazme<\/span> <span contenteditable=\"false\">hoaxy<\/span> !<\/a> \u201d scris\u0103 de <a class=\"e-91090-text-link e-91090-baseline e-91090-overflow-wrap-anywhere encore-internal-color-text-announcement e-91090-text-link--use-focus sc-hHRjXH gLIqfM\" href=\"https:\/\/www.instagram.com\/krotimehoaxy\/?hl=cs\" data-encore-id=\"textLink\" data-slate-node=\"element\" data-slate-inline=\"true\" target=\"_blank\" rel=\"noopener\"><span contenteditable=\"false\">Vladim\u00edr<\/span> <span contenteditable=\"false\">\u0160n\u00eddl<\/span><\/a> este util\u0103 \u00een acest context.<\/span><\/span> <\/p>\n<p class=\"e-91090-text encore-text-body-medium\" data-encore-id=\"text\" data-slate-node=\"element\" data-slate-fragment=\"JTVCJTdCJTIydHlwZSUyMiUzQSUyMnBhcmFncmFwaCUyMiUyQyUyMmNoaWxkcmVuJTIyJTNBJTVCJTdCJTIydGV4dCUyMiUzQSUyMldlJTIwdGFsa2VkJTIwYWJvdXQlMjB0aGUlMjBwcm9ibGVtcyUyMHRoYXQlMjByZXBhdHJpYXRpb24lMjBicmluZ3MlMkMlMjBhbmQlMjBob3clMjB0byUyMHRhbGslMjB0byUyMGFjcXVhaW50YW5jZXMlMkMlMjBmYW1pbHklMjBvciUyMGZyaWVuZHMlMjBhYm91dCUyMHRoZSUyMHdhci4lMjBCdXQlMjB3ZSUyMGFsc28lMjBkaXNjdXNzZWQlMjBob3clMjB0byUyMHRyeSUyMHRvJTIwYmUlMjBtb3JlJTIwcmVzaWxpZW50JTIwaW4lMjBhbiUyMGluY3JlYXNpbmdseSUyMGNvbXBsaWNhdGVkJTIwd29ybGQuJTIwJUYwJTlGJUFBJTk2JTIyJTdEJTVEJTdEJTJDJTdCJTIydHlwZSUyMiUzQSUyMnBhcmFncmFwaCUyMiUyQyUyMmNoaWxkcmVuJTIyJTNBJTVCJTdCJTIydGV4dCUyMiUzQSUyMiUyMiU3RCU1RCU3RCUyQyU3QiUyMnR5cGUlMjIlM0ElMjJwYXJhZ3JhcGglMjIlMkMlMjJjaGlsZHJlbiUyMiUzQSU1QiU3QiUyMnRleHQlMjIlM0ElMjJUaGVyZSUyMGFyZSUyMG1vcmUlMjB0b3BpY3MlMjB0aGF0JTIwd2UlMjBkaXNjdXNzZWQlMkMlMjBhbmQlMjB5b3UlMjBjYW4lMjBmaW5kJTIwdGhlbSUyMGFsbCUyMGluJTIwdGhlJTIwbGF0ZXN0JTIwZXBpc29kZSUyMG9mJTIwdGhlJTIwcG9kY2FzdCUyMGZvciUyMFB1bHNlWiElMjAlRTIlOUMlODUlMjIlN0QlNUQlN0QlNUQ=\"> <span data-slate-node=\"text\"><span class=\"sc-dfyheH cjSZKs\" data-slate-leaf=\"true\">Am discutat mai multe subiecte \u0219i le pute\u021bi g\u0103si pe toate \u00een cel mai recent episod al podcastului pentru PulseZ!<\/span><\/span><\/p>\n<p> Acest episod de podcast este \u00een slovac\u0103.<\/p>\n","protected":false},"excerpt":{"rendered":"<p>Am vorbit despre problemele pe care le aduce repatrierea \u0219i despre cum s\u0103 discut\u0103m cu cuno\u0219tin\u021bele, familia sau prietenii despre r\u0103zboi. Dar am discutat \u0219i despre cum s\u0103 \u00eencerc\u0103m s\u0103 fim mai rezisten\u021bi \u00eentr-o lume [&hellip;]<\/p>\n","protected":false},"author":457,"featured_media":0,"comment_status":"closed","ping_status":"closed","sticky":false,"template":"","format":"standard","meta":{"_acf_changed":false,"footnotes":""},"categories":[714],"tags":[7826,12842,5062,932,3636],"post_formats":[766],"coauthors":[4435],"class_list":["post-79363","post","type-post","status-publish","format-standard","hentry","category-actualitate","tag-children-ro","tag-critical-thinking-ro","tag-resilience-ro","tag-ukraine-ro","tag-war-ro","post_formats-podcast-ro"],"acf":[],"_links":{"self":[{"href":"https:\/\/www.pulse-z.eu\/ro\/wp-json\/wp\/v2\/posts\/79363","targetHints":{"allow":["GET"]}}],"collection":[{"href":"https:\/\/www.pulse-z.eu\/ro\/wp-json\/wp\/v2\/posts"}],"about":[{"href":"https:\/\/www.pulse-z.eu\/ro\/wp-json\/wp\/v2\/types\/post"}],"author":[{"embeddable":true,"href":"https:\/\/www.pulse-z.eu\/ro\/wp-json\/wp\/v2\/users\/457"}],"replies":[{"embeddable":true,"href":"https:\/\/www.pulse-z.eu\/ro\/wp-json\/wp\/v2\/comments?post=79363"}],"version-history":[{"count":9,"href":"https:\/\/www.pulse-z.eu\/ro\/wp-json\/wp\/v2\/posts\/79363\/revisions"}],"predecessor-version":[{"id":79397,"href":"https:\/\/www.pulse-z.eu\/ro\/wp-json\/wp\/v2\/posts\/79363\/revisions\/79397"}],"wp:attachment":[{"href":"https:\/\/www.pulse-z.eu\/ro\/wp-json\/wp\/v2\/media?parent=79363"}],"wp:term":[{"taxonomy":"category","embeddable":true,"href":"https:\/\/www.pulse-z.eu\/ro\/wp-json\/wp\/v2\/categories?post=79363"},{"taxonomy":"post_tag","embeddable":true,"href":"https:\/\/www.pulse-z.eu\/ro\/wp-json\/wp\/v2\/tags?post=79363"},{"taxonomy":"post_formats","embeddable":true,"href":"https:\/\/www.pulse-z.eu\/ro\/wp-json\/wp\/v2\/post_formats?post=79363"},{"taxonomy":"author","embeddable":true,"href":"https:\/\/www.pulse-z.eu\/ro\/wp-json\/wp\/v2\/coauthors?post=79363"}],"curies":[{"name":"wp","href":"https:\/\/api.w.org\/{rel}","templated":true}]}}