{"id":73613,"date":"2025-12-14T10:07:02","date_gmt":"2025-12-14T10:07:02","guid":{"rendered":"https:\/\/www.pulse-z.eu\/din-lumea-influentatorilor-interviu-cu-samuel-miskov-partea-1\/"},"modified":"2025-12-21T10:17:20","modified_gmt":"2025-12-21T10:17:20","slug":"din-lumea-influencerilor-interviu-cu-samuel-miskov-partea-1","status":"publish","type":"post","link":"https:\/\/www.pulse-z.eu\/ro\/din-lumea-influencerilor-interviu-cu-samuel-miskov-partea-1\/","title":{"rendered":"Din lumea influencerilor: interviu cu Samuel Mi\u0161kov, partea 1"},"content":{"rendered":"\n<p><span data-slate-fragment=\"JTVCJTdCJTIydHlwZSUyMiUzQSUyMnBhcmFncmFwaCUyMiUyQyUyMmNoaWxkcmVuJTIyJTNBJTVCJTdCJTIydGV4dCUyMiUzQSUyMldoYXQlMjBpcyUyMFNhbW8ncyUyMHNjcmVlbnRpbWUlMjBsaWtlJTNGJTIwV291bGQlMjBoaXMlMjBzb2NpYWwlMjBuZXR3b3JrcyUyMHN1ZmZlciUyMGlmJTIwdGhlaXIlMjBiYW4lMjBmb3IlMjBwZW9wbGUlMjB1bmRlciUyMDE2JTIwd2VyZSUyMHRvJTIwcGFzcyUzRiUyMFdvdWxkJTIwaGUlMjBzdXBwb3J0JTIwYW55b25lJTIwaW4lMjBwb2xpdGljcyUyMGFuZCUyMGlzJTIwaGUlMjBldmVuJTIwaW50ZXJlc3RlZCUyMGluJTIwaXQlM0YlMjIlN0QlNUQlN0QlNUQ=\">Care este timpul de vizionare al lui Samo? Re\u021belele sale sociale ar avea de suferit dac\u0103 interdic\u021bia pentru persoanele sub 16 ani ar fi aprobat\u0103? Ar sprijini el pe cineva \u00een politic\u0103 \u0219i chiar \u00eel intereseaz\u0103?  <\/span><\/p>\n<p><span data-slate-node=\"text\"><span class=\"sc-gbwXoZ cetDdh\" data-slate-leaf=\"true\">Pute\u021bi g\u0103si r\u0103spunsurile la aceste \u00eentreb\u0103ri \u0219i la multe altele \u00een prima parte a acestui interviu podcast PulseZ cu <\/span><\/span><a class=\"e-91090-text-link e-91090-baseline e-91090-overflow-wrap-anywhere encore-internal-color-text-announcement e-91090-text-link--use-focus sc-fqujGp dQOGun\" href=\"https:\/\/www.instagram.com\/samo_zvany\/\" data-encore-id=\"textLink\" data-slate-node=\"element\" data-slate-inline=\"true\" target=\"_blank\" rel=\"noopener\"><span contenteditable=\"false\"><span data-slate-node=\"text\"><span class=\"sc-gbwXoZ cetDdh\" data-slate-leaf=\"true\">samo_zvany<\/span><\/span><span contenteditable=\"false\"><\/span><span data-slate-node=\"text\" data-slate-fragment=\"JTVCJTdCJTIydHlwZSUyMiUzQSUyMnBhcmFncmFwaCUyMiUyQyUyMmNoaWxkcmVuJTIyJTNBJTVCJTdCJTIydGV4dCUyMiUzQSUyMllvdSUyMGNhbiUyMGZpbmQlMjB0aGUlMjBhbnN3ZXJzJTIwdG8lMjB0aGVzZSUyMGFuZCUyMG1hbnklMjBvdGhlciUyMHF1ZXN0aW9ucyUyMGluJTIwdGhlJTIwZmlyc3QlMjBwYXJ0JTIwb2YlMjB0aGlzJTIwUHVsc2VaJTIwcG9kY2FzdCUyMGVwaXNvZGUlMjB3aXRoJTIwJTIyJTdEJTJDJTdCJTIydHlwZSUyMiUzQSUyMmxpbmslMjIlMkMlMjJ1cmwlMjIlM0ElMjJodHRwcyUzQSUyRiUyRnd3dy5pbnN0YWdyYW0uY29tJTJGc2Ftb196dmFueSUyRiUyMiUyQyUyMnRhcmdldCUyMiUzQSUyMl9ibGFuayUyMiUyQyUyMnJlbCUyMiUzQSUyMnVnYyUyMG5vb3BlbmVyJTIwbm9yZWZlcnJlciUyMiUyQyUyMmNoaWxkcmVuJTIyJTNBJTVCJTdCJTIydGV4dCUyMiUzQSUyMnNhbW9fenZhbnklMjIlN0QlNUQlN0QlMkMlN0IlMjJ0ZXh0JTIyJTNBJTIyJTIwLSUyMFNhbSUyME1pJUM1JUExa292LiUyMiU3RCU1RCU3RCU1RA==\"><span class=\"sc-gbwXoZ cetDdh\" data-slate-leaf=\"true\"> &#8211; Sam Mi\u0161kov.<\/span><\/span><\/span><\/a><\/p>\n<p>Acest episod de podcast este \u00een slovac\u0103.<\/p>\n","protected":false},"excerpt":{"rendered":"<p>Care este timpul de vizionare al lui Samo? Re\u021belele sale sociale ar avea de suferit dac\u0103 interdic\u021bia pentru persoanele sub 16 ani ar fi aprobat\u0103? Ar sprijini el pe cineva \u00een politic\u0103 \u0219i chiar \u00eel [&hellip;]<\/p>\n","protected":false},"author":457,"featured_media":0,"comment_status":"closed","ping_status":"closed","sticky":false,"template":"","format":"standard","meta":{"_acf_changed":false,"footnotes":""},"categories":[656,719],"tags":[7824,19309,19315,19316,19312,19310,19321,19313,19317,4172,1763,19320,19311,19319,19318,4174,18636,19314,8857,1765],"post_formats":[766],"coauthors":[4435],"class_list":["post-73613","post","type-post","status-publish","format-standard","hentry","category-conexiuni","category-tineret","tag-ban-ro","tag-continut","tag-creatori","tag-creatori-de-continut","tag-impact","tag-influentatori","tag-negativ","tag-opinii","tag-panou-publicitar","tag-podcast-ro","tag-politics-ro","tag-pozitive","tag-retele-sociale","tag-samo_zvany","tag-samuel-miskov","tag-social-media-ro","tag-society","tag-timp-de-vizionare","tag-young-people-ro","tag-youth-ro","post_formats-podcast-ro"],"acf":[],"_links":{"self":[{"href":"https:\/\/www.pulse-z.eu\/ro\/wp-json\/wp\/v2\/posts\/73613","targetHints":{"allow":["GET"]}}],"collection":[{"href":"https:\/\/www.pulse-z.eu\/ro\/wp-json\/wp\/v2\/posts"}],"about":[{"href":"https:\/\/www.pulse-z.eu\/ro\/wp-json\/wp\/v2\/types\/post"}],"author":[{"embeddable":true,"href":"https:\/\/www.pulse-z.eu\/ro\/wp-json\/wp\/v2\/users\/457"}],"replies":[{"embeddable":true,"href":"https:\/\/www.pulse-z.eu\/ro\/wp-json\/wp\/v2\/comments?post=73613"}],"version-history":[{"count":2,"href":"https:\/\/www.pulse-z.eu\/ro\/wp-json\/wp\/v2\/posts\/73613\/revisions"}],"predecessor-version":[{"id":75506,"href":"https:\/\/www.pulse-z.eu\/ro\/wp-json\/wp\/v2\/posts\/73613\/revisions\/75506"}],"wp:attachment":[{"href":"https:\/\/www.pulse-z.eu\/ro\/wp-json\/wp\/v2\/media?parent=73613"}],"wp:term":[{"taxonomy":"category","embeddable":true,"href":"https:\/\/www.pulse-z.eu\/ro\/wp-json\/wp\/v2\/categories?post=73613"},{"taxonomy":"post_tag","embeddable":true,"href":"https:\/\/www.pulse-z.eu\/ro\/wp-json\/wp\/v2\/tags?post=73613"},{"taxonomy":"post_formats","embeddable":true,"href":"https:\/\/www.pulse-z.eu\/ro\/wp-json\/wp\/v2\/post_formats?post=73613"},{"taxonomy":"author","embeddable":true,"href":"https:\/\/www.pulse-z.eu\/ro\/wp-json\/wp\/v2\/coauthors?post=73613"}],"curies":[{"name":"wp","href":"https:\/\/api.w.org\/{rel}","templated":true}]}}