{"id":67755,"date":"2025-11-23T10:10:08","date_gmt":"2025-11-23T10:10:08","guid":{"rendered":"https:\/\/www.pulse-z.eu\/the-menstrual-cycle-in-girls-with-special-needs-in-north-macedonia-who-cares-for-them\/"},"modified":"2025-11-24T10:46:53","modified_gmt":"2025-11-24T10:46:53","slug":"ciclul-menstrual-la-fetele-cu-nevoi-speciale-din-macedonia-de-nord-cui-ii-pasa","status":"publish","type":"post","link":"https:\/\/www.pulse-z.eu\/ro\/ciclul-menstrual-la-fetele-cu-nevoi-speciale-din-macedonia-de-nord-cui-ii-pasa\/","title":{"rendered":"Ciclul menstrual la fetele cu nevoi speciale din Macedonia de Nord: Cui \u00eei pas\u0103?"},"content":{"rendered":"\n<p>A fi o persoan\u0103 cu nevoi speciale \u00een Macedonia de Nord este o provocare zilnic\u0103. Sistemul de s\u0103n\u0103tate, infrastructura \u0219i mentalitatea social\u0103 adesea nu reu\u0219esc s\u0103 ofere sprijinul necesar acestor persoane, l\u0103s\u00e2ndu-le pe ele \u0219i familiile lor s\u0103 se confrunte cu o realitate dur\u0103. Pentru a \u00een\u021belege cu adev\u0103rat acest lucru, tot ce este nevoie este s\u0103 petrece\u021bi pu\u021bin timp la centrul de zi CFKD (Care for Disabled Kids). Acest centru de zi este un cuib cald de \u00eengrijire, educa\u021bie \u0219i socializare pentru 14 persoane cu v\u00e2rste cuprinse \u00eentre 13 \u0219i 55 de ani. \u00cen ciuda faptului c\u0103 au diagnostice diferite, din cauza incapacit\u0103\u021bii de a forma grupuri separate, acestea \u00ee\u0219i petrec cea mai mare parte a timpului \u00eempreun\u0103.<\/p>\n<p> \u201eDiferen\u021ba de v\u00e2rst\u0103 nu este un factor semnificativ \u00een rela\u021biile lor. Cei mai mul\u021bi au format diverse tipuri de conexiuni unii cu al\u021bii, fie ele apropiate sau \u00eendep\u0103rtate. Pentru ace\u0219ti indivizi, comunicarea verbal\u0103 nu este \u00eentotdeauna primordial\u0103, a\u0219a c\u0103 rela\u021biile lor se bazeaz\u0103 pe diferite forme de comunicare prin care \u00ee\u0219i exprim\u0103 opiniile, acordurile \u0219i dezacordurile, emo\u021biile\u201d, spune Aleksandra Nestoroska, psiholog la centru.<\/p>\n<p> Dac\u0103 a fi o persoan\u0103 cu nevoi speciale este dificil, a fi femeie \u00een aceast\u0103 categorie este \u0219i mai complicat. \u00centr-o societate \u00eenc\u0103 dominat\u0103 de norme patriarhale, femeile cu dizabilit\u0103\u021bi se confrunt\u0103 cu o dubl\u0103 discriminare: at\u00e2t ca persoane cu dizabilit\u0103\u021bi, c\u00e2t \u0219i ca femei. Aceasta \u00eenseamn\u0103 c\u0103, pentru multe dintre ele, oportunit\u0103\u021bile de a ob\u021bine o educa\u021bie, de a g\u0103si un loc de munc\u0103 sau de a tr\u0103i independent sunt aproape imposibile.<\/p>\n<p> \u201eCred c\u0103 dificultatea \u00eengrijirii depinde \u00een mare m\u0103sur\u0103 de gradul de dizabilitate al persoanei, dar pot confirma \u0219i c\u0103 \u00eens\u0103\u0219i natura feminin\u0103 prezint\u0103 o provocare suplimentar\u0103 \u00een \u00eengrijire\u201d, explic\u0103 Aleksandra.<\/p>\n<h2> Provoc\u0103rile unei fete cu sindrom Down: C\u00e2nd corpul t\u0103u devine un alt obstacol<\/h2>\n<p> Acum, imagineaz\u0103-\u021bi c\u0103 e\u0219ti o fat\u0103 cu sindrom Down, autism sau alt diagnostic. Pe l\u00e2ng\u0103 dificult\u0103\u021bile zilnice legate de \u00eenv\u0103\u021bare, integrare social\u0103 \u0219i \u00eengrijire medical\u0103, te confrun\u021bi cu o alt\u0103 problem\u0103 \u00een fiecare lun\u0103: menstrua\u021bia. Pentru majoritatea fetelor \u0219i femeilor, menstrua\u021bia este un proces obositor \u0219i uneori dureros, dar pentru o fat\u0103 cu nevoi speciale, acest ciclu natural devine o adev\u0103rat\u0103 provocare.<\/p>\n<p> \u201eAdesea, aceste persoane nu sunt capabile s\u0103 men\u021bin\u0103 singure igiena personal\u0103 \u0219i necesit\u0103 asisten\u021b\u0103 sau supraveghere. Exist\u0103 diferite niveluri de \u00een\u021belegere a menstrua\u021biei ca o caracteristic\u0103 biologic\u0103 &#8211; de la capacitatea de a \u00een\u021belege fenomenul \u0219i de a avea grij\u0103 de sine sau de a accepta ajutor, p\u00e2n\u0103 la o incapacitate intelectual\u0103 complet\u0103 de a-l \u00een\u021belege sau de a men\u021bine igiena \u00een mod independent. \u00cen plus, fiecare persoan\u0103 reac\u021bioneaz\u0103 diferit la simptomele menstrua\u021biei \u0219i ale sindromului premenstrual &#8211; cum ar fi durerea, iritabilitatea emo\u021bional\u0103 \u0219i probleme similare\u201d, subliniaz\u0103 Aleksandra.<\/p>\n<p> \u00cen Macedonia de Nord, chiar \u0219i fetele f\u0103r\u0103 dizabilit\u0103\u021bi se lupt\u0103 s\u0103 \u00ee\u0219i permit\u0103 produse menstruale din cauza pre\u021burilor ridicate \u0219i a lipsei de acces la educa\u021bie menstrual\u0103. Pentru o fat\u0103 cu nevoi speciale, situa\u021bia este \u0219i mai problematic\u0103, deoarece este posibil s\u0103 nu \u00een\u021beleag\u0103 cum s\u0103 utilizeze produsele menstruale sau s\u0103 aib\u0103 dificult\u0103\u021bi \u00een a le schimba \u00een mod regulat. \u00cen astfel de cazuri, prezen\u021ba unui p\u0103rinte sau a unui \u00eengrijitor este esen\u021bial\u0103 &#8211; nu doar pentru a furniza produsele de igien\u0103 din punct de vedere financiar, ci \u0219i pentru a oferi asisten\u021b\u0103 pe parcursul \u00eentregului proces.<\/p>\n<p> \u201eDa, aceasta este realitatea pentru aceste persoane \u0219i familiile lor. Nu afecteaz\u0103 doar persoana cu dizabilit\u0103\u021bi, ci \u0219i pe to\u021bi cei implica\u021bi \u00een \u00eengrijirea lor. Dizabilit\u0103\u021bile intelectuale \u0219i fizice nu scutesc aceste persoane de natura biologic\u0103 a corpului feminin. Cred c\u0103 publicul larg nici m\u0103car nu a considerat acest subiect ca un fapt \u0219i o realitate pentru femeile cu dizabilit\u0103\u021bi \u0219i cei care le \u00eengrijesc\u201d, spune Aleksandra.<\/p>\n<h2> De ce este at\u00e2t de important un sprijin sporit?<\/h2>\n<p> Statul trebuie s\u0103 ia m\u0103suri pentru a se asigura c\u0103 persoanele cu nevoi speciale &#8211; \u00een special femeile \u0219i fetele &#8211; nu sunt l\u0103sate la marginea societ\u0103\u021bii. Programele educa\u021bionale privind menstrua\u021bia \u0219i igiena sunt necesare pentru toate fetele, indiferent de abilit\u0103\u021bile lor. Mai mult, ar trebui s\u0103 existe centre de sprijin unde fetele cu sindrom Down \u0219i femeile cu dizabilit\u0103\u021bi s\u0103 poat\u0103 primi asisten\u021b\u0103 medical\u0103 \u0219i social\u0103 adecvate.<\/p>\n<p> Nu este corect ca o fat\u0103 cu nevoi speciale s\u0103 se confrunte cu o dubl\u0103 provocare \u2013 nu doar din cauza afec\u021biunii sale, ci \u0219i din cauza lipsei de sprijin din partea societ\u0103\u021bii \u0219i a statului. Este timpul ca societatea s\u0103 \u00ee\u0219i schimbe abordarea \u0219i s\u0103 o trateze ca pe indivizi cu drepturi egale, nu ca pe o povar\u0103 care trebuie ascuns\u0103 sau neglijat\u0103.<\/p>\n<p> Conform recens\u0103m\u00e2ntului din 2021, num\u0103rul femeilor cu nevoi speciale din Macedonia de Nord este mai mare dec\u00e2t cel al b\u0103rba\u021bilor. Un total de 52.203 femei din \u021bar\u0103 tr\u0103iesc cu o form\u0103 de dizabilitate &#8211; fie c\u0103 este vorba de mobilitate, vedere, auz, comunicare sau alte deficien\u021be &#8211; comparativ cu 42.209 b\u0103rba\u021bi cu dizabilit\u0103\u021bi.<\/p>\n","protected":false},"excerpt":{"rendered":"<p>A fi o persoan\u0103 cu nevoi speciale \u00een Macedonia de Nord este o provocare zilnic\u0103. Sistemul de s\u0103n\u0103tate, infrastructura \u0219i mentalitatea social\u0103 adesea nu reu\u0219esc s\u0103 ofere sprijinul necesar acestor persoane, l\u0103s\u00e2ndu-le pe ele \u0219i [&hellip;]<\/p>\n","protected":false},"author":197,"featured_media":6308,"comment_status":"closed","ping_status":"closed","sticky":false,"template":"","format":"standard","meta":{"_acf_changed":false,"footnotes":""},"categories":[715,570],"tags":[17477,15550,3384,17478,17479,17480],"post_formats":[664],"coauthors":[17383],"class_list":["post-67755","post","type-post","status-publish","format-standard","has-post-thumbnail","hentry","category-diversitate-si-incluziune","category-general-ro","tag-disability","tag-healthcare-ro","tag-infrastructure-ro","tag-menstruation","tag-north-macedonia","tag-period-poverty","post_formats-articole"],"acf":[],"_links":{"self":[{"href":"https:\/\/www.pulse-z.eu\/ro\/wp-json\/wp\/v2\/posts\/67755","targetHints":{"allow":["GET"]}}],"collection":[{"href":"https:\/\/www.pulse-z.eu\/ro\/wp-json\/wp\/v2\/posts"}],"about":[{"href":"https:\/\/www.pulse-z.eu\/ro\/wp-json\/wp\/v2\/types\/post"}],"author":[{"embeddable":true,"href":"https:\/\/www.pulse-z.eu\/ro\/wp-json\/wp\/v2\/users\/197"}],"replies":[{"embeddable":true,"href":"https:\/\/www.pulse-z.eu\/ro\/wp-json\/wp\/v2\/comments?post=67755"}],"version-history":[{"count":13,"href":"https:\/\/www.pulse-z.eu\/ro\/wp-json\/wp\/v2\/posts\/67755\/revisions"}],"predecessor-version":[{"id":67808,"href":"https:\/\/www.pulse-z.eu\/ro\/wp-json\/wp\/v2\/posts\/67755\/revisions\/67808"}],"wp:featuredmedia":[{"embeddable":true,"href":"https:\/\/www.pulse-z.eu\/ro\/wp-json\/wp\/v2\/media\/6308"}],"wp:attachment":[{"href":"https:\/\/www.pulse-z.eu\/ro\/wp-json\/wp\/v2\/media?parent=67755"}],"wp:term":[{"taxonomy":"category","embeddable":true,"href":"https:\/\/www.pulse-z.eu\/ro\/wp-json\/wp\/v2\/categories?post=67755"},{"taxonomy":"post_tag","embeddable":true,"href":"https:\/\/www.pulse-z.eu\/ro\/wp-json\/wp\/v2\/tags?post=67755"},{"taxonomy":"post_formats","embeddable":true,"href":"https:\/\/www.pulse-z.eu\/ro\/wp-json\/wp\/v2\/post_formats?post=67755"},{"taxonomy":"author","embeddable":true,"href":"https:\/\/www.pulse-z.eu\/ro\/wp-json\/wp\/v2\/coauthors?post=67755"}],"curies":[{"name":"wp","href":"https:\/\/api.w.org\/{rel}","templated":true}]}}