{"id":65294,"date":"2025-11-13T12:39:03","date_gmt":"2025-11-13T12:39:03","guid":{"rendered":"https:\/\/www.pulse-z.eu\/pacification-or-liberation-palestine-with-cleo-alexopoulou\/"},"modified":"2025-11-13T12:48:06","modified_gmt":"2025-11-13T12:48:06","slug":"pacificare-sau-eliberare-palestina-cu-cleo-alexopoulou","status":"publish","type":"post","link":"https:\/\/www.pulse-z.eu\/ro\/pacificare-sau-eliberare-palestina-cu-cleo-alexopoulou\/","title":{"rendered":"Pacificare sau Eliberare? Palestina cu Cleo Alexopoulou"},"content":{"rendered":"\n<p><iframe loading=\"lazy\" style=\"border-radius: 12px;\" src=\"https:\/\/open.spotify.com\/embed\/episode\/0l3utATPGG4H7CxrWGtBzg?utm_source=generator\" width=\"100%\" height=\"152\" frameborder=\"0\" allowfullscreen=\"allowfullscreen\" data-testid=\"embed-iframe\"><\/iframe><\/p>\n<p> Pacificare sau Eliberare? <\/p>\n<p><span style=\"font-weight: 400;\">Ce \u00eenseamn\u0103 eliberarea atunci c\u00e2nd umanitarismul se ciocne\u0219te cu sistemele de domina\u021bie?<\/span><\/p>\n<p> <span style=\"font-weight: 400;\">\u00cen acest episod, ni se al\u0103tur\u0103<\/span> <a href=\"https:\/\/en.wikipedia.org\/wiki\/Kleoniki_Alexopoulou\" target=\"_blank\" rel=\"noopener\">Cleo Alexopoulou<\/a> <span style=\"font-weight: 400;\">\u2014 istoric, cercet\u0103tor \u0219i membru al Flotillei Globale Sumud \u2014 pentru a explora modul \u00een care solidaritatea, rezisten\u021ba \u0219i dreptul interna\u021bional se intersecteaz\u0103 \u00een lupta pentru autodeterminarea palestinian\u0103.<\/span><\/p>\n<p> <span style=\"font-weight: 400;\">Trecem de la teoria decolonial\u0103 la experien\u021ba tr\u0103it\u0103: de la politica recunoa\u0219terii \u0219i limitele \u201einterlocutorilor acceptabili\u201d, la propria deten\u021bie a lui Cleo dup\u0103 misiunea flotilei din Gaza. Ea reflect\u0103 asupra a ce \u00eenseamn\u0103 s\u0103 auzi bombe dintr-o barc\u0103 aflat\u0103 la patruzeci de mile de coast\u0103, asupra modului \u00een care ini\u021biativele umanitare devin mi\u0219c\u0103ri bazate pe drepturi \u0219i de ce, chiar \u0219i \u00een interiorul unei \u00eenchisori, c\u00e2ntecele, desenele \u0219i mesajele ascunse \u00een pere\u021bi devin o arhiv\u0103 t\u0103cut\u0103 a speran\u021bei.<\/span><\/p>\n<p> <span style=\"font-weight: 400;\">Conversa\u021bia pune la \u00eendoial\u0103 vocabularul p\u0103cii, structurile globale care normalizeaz\u0103 impunitatea \u0219i impactul emo\u021bional pe care \u00eel suport\u0103 cei care refuz\u0103 s\u0103-\u0219i \u00eentoarc\u0103 privirea. Mai presus de toate, ne aminte\u0219te c\u0103 dreptatea nu este un viitor abstract &#8211; este munca zilnic\u0103 a comunit\u0103\u021bilor care insist\u0103 asupra demnit\u0103\u021bii lor.<\/span><\/p>\n<p> <span style=\"font-weight: 400;\">\ud83c\udf99\ufe0f Produs de Georgios Karagiorgos pentru European Youth Press \u0219i Pulse-Z<\/span><\/p>\n<\/p>\n<p> Ce este Vox Civica? <\/p>\n<p><a href=\"https:\/\/open.spotify.com\/show\/7Cjs8AE7zUhx6Pa7Gz6VIS?si=ffa0490f0a6b4e47\" target=\"_blank\" rel=\"noopener\"><span style=\"font-weight: 400;\">Vox Civica &#8211; Unde democra\u021bia are o voce<\/span><\/a> <span style=\"font-weight: 400;\">este un podcast despre cum este tr\u0103it\u0103, testat\u0103 \u0219i reinventat\u0103 democra\u021bia \u00een lumea modern\u0103. Acesta \u00eei aduce pe ascult\u0103tori \u00een conversa\u021biile \u0219i conflictele care definesc via\u021ba civic\u0103 de ast\u0103zi &#8211; de la str\u0103zile unde \u00eencep protestele p\u00e2n\u0103 la institu\u021biile unde politicile prind contur. Fiecare episod prezint\u0103 voci din jurnalism, activism, mediul academic \u0219i mi\u0219c\u0103rile pentru drepturi digitale, explor\u00e2nd modul \u00een care oamenii se confrunt\u0103 cu puterea, \u00ee\u0219i ap\u0103r\u0103 libert\u0103\u021bile \u0219i adapteaz\u0103 valorile democratice la o er\u0103 a supravegherii, dezinform\u0103rii \u0219i schimb\u0103rilor tehnologice rapide. Pe scurt, este un spa\u021biu \u00een care g\u00e2ndirea critic\u0103 \u00eent\u00e2lne\u0219te imagina\u021bia civic\u0103 &#8211; urm\u0103rind luptele, ideile \u0219i colabor\u0103rile care men\u021bin democra\u021bia \u00een via\u021b\u0103 \u00een secolul XXI.<\/span><\/p>\n<p><b>Despre oaspete:<\/b><\/p>\n<p> <span style=\"font-weight: 400;\">Kleoniki Alexopoulou este o istoric\u0103 economic\u0103 \u0219i social\u0103 specializat\u0103 \u00een Sudul Global. \u00cen prezent, este profesor invitat la Universitatea Na\u021bional\u0103 \u0219i Kapodistrian\u0103 din Atena \u0219i, \u00een ultimul an, a fost bursier\u0103 postdoctoral\u0103 la Institutul Princeton pentru Studii Interna\u021bionale \u0219i Regionale. Cercet\u0103rile sale exploreaz\u0103 formarea statelor coloniale, regimurile fiscale, for\u021ba de munc\u0103 \u0219i dezvoltarea bun\u0103st\u0103rii \u00een contexte periferice. Lucr\u0103rile sale au fost prezentate la conferin\u021be interna\u021bionale \u0219i publicate \u00een reviste evaluate de colegi \u0219i volume editate, baz\u00e2ndu-se pe cercet\u0103ri ample de teren \u00een mai multe regiuni din Africa. \u00cen paralel, face parte din comitetul director al Flotilei Globale Sumud.<\/span><\/p>\n","protected":false},"excerpt":{"rendered":"<p>Pacificare sau Eliberare? Ce \u00eenseamn\u0103 eliberarea atunci c\u00e2nd umanitarismul se ciocne\u0219te cu sistemele de domina\u021bie? \u00cen acest episod, ni se al\u0103tur\u0103 Cleo Alexopoulou \u2014 istoric, cercet\u0103tor \u0219i membru al Flotillei Globale Sumud \u2014 pentru a [&hellip;]<\/p>\n","protected":false},"author":355,"featured_media":60857,"comment_status":"closed","ping_status":"closed","sticky":false,"template":"","format":"standard","meta":{"_acf_changed":false,"footnotes":""},"categories":[714,656,570],"tags":[16612,12868,14441,16613,16614,16615,16616,16617,16618,16619,16620,2606,16621,2210,16622,16623,16624,16625,8461,16626,16627,16628,11822,16629],"post_formats":[766],"coauthors":[4037],"class_list":["post-65294","post","type-post","status-publish","format-standard","has-post-thumbnail","hentry","category-actualitate","category-conexiuni","category-general-ro","tag-academic-research-ro","tag-activism-ro","tag-civil-society-ro","tag-cleo-alexopoulou-ro","tag-colonial-legacies-ro","tag-decolonial-theory-ro","tag-detention-ro","tag-gaza-flotilla-ro","tag-global-justice-ro","tag-global-south-ro","tag-global-sumud-flotilla-ro","tag-human-rights-ro","tag-humanitarian-missions-ro","tag-international-law-ro","tag-liberation-movements-ro","tag-mediterranean-politics-ro","tag-middle-east-politics-ro","tag-occupation-ro","tag-palestine-ro","tag-political-recognition-ro","tag-resistance-ro","tag-self-determination-ro","tag-social-movements-ro","tag-solidarity-movements-ro","post_formats-podcast-ro"],"acf":[],"_links":{"self":[{"href":"https:\/\/www.pulse-z.eu\/ro\/wp-json\/wp\/v2\/posts\/65294","targetHints":{"allow":["GET"]}}],"collection":[{"href":"https:\/\/www.pulse-z.eu\/ro\/wp-json\/wp\/v2\/posts"}],"about":[{"href":"https:\/\/www.pulse-z.eu\/ro\/wp-json\/wp\/v2\/types\/post"}],"author":[{"embeddable":true,"href":"https:\/\/www.pulse-z.eu\/ro\/wp-json\/wp\/v2\/users\/355"}],"replies":[{"embeddable":true,"href":"https:\/\/www.pulse-z.eu\/ro\/wp-json\/wp\/v2\/comments?post=65294"}],"version-history":[{"count":8,"href":"https:\/\/www.pulse-z.eu\/ro\/wp-json\/wp\/v2\/posts\/65294\/revisions"}],"predecessor-version":[{"id":65368,"href":"https:\/\/www.pulse-z.eu\/ro\/wp-json\/wp\/v2\/posts\/65294\/revisions\/65368"}],"wp:featuredmedia":[{"embeddable":true,"href":"https:\/\/www.pulse-z.eu\/ro\/wp-json\/wp\/v2\/media\/60857"}],"wp:attachment":[{"href":"https:\/\/www.pulse-z.eu\/ro\/wp-json\/wp\/v2\/media?parent=65294"}],"wp:term":[{"taxonomy":"category","embeddable":true,"href":"https:\/\/www.pulse-z.eu\/ro\/wp-json\/wp\/v2\/categories?post=65294"},{"taxonomy":"post_tag","embeddable":true,"href":"https:\/\/www.pulse-z.eu\/ro\/wp-json\/wp\/v2\/tags?post=65294"},{"taxonomy":"post_formats","embeddable":true,"href":"https:\/\/www.pulse-z.eu\/ro\/wp-json\/wp\/v2\/post_formats?post=65294"},{"taxonomy":"author","embeddable":true,"href":"https:\/\/www.pulse-z.eu\/ro\/wp-json\/wp\/v2\/coauthors?post=65294"}],"curies":[{"name":"wp","href":"https:\/\/api.w.org\/{rel}","templated":true}]}}