{"id":64568,"date":"2025-11-10T14:55:54","date_gmt":"2025-11-10T14:55:54","guid":{"rendered":"https:\/\/www.pulse-z.eu\/latvia-parliament-votes-to-withdraw-from-istanbul-convention-blow-to-womens-rights-protection\/"},"modified":"2025-12-03T14:56:37","modified_gmt":"2025-12-03T14:56:37","slug":"letonia-retragerea-din-conventia-de-la-istanbul-a-fost-suspendata-dupa-vetoul-prezidential-si-protestele-in-masa","status":"publish","type":"post","link":"https:\/\/www.pulse-z.eu\/ro\/letonia-retragerea-din-conventia-de-la-istanbul-a-fost-suspendata-dupa-vetoul-prezidential-si-protestele-in-masa\/","title":{"rendered":"Letonia: Retragerea din Conven\u021bia de la Istanbul a fost suspendat\u0103 dup\u0103 vetoul preziden\u021bial \u0219i protestele \u00een mas\u0103"},"content":{"rendered":"\n<p><span style=\"font-weight: 400;\">Letonia a devenit centrul unei intense confrunt\u0103ri politice \u0219i sociale privind drepturile femeilor, angajamentele interna\u021bionale \u0219i influen\u021ba mi\u0219c\u0103rilor anti-gender. La sf\u00e2r\u0219itul lunii octombrie 2025, Parlamentul leton a votat la limit\u0103 pentru \u00eenceperea procesului de retragere din<\/span> <a href=\"https:\/\/bip.brpo.gov.pl\/sites\/default\/files\/Konwencja%20Stambulska%20-%20tekst.pdf\" target=\"_blank\" rel=\"noopener\"><span style=\"font-weight: 400;\">Conven\u021bia de la Istanbul<\/span><\/a> <span style=\"font-weight: 400;\">, cel mai cuprinz\u0103tor tratat al Consiliului Europei privind prevenirea \u0219i combaterea violen\u021bei \u00eempotriva femeilor. Aceast\u0103 mi\u0219care<\/span> <a href=\"https:\/\/freepolicybriefs.org\/2025\/11\/17\/latvia-istanbul-convention-withdrawal\/#:~:text=Latvia%20ratified%20the%20Istanbul%20Convention,from%20the%20Convention&#039;s%20core%20principles.\" target=\"_blank\" rel=\"noopener\"><span style=\"font-weight: 400;\">a st\u00e2rnit<\/span><\/a> imediat <span style=\"font-weight: 400;\">indignare na\u021bional\u0103, \u00eengrijorare interna\u021bional\u0103 \u0219i un conflict constitu\u021bional care a l\u0103sat incert\u0103 viitoarea rela\u021bie a \u021b\u0103rii cu Conven\u021bia.<\/span><\/p>\n<\/p>\n<h2> <b>O decizie parlamentar\u0103 profund controversat\u0103<\/b><\/h2>\n<p> <span style=\"font-weight: 400;\">Votul<\/span> din 30 octombrie 2025 a urmat peste treisprezece ore de dezbateri aprinse. Cincizeci \u0219i \u0219ase <a href=\"https:\/\/www.rmf24.pl\/polityka\/news-historyczna-decyzja-lotewskiego-parlamentu-w-kraju-protesty,nId,8036199\" target=\"_blank\" rel=\"noopener\"><span style=\"font-weight: 400;\">de<\/span><\/a> <span style=\"font-weight: 400;\">deputa\u021bi au sus\u021binut retragerea, treizeci \u0219i doi s-au opus, iar doi s-au ab\u021binut. Ini\u021biativa a fost ini\u021biat\u0103 de partide conservatoare \u0219i na\u021bionaliste, care au sus\u021binut c\u0103 defini\u021bia genului \u00een Conven\u021bie ca rol construit social promoveaz\u0103 o agend\u0103 ideologic\u0103 inacceptabil\u0103. Ace\u0219tia au sus\u021binut c\u0103 legile existente ale Letoniei abordeaz\u0103 deja violen\u021ba domestic\u0103 \u0219i c\u0103 Conven\u021bia este redundant\u0103 sau intruziv\u0103. Aceste argumente au reflectat tensiuni culturale \u0219i politice mai ample care s-au intensificat \u00een ultimii ani, normele de gen devenind un c\u00e2mp de lupt\u0103 cheie \u00een politica leton\u0103.<\/span><\/p>\n<p> <span style=\"font-weight: 400;\">Oponen\u021bii, inclusiv organiza\u021bii ale societ\u0103\u021bii civile, exper\u021bi juridici \u0219i mul\u021bi membri ai coali\u021biei de guvernare, au subliniat c\u0103 astfel de<\/span> <a href=\"https:\/\/www.reuters.com\/world\/latvian-parliament-votes-quit-convention-protecting-women-2025-10-30\/\" target=\"_blank\" rel=\"noopener\"><span style=\"font-weight: 400;\">afirma\u021bii<\/span><\/a> <span style=\"font-weight: 400;\">denatureaz\u0103 obiectivele Conven\u021biei. Tratatul nu redefine\u0219te sexul biologic \u0219i nu impune modific\u0103ri structurilor familiale; dimpotriv\u0103, oblig\u0103 statele s\u0103 previn\u0103 violen\u021ba, s\u0103 protejeze victimele \u0219i s\u0103-i urm\u0103reasc\u0103 penal pe autori. Criticii au avertizat c\u0103 retragerea ar submina siguran\u021ba femeilor, ar afecta credibilitatea interna\u021bional\u0103 a Letoniei \u0219i ar distan\u021ba \u021bara de standardele europene privind drepturile omului. Momentul deciziei a atras o analiz\u0103 suplimentar\u0103, deoarece a venit cu doar c\u00e2teva zile \u00eenainte de o vizit\u0103 de evaluare planificat\u0103 din partea GREVIO, organismul independent de monitorizare a Conven\u021biei.<\/span><\/p>\n<div id=\"attachment_62174\" style=\"width: 610px\" class=\"wp-caption alignnone\"><img aria-describedby=\"caption-attachment-62174\" loading=\"lazy\" decoding=\"async\" class=\" wp-image-62174\" src=\"https:\/\/www.pulse-z.eu\/wp-content\/uploads\/2025\/10\/Evika-Silin-Latvia-Prime-minister--scaled.jpg\" alt=\"\" width=\"600\" height=\"400\" srcset=\"https:\/\/www.pulse-z.eu\/wp-content\/uploads\/2025\/10\/Evika-Silin-Latvia-Prime-minister--scaled.jpg 2560w, https:\/\/www.pulse-z.eu\/wp-content\/uploads\/2025\/10\/Evika-Silin-Latvia-Prime-minister--768x512.jpg 768w, https:\/\/www.pulse-z.eu\/wp-content\/uploads\/2025\/10\/Evika-Silin-Latvia-Prime-minister--1536x1024.jpg 1536w, https:\/\/www.pulse-z.eu\/wp-content\/uploads\/2025\/10\/Evika-Silin-Latvia-Prime-minister--2048x1365.jpg 2048w\" sizes=\"auto, (max-width: 600px) 100vw, 600px\" \/><\/p>\n<p id=\"caption-attachment-62174\" class=\"wp-caption-text\"> Evika SILI\u0145A (prim-ministru al Letoniei). Sursa: <a href=\"https:\/\/newsroom.consilium.europa.eu\/permalink\/p212388\" target=\"_blank\" rel=\"noopener\">Consiliul Europei<\/a><\/p>\n<\/div>\n<div id=\"attachment_62182\" style=\"width: 610px\" class=\"wp-caption alignnone\"><img aria-describedby=\"caption-attachment-62182\" loading=\"lazy\" decoding=\"async\" class=\" wp-image-62182\" src=\"https:\/\/www.pulse-z.eu\/wp-content\/uploads\/2025\/10\/Antonio-COSTA-President-of-the-European-Council-Evika-SILINA-Prime-Minister-Latvia-scaled.jpg\" alt=\"\" width=\"600\" height=\"400\" srcset=\"https:\/\/www.pulse-z.eu\/wp-content\/uploads\/2025\/10\/Antonio-COSTA-President-of-the-European-Council-Evika-SILINA-Prime-Minister-Latvia-scaled.jpg 2560w, https:\/\/www.pulse-z.eu\/wp-content\/uploads\/2025\/10\/Antonio-COSTA-President-of-the-European-Council-Evika-SILINA-Prime-Minister-Latvia-768x512.jpg 768w, https:\/\/www.pulse-z.eu\/wp-content\/uploads\/2025\/10\/Antonio-COSTA-President-of-the-European-Council-Evika-SILINA-Prime-Minister-Latvia-1536x1025.jpg 1536w, https:\/\/www.pulse-z.eu\/wp-content\/uploads\/2025\/10\/Antonio-COSTA-President-of-the-European-Council-Evika-SILINA-Prime-Minister-Latvia-2048x1366.jpg 2048w\" sizes=\"auto, (max-width: 600px) 100vw, 600px\" \/><\/p>\n<p id=\"caption-attachment-62182\" class=\"wp-caption-text\"> Ant\u00f3nio COSTA (Pre\u0219edintele Consiliului European), Evika SILI\u0145A (prim-ministru, Letonia). Sursa: <a href=\"https:\/\/newsroom.consilium.europa.eu\/permalink\/p210137\" target=\"_blank\" rel=\"noopener\">Consilium Europa<\/a><\/p>\n<\/div>\n<h2><b>Pre\u0219edintele intervine<\/b><\/h2>\n<p> <span style=\"font-weight: 400;\">Undele de \u0219oc politice s-au intensificat c\u00e2nd pre\u0219edintele<\/span> <b>Edgars Rink\u0113vi\u010ds<\/b> <span style=\"font-weight: 400;\">a anun\u021bat, pe 3 noiembrie 2025, c\u0103<\/span> nu <a href=\"https:\/\/www.euronews.com\/2025\/11\/03\/latvias-president-sends-law-withdrawing-from-istanbul-convention-back-to-saeima\" target=\"_blank\" rel=\"noopener\"><span style=\"font-weight: 400;\">va<\/span><\/a> <span style=\"font-weight: 400;\">semna proiectul de lege privind retragerea. \u00centr-o explica\u021bie detaliat\u0103, el a sus\u021binut c\u0103 legea reprezenta un risc pentru siguran\u021ba femeilor, \u00eei lipsea un temei juridic clar \u0219i amenin\u021ba pozi\u021bia Letoniei \u00een cadrul Uniunii Europene. El a subliniat c\u0103 retragerea dintr-un tratat privind drepturile omului ar crea un precedent d\u0103un\u0103tor, f\u0103c\u00e2nd din Letonia primul stat membru al UE care face acest lucru \u0219i doar a doua \u021bar\u0103 din lume care p\u0103r\u0103se\u0219te Conven\u021bia de la Istanbul. Pre\u0219edintele a returnat proiectul de lege Parlamentului, recomand\u00e2nd ca orice alt\u0103 analiz\u0103 s\u0103 a\u0219tepte p\u00e2n\u0103 dup\u0103 urm\u0103toarele alegeri parlamentare din octombrie 2026.<\/span><\/p>\n<p> <span style=\"font-weight: 400;\">\u00cen urma interven\u021biei sale, Parlamentul a trimis proiectul de lege \u00eenapoi Comisiei pentru Afaceri Externe pentru o analiz\u0103 extins\u0103. Prin urmare, procesul a fost suspendat, iar viitorul retragerii r\u0103m\u00e2ne nerezolvat. Unii parlamentari au sugerat c\u0103 un referendum na\u021bional ar putea fi necesar \u00een cele din urm\u0103 pentru a solu\u021biona problema.<\/span><\/p>\n<\/p>\n<h2> <b>Mobilizare public\u0103<\/b><\/h2>\n<p> <span style=\"font-weight: 400;\">Votul ini\u021bial a declan\u0219at cel<\/span> <a href=\"https:\/\/www.lastradainternational.org\/news\/latvian-parliament-voted-to-withdraw-from-the-istanbul-convention\/#:~:text=In%20October%2C%20Latvia&#039;s%20parliament%20voted,gender%20norms%20remain%20deeply%20traditional.\" target=\"_blank\" rel=\"noopener\"><span style=\"font-weight: 400;\">mai mare<\/span><\/a> <span style=\"font-weight: 400;\">val de mobilizare civic\u0103 din Letonia din ultimii ani. Mii de oameni au m\u0103r\u0219\u0103luit pe str\u0103zile din Riga cer\u00e2nd ca Letonia s\u0103 r\u0103m\u00e2n\u0103 \u00een Conven\u021bie. Organiza\u021biile societ\u0103\u021bii civile s-au mobilizat rapid, coordon\u00e2nd proteste, dezbateri \u0219i campanii de advocacy. O peti\u021bie public\u0103 care solicita anularea deciziei a devenit cea mai mare din istoria Letoniei. Partenerii interna\u021bionali, inclusiv ambasadori din cincisprezece \u021b\u0103ri \u0219i lideri parlamentari din \u00eentreaga regiune nordic\u0103-baltic\u0103, au \u00eendemnat public Letonia s\u0103 \u00ee\u0219i respecte angajamentele. Apelurile lor au eviden\u021biat \u00eengrijor\u0103rile c\u0103 retragerea ar \u00eencuraja mi\u0219c\u0103rile \u00eempotriva drepturilor femeilor, ar sl\u0103bi solidaritatea regional\u0103 \u0219i ar submina eforturile colective ale Europei de combatere a violen\u021bei \u00eempotriva femeilor.<\/span><\/p>\n<div id=\"attachment_62190\" style=\"width: 609px\" class=\"wp-caption alignnone\"><img aria-describedby=\"caption-attachment-62190\" loading=\"lazy\" decoding=\"async\" class=\" wp-image-62190\" src=\"https:\/\/www.pulse-z.eu\/wp-content\/uploads\/2025\/10\/Latvia-Source-Canva.jpg\" alt=\"\" width=\"599\" height=\"337\" srcset=\"https:\/\/www.pulse-z.eu\/wp-content\/uploads\/2025\/10\/Latvia-Source-Canva.jpg 1920w, https:\/\/www.pulse-z.eu\/wp-content\/uploads\/2025\/10\/Latvia-Source-Canva-768x432.jpg 768w, https:\/\/www.pulse-z.eu\/wp-content\/uploads\/2025\/10\/Latvia-Source-Canva-1536x864.jpg 1536w\" sizes=\"auto, (max-width: 599px) 100vw, 599px\" \/><\/p>\n<p id=\"caption-attachment-62190\" class=\"wp-caption-text\"> Letonia [Sursa: Canva]<\/p>\n<\/div>\n<div id=\"attachment_62198\" style=\"width: 611px\" class=\"wp-caption alignnone\"><img aria-describedby=\"caption-attachment-62198\" loading=\"lazy\" decoding=\"async\" class=\" wp-image-62198\" src=\"https:\/\/www.pulse-z.eu\/wp-content\/uploads\/2025\/10\/Latvia-Source-Canva-1.jpg\" alt=\"\" width=\"601\" height=\"338\" srcset=\"https:\/\/www.pulse-z.eu\/wp-content\/uploads\/2025\/10\/Latvia-Source-Canva-1.jpg 1920w, https:\/\/www.pulse-z.eu\/wp-content\/uploads\/2025\/10\/Latvia-Source-Canva-1-768x432.jpg 768w, https:\/\/www.pulse-z.eu\/wp-content\/uploads\/2025\/10\/Latvia-Source-Canva-1-1536x864.jpg 1536w\" sizes=\"auto, (max-width: 601px) 100vw, 601px\" \/><\/p>\n<p id=\"caption-attachment-62198\" class=\"wp-caption-text\"> Letonia [Sursa: Canva]<\/p>\n<\/div>\n<h2><b>Un punct de tensiune politic \u0219i geopolitic<\/b><\/h2>\n<p> <span style=\"font-weight: 400;\">Dezbaterea privind Conven\u021bia a remodelat peisajul politic al Letoniei. Coali\u021bia de guvernare a fost destabilizat\u0103 \u0219i divizat\u0103 intern, \u00een timp ce partidele de opozi\u021bie au folosit controversa pentru a mobiliza aleg\u0103torii \u00een jurul temelor identit\u0103\u021bii na\u021bionale \u0219i suveranit\u0103\u021bii. Anali\u0219tii au remarcat c\u0103 retorica din jurul Conven\u021biei reflect\u0103 tendin\u021be europene mai largi, mi\u0219c\u0103rile populiste \u0219i anti-gender c\u00e2\u0219tig\u00e2nd teren, adesea sus\u021binute de nara\u021biuni de dezinformare legate de influen\u021ba Kremlinului. Mass-media \u00een limba rus\u0103 din Letonia a jucat un rol vizibil \u00een amplificarea argumentelor \u00eempotriva Conven\u021biei, \u00eencadr\u00e2nd-o ca o amenin\u021bare la adresa valorilor tradi\u021bionale.<\/span><\/p>\n<p> <span style=\"font-weight: 400;\">La nivel european, decizia Letoniei a st\u00e2rnit \u00eengrijor\u0103ri cu privire la integritatea cadrelor privind drepturile omului \u0219i la poten\u021bialul unor ac\u021biuni similare \u00een alte state. De\u0219i noua Directiv\u0103 a Uniunii Europene privind combaterea violen\u021bei \u00eempotriva femeilor r\u0103m\u00e2ne obligatorie pentru toate statele membre, aceasta reprezint\u0103 doar un standard minim \u0219i \u00eei lipse\u0219te mecanismul independent de monitorizare prev\u0103zut de Conven\u021bia de la Istanbul. Letonia ar putea, \u00een teorie, s\u0103 \u00ee\u0219i \u00eendeplineasc\u0103 obliga\u021biile legale fa\u021b\u0103 de UE \u00een timp ce p\u0103r\u0103se\u0219te Conven\u021bia, dar o astfel de mi\u0219care ar fi \u00een mare m\u0103sur\u0103 simbolic\u0103 \u0219i \u00eenc\u0103rcat\u0103 politic, mai degrab\u0103 dec\u00e2t bazat\u0103 pe o necesitate juridic\u0103.<\/span><\/p>\n<\/p>\n<h2> <b>Un drum incert \u00een fa\u021b\u0103<\/b><\/h2>\n<p> <span style=\"font-weight: 400;\">La sf\u00e2r\u0219itul anului 2025,<\/span> <b>Letonia nu se retr\u0103sese din Conven\u021bia de la Istanbul<\/b> <span style=\"font-weight: 400;\">. Procesul este<\/span> <a href=\"https:\/\/equalitynow.org\/news\/news-and-insights\/whats-happening-in-latvia-with-the-istanbul-convention\/\" target=\"_blank\" rel=\"noopener\"><span style=\"font-weight: 400;\">suspendat<\/span><\/a> <span style=\"font-weight: 400;\">, iar \u021bara r\u0103m\u00e2ne obligat\u0103 prin tratat. Se a\u0219teapt\u0103 ca problema s\u0103 reap\u0103re \u00een perioada premerg\u0103toare alegerilor parlamentare din octombrie 2026, unde va deveni probabil un subiect central al dezbaterii politice. \u00centre timp, organiza\u021biile pentru drepturile femeilor, observatorii interna\u021bionali \u0219i partenerii democratici continu\u0103 s\u0103 monitorizeze \u00eendeaproape evolu\u021biile, con\u0219tien\u021bi c\u0103 consecin\u021bele se extind mult dincolo de grani\u021bele Letoniei.<\/span><\/p>\n<p> <span style=\"font-weight: 400;\">Lupta privind Conven\u021bia de la Istanbul reprezint\u0103 un moment definitoriu pentru angajamentul Letoniei fa\u021b\u0103 de drepturile omului \u0219i egalitatea de gen. Este, de asemenea, un test al rezilien\u021bei democratice \u00een fa\u021ba dezinform\u0103rii, polariz\u0103rii politice \u0219i presiunii geopolitice. R\u0103m\u00e2nerea \u00een cele din urm\u0103 a Letoniei \u00een Conven\u021bie va trimite un semnal puternic Europei: fie reafirmarea angajamentului comun al continentului de a proteja femeile \u0219i fetele de violen\u021b\u0103, fie deschiderea calei c\u0103tre o reducere f\u0103r\u0103 precedent a obliga\u021biilor interna\u021bionale \u00een materie de drepturi ale omului.<\/span><\/p>\n","protected":false},"excerpt":{"rendered":"<p>Letonia a devenit centrul unei intense confrunt\u0103ri politice \u0219i sociale privind drepturile femeilor, angajamentele interna\u021bionale \u0219i influen\u021ba mi\u0219c\u0103rilor anti-gender. La sf\u00e2r\u0219itul lunii octombrie 2025, Parlamentul leton a votat la limit\u0103 pentru \u00eenceperea procesului de retragere [&hellip;]<\/p>\n","protected":false},"author":227,"featured_media":62180,"comment_status":"closed","ping_status":"closed","sticky":false,"template":"","format":"standard","meta":{"_acf_changed":false,"footnotes":""},"categories":[714,715,719,713],"tags":[15851,15852,15853,5899,1175,8234,2606,8054],"post_formats":[664],"coauthors":[4032],"class_list":["post-64568","post","type-post","status-publish","format-standard","has-post-thumbnail","hentry","category-actualitate","category-diversitate-si-incluziune","category-tineret","category-traditii-cultural","tag-civil-protests-ro","tag-conservative-movement-ro","tag-domestic-violence-ro","tag-european-politics-ro","tag-european-union-ro","tag-gender-equality-ro","tag-human-rights-ro","tag-latvia-ro","post_formats-articole"],"acf":[],"_links":{"self":[{"href":"https:\/\/www.pulse-z.eu\/ro\/wp-json\/wp\/v2\/posts\/64568","targetHints":{"allow":["GET"]}}],"collection":[{"href":"https:\/\/www.pulse-z.eu\/ro\/wp-json\/wp\/v2\/posts"}],"about":[{"href":"https:\/\/www.pulse-z.eu\/ro\/wp-json\/wp\/v2\/types\/post"}],"author":[{"embeddable":true,"href":"https:\/\/www.pulse-z.eu\/ro\/wp-json\/wp\/v2\/users\/227"}],"replies":[{"embeddable":true,"href":"https:\/\/www.pulse-z.eu\/ro\/wp-json\/wp\/v2\/comments?post=64568"}],"version-history":[{"count":3,"href":"https:\/\/www.pulse-z.eu\/ro\/wp-json\/wp\/v2\/posts\/64568\/revisions"}],"predecessor-version":[{"id":70644,"href":"https:\/\/www.pulse-z.eu\/ro\/wp-json\/wp\/v2\/posts\/64568\/revisions\/70644"}],"wp:featuredmedia":[{"embeddable":true,"href":"https:\/\/www.pulse-z.eu\/ro\/wp-json\/wp\/v2\/media\/62180"}],"wp:attachment":[{"href":"https:\/\/www.pulse-z.eu\/ro\/wp-json\/wp\/v2\/media?parent=64568"}],"wp:term":[{"taxonomy":"category","embeddable":true,"href":"https:\/\/www.pulse-z.eu\/ro\/wp-json\/wp\/v2\/categories?post=64568"},{"taxonomy":"post_tag","embeddable":true,"href":"https:\/\/www.pulse-z.eu\/ro\/wp-json\/wp\/v2\/tags?post=64568"},{"taxonomy":"post_formats","embeddable":true,"href":"https:\/\/www.pulse-z.eu\/ro\/wp-json\/wp\/v2\/post_formats?post=64568"},{"taxonomy":"author","embeddable":true,"href":"https:\/\/www.pulse-z.eu\/ro\/wp-json\/wp\/v2\/coauthors?post=64568"}],"curies":[{"name":"wp","href":"https:\/\/api.w.org\/{rel}","templated":true}]}}