{"id":64202,"date":"2025-11-09T13:00:30","date_gmt":"2025-11-09T13:00:30","guid":{"rendered":"https:\/\/www.pulse-z.eu\/a-journey-into-classical-architecture-in-athens\/"},"modified":"2025-11-09T18:52:44","modified_gmt":"2025-11-09T18:52:44","slug":"o-calatorie-in-arhitectura-clasica-din-atena","status":"publish","type":"post","link":"https:\/\/www.pulse-z.eu\/ro\/o-calatorie-in-arhitectura-clasica-din-atena\/","title":{"rendered":"O c\u0103l\u0103torie \u00een arhitectura clasic\u0103 din Atena"},"content":{"rendered":"\n<p>Arhitectura este fa\u021ba fiec\u0103rei epoci, iar aceasta nu ocole\u0219te epoca clasic\u0103. Punctul culminant al acestui gen \u00een <a href=\"https:\/\/www.thespruce.com\/classical-architecture-4797909\" target=\"_blank\" rel=\"noopener\">perioada clasic\u0103<\/a> poate fi observat \u00een Acropola atenian\u0103. Acropola este cel mai \u00eenalt v\u00e2rf din orice <em>polis<\/em> (ora\u0219-stat) \u0219i, de obicei, acolo se aflau complexe de temple \u0219i cl\u0103diri cu importan\u021b\u0103 public\u0103 &#8211; o r\u0103m\u0103\u0219i\u021b\u0103 a vremurilor ahee (\u00een special \u00een Atena), c\u00e2nd palatele \u0219i cet\u0103\u021bile regilor se aflau acolo.<\/p>\n<p> Dup\u0103 distrugerea provocat\u0103 de incendii \u00een timpul <a href=\"https:\/\/www.britannica.com\/event\/Greco-Persian-Wars\" target=\"_blank\" rel=\"noopener\">r\u0103zboaielor greco-persane<\/a> , atenienii au v\u0103zut o \u0219ans\u0103 de a ar\u0103ta lumii grece\u0219ti de ce erau capabili \u0219i au \u00eenceput construc\u021bia de cl\u0103diri pe Acropole. \u00centregul complex a fost planificat s\u0103 urmeze trecerea unei procesiuni religioase anuale. Aceasta \u00eencepe cu ascensiunea din ora\u0219 spre v\u00e2rf, iar primul lucru \u00eent\u00e2lnit acolo sunt Propileele.<\/p>\n<p>Acestea sunt por\u021bile ceremoniale ale complexului; acolo se afl\u0103 mici temple dedicate zeilor \u0219i statuia Atenei Promachos. Dup\u0103 aceea, se trece treptat \u00een interior, unde se dezv\u0103luie perla coroanei ateniene &#8211; Partenonul. Cl\u0103direa a fost construit\u0103 de Phidias \u0219i reprezint\u0103 o crea\u021bie arhitectural\u0103 excep\u021bional\u0103 din mai multe motive. Aceasta \u00eencorporeaz\u0103 ordinea doric, care nu este caracterizat\u0103 de o splendoare deosebit\u0103, dar totu\u0219i interac\u021bioneaz\u0103 excelent cu scara cl\u0103dirii \u0219i creeaz\u0103 un spirit de grandoare.<\/p>\n<p> Cl\u0103direa a fost proiectat\u0103 astfel \u00eenc\u00e2t scurtarea perspectivei de la distan\u021b\u0103 s\u0103 nu aib\u0103 niciun efect asupra ei; \u0219i chiar dac\u0103 la prima vedere este curbat\u0103 pe alocuri \u0219i distan\u021bele dintre coloane sunt inegale, pare perfect dreapt\u0103 atunci c\u00e2nd este privit\u0103 de departe. \u00cen interiorul <em>cellei<\/em> (camerei principale) se afla celebra statuie a Atenei Parthenos &#8211; o oper\u0103 tot a lui Phidias. Cealalt\u0103 cl\u0103dire important\u0103 din complex ne \u00eendreapt\u0103 spre un nivel ulterior al perioadei clasice, c\u00e2nd uniformitatea p\u0103rea s\u0103-i sufoce pe creatori, iar ace\u0219tia c\u0103utau ceva nou, dar tot nu \u00een stilul elenismului. Aceasta se refer\u0103 la templul Atenei \u0219i Poseidon &#8211; Erehtheionul.<\/p>\n<p> Elementul impresionant este utilizarea unei metode care c\u0103zuse \u00een plan secund, chiar una str\u0103in\u0103 clasicismului: cariatidele &#8211; sculpturi de femei care joac\u0103 rolul coloanelor. Ceea ce este izbitor aici este c\u0103, \u00een ciuda greut\u0103\u021bii enorme care apas\u0103 asupra lor, care le impune robuste\u021bea, ele r\u0103m\u00e2n at\u00e2t de gra\u021bioase \u0219i eterice, ca \u0219i cum antablamentul de deasupra ar fi suspendat cu o fr\u00e2nghie de un tavan invizibil. M\u0103iestria Erehtheionului rezid\u0103 aici. \u00cen acest moment, utilizarea ordinii ionice devenise o practic\u0103 obi\u0219nuit\u0103, iar nevoia de splendoare suplimentar\u0103 a dus la crearea uneia noi &#8211; corintice, inspirat\u0103 de frunzele \u0219i volutele ionicului.<\/p>\n","protected":false},"excerpt":{"rendered":"<p>Arhitectura este fa\u021ba fiec\u0103rei epoci, iar aceasta nu ocole\u0219te epoca clasic\u0103. Punctul culminant al acestui gen \u00een perioada clasic\u0103 poate fi observat \u00een Acropola atenian\u0103. Acropola este cel mai \u00eenalt v\u00e2rf din orice polis (ora\u0219-stat) [&hellip;]<\/p>\n","protected":false},"author":1332,"featured_media":0,"comment_status":"closed","ping_status":"closed","sticky":false,"template":"","format":"standard","meta":{"_acf_changed":false,"footnotes":""},"categories":[716,713],"tags":[15659,1102,15660,2888,15661],"post_formats":[664],"coauthors":[13019],"class_list":["post-64202","post","type-post","status-publish","format-standard","hentry","category-traditii","category-traditii-cultural","tag-architecture-ro","tag-athens-ro","tag-classical-architecture-ro","tag-greece-ro","tag-journey-ro","post_formats-articole"],"acf":[],"_links":{"self":[{"href":"https:\/\/www.pulse-z.eu\/ro\/wp-json\/wp\/v2\/posts\/64202","targetHints":{"allow":["GET"]}}],"collection":[{"href":"https:\/\/www.pulse-z.eu\/ro\/wp-json\/wp\/v2\/posts"}],"about":[{"href":"https:\/\/www.pulse-z.eu\/ro\/wp-json\/wp\/v2\/types\/post"}],"author":[{"embeddable":true,"href":"https:\/\/www.pulse-z.eu\/ro\/wp-json\/wp\/v2\/users\/1332"}],"replies":[{"embeddable":true,"href":"https:\/\/www.pulse-z.eu\/ro\/wp-json\/wp\/v2\/comments?post=64202"}],"version-history":[{"count":8,"href":"https:\/\/www.pulse-z.eu\/ro\/wp-json\/wp\/v2\/posts\/64202\/revisions"}],"predecessor-version":[{"id":64225,"href":"https:\/\/www.pulse-z.eu\/ro\/wp-json\/wp\/v2\/posts\/64202\/revisions\/64225"}],"wp:attachment":[{"href":"https:\/\/www.pulse-z.eu\/ro\/wp-json\/wp\/v2\/media?parent=64202"}],"wp:term":[{"taxonomy":"category","embeddable":true,"href":"https:\/\/www.pulse-z.eu\/ro\/wp-json\/wp\/v2\/categories?post=64202"},{"taxonomy":"post_tag","embeddable":true,"href":"https:\/\/www.pulse-z.eu\/ro\/wp-json\/wp\/v2\/tags?post=64202"},{"taxonomy":"post_formats","embeddable":true,"href":"https:\/\/www.pulse-z.eu\/ro\/wp-json\/wp\/v2\/post_formats?post=64202"},{"taxonomy":"author","embeddable":true,"href":"https:\/\/www.pulse-z.eu\/ro\/wp-json\/wp\/v2\/coauthors?post=64202"}],"curies":[{"name":"wp","href":"https:\/\/api.w.org\/{rel}","templated":true}]}}