{"id":63021,"date":"2025-11-06T10:35:03","date_gmt":"2025-11-06T10:35:03","guid":{"rendered":"https:\/\/www.pulse-z.eu\/eu-responds-to-chinese-sanctions-with-a-new-plan-a-battle-for-rare-earth-metals\/"},"modified":"2025-11-21T08:31:12","modified_gmt":"2025-11-21T08:31:12","slug":"ue-raspunde-sanctiunilor-chineze-cu-un-nou-plan-o-lupta-pentru-metalele-rare-ale-pamantului","status":"publish","type":"post","link":"https:\/\/www.pulse-z.eu\/ro\/ue-raspunde-sanctiunilor-chineze-cu-un-nou-plan-o-lupta-pentru-metalele-rare-ale-pamantului\/","title":{"rendered":"UE r\u0103spunde sanc\u021biunilor chineze cu un nou plan: o lupt\u0103 pentru metalele rare ale P\u0103m\u00e2ntului"},"content":{"rendered":"<br \/>\n<h2><b>O lupt\u0103 pentru metalele rare ale P\u0103m\u00e2ntului<\/b><\/h2>\n<p> <span style=\"font-weight: 400;\">Europa s-a aflat \u00een noul epicentru al luptei globale pentru materii prime. Dup\u0103 luni de tensiuni comerciale \u0219i anun\u021bul Beijingului privind limite drastice la exportul de metale din p\u0103m\u00e2nturi rare, Uniunea European\u0103 accelereaz\u0103 lucr\u0103rile la<\/span> <a href=\"https:\/\/ec.europa.eu\/commission\/presscorner\/detail\/en\/speech_25_2515\" target=\"_blank\" rel=\"noopener\"><span style=\"font-weight: 400;\">RESourceEU<\/span><\/a> <span style=\"font-weight: 400;\">&#8211; o strategie conceput\u0103 pentru a asigura achizi\u021biile publice, depozitarea \u0219i prelucrarea \u00een comun a unor minerale cheie esen\u021biale pentru tranzi\u021bia energetic\u0103 \u0219i industria de ap\u0103rare.<\/span><\/p>\n<p> <span style=\"font-weight: 400;\">\u201eLumea este nemiloas\u0103 cu cei care ezit\u0103. Europa nu mai poate ac\u021biona a\u0219a cum f\u0103cea odinioar\u0103\u201d, a declarat pre\u0219edinta Comisiei Europene,<\/span> Ursula von der Leyen <span style=\"font-weight: 400;\">, anun\u021b\u00e2nd planul la<\/span> forumul <i><span style=\"font-weight: 400;\">\u201eDialog Global 2025\u201d de la Berlin<\/span><\/i> <span style=\"font-weight: 400;\">. \u201eTrebuie s\u0103 asigur\u0103m accesul la materii prime, a\u0219a cum am reu\u0219it s\u0103 asigur\u0103m energie \u00een timpul crizei care a urmat agresiunii Rusiei \u00eempotriva Ucrainei\u201d, a subliniat ea.<\/span><\/p>\n<\/p>\n<h2> <b>O nou\u0103 arm\u0103 \u00een competi\u021bia global\u0103<\/b><\/h2>\n<p> <span style=\"font-weight: 400;\">Anun\u021bul vine \u00een contextul \u00een care Beijingul &#8211; principalul produc\u0103tor \u0219i procesator de metale din p\u0103m\u00e2nturi rare &#8211; a dezv\u0103luit un nou val de restric\u021bii la export, care acoper\u0103, printre altele, magne\u021bii utiliza\u021bi \u00een vehiculele electrice, turbinele eoliene \u0219i echipamentele militare. Noile reguli impun oric\u0103rei companii care utilizeaz\u0103 chiar \u0219i urme de materii prime chineze\u0219ti s\u0103 ob\u021bin\u0103 aprobarea guvernului pentru exporturi.<\/span><\/p>\n<p> Potrivit <a href=\"https:\/\/euobserver.com\/eu-and-the-world\/are66c20e7\" target=\"_blank\" rel=\"noopener\">oficialilor<\/a> UE, ac\u021biunile Chinei echivaleaz\u0103 cu \u201eun atac geopolitic asupra punctului slab al Europei\u201d &#8211; dependen\u021ba sa de materiile prime strategice. Dup\u0103 cum <span style=\"font-weight: 400;\">a remarcat comisarul pentru comer\u021b, Maro\u0161 \u0160ef\u010dovi\u010d, unele firme europene au fost deja nevoite s\u0103 opreasc\u0103 produc\u021bia, iar alte mii au stocuri suficiente doar pentru c\u00e2teva s\u0103pt\u0103m\u00e2ni.<\/span><\/p>\n<p> <span style=\"font-weight: 400;\">UE a reac\u021bionat imediat: mai t\u00e2rziu \u00een acea<\/span> <a href=\"https:\/\/www.businesstimes.com.sg\/international\/eu-and-china-hold-talks-defuse-trade-spat-over-rare-earths\" target=\"_blank\" rel=\"noopener\"><span style=\"font-weight: 400;\">s\u0103pt\u0103m\u00e2n\u0103<\/span><\/a> <span style=\"font-weight: 400;\">, o delega\u021bie tehnic\u0103 la nivel \u00eenalt din China va sosi \u00een capitala Uniunii pentru a discuta condi\u021biile de export \u0219i a preveni \u00eentreruperile aprovizion\u0103rii. Cu toate acestea, a\u0219a cum a recunoscut un purt\u0103tor de cuv\u00e2nt al Comisiei, \u201enu exist\u0103 nicio garan\u021bie c\u0103 discu\u021biile vor aduce o solu\u021bie rapid\u0103\u201d.<\/span><\/p>\n<div id=\"attachment_61789\" style=\"width: 609px\" class=\"wp-caption alignnone\"><img aria-describedby=\"caption-attachment-61789\" loading=\"lazy\" decoding=\"async\" class=\" wp-image-61789\" src=\"https:\/\/www.pulse-z.eu\/wp-content\/uploads\/2025\/10\/7499252a-388a-4571-b463-7ab87fae7ee8-scaled.jpg\" alt=\"\" width=\"599\" height=\"399\" srcset=\"https:\/\/www.pulse-z.eu\/wp-content\/uploads\/2025\/10\/7499252a-388a-4571-b463-7ab87fae7ee8-scaled.jpg 2560w, https:\/\/www.pulse-z.eu\/wp-content\/uploads\/2025\/10\/7499252a-388a-4571-b463-7ab87fae7ee8-768x512.jpg 768w, https:\/\/www.pulse-z.eu\/wp-content\/uploads\/2025\/10\/7499252a-388a-4571-b463-7ab87fae7ee8-1536x1025.jpg 1536w, https:\/\/www.pulse-z.eu\/wp-content\/uploads\/2025\/10\/7499252a-388a-4571-b463-7ab87fae7ee8-2048x1366.jpg 2048w\" sizes=\"auto, (max-width: 599px) 100vw, 599px\" \/><\/p>\n<p id=\"caption-attachment-61789\" class=\"wp-caption-text\"> Ant\u00f3nio COSTA, Xi JINPING, Ursula VON DER LEYEN [Foto: <a href=\"https:\/\/newsroom.consilium.europa.eu\/permalink\/p209697\" target=\"_blank\" rel=\"noopener\">Consilium Europa<\/a> )<\/p>\n<\/div>\n<div id=\"attachment_61797\" style=\"width: 610px\" class=\"wp-caption alignnone\"><img aria-describedby=\"caption-attachment-61797\" loading=\"lazy\" decoding=\"async\" class=\" wp-image-61797\" src=\"https:\/\/www.pulse-z.eu\/wp-content\/uploads\/2025\/10\/4a6f600a-3204-4be6-ab88-f3cf906de986-scaled.jpg\" alt=\"\" width=\"600\" height=\"400\" srcset=\"https:\/\/www.pulse-z.eu\/wp-content\/uploads\/2025\/10\/4a6f600a-3204-4be6-ab88-f3cf906de986-scaled.jpg 2560w, https:\/\/www.pulse-z.eu\/wp-content\/uploads\/2025\/10\/4a6f600a-3204-4be6-ab88-f3cf906de986-768x512.jpg 768w, https:\/\/www.pulse-z.eu\/wp-content\/uploads\/2025\/10\/4a6f600a-3204-4be6-ab88-f3cf906de986-1536x1024.jpg 1536w, https:\/\/www.pulse-z.eu\/wp-content\/uploads\/2025\/10\/4a6f600a-3204-4be6-ab88-f3cf906de986-2048x1366.jpg 2048w\" sizes=\"auto, (max-width: 600px) 100vw, 600px\" \/><\/p>\n<p id=\"caption-attachment-61797\" class=\"wp-caption-text\"> Xi JINPING (Pre\u0219edintele Republicii Populare Chineze) [Foto: <a href=\"https:\/\/newsroom.consilium.europa.eu\/permalink\/p209699\" target=\"_blank\" rel=\"noopener\">Consilium Europa<\/a> ]<\/p>\n<\/div>\n<h2><b>\u201eLec\u021bia din Rusia\u201d: REPowerEU ca model<\/b><\/h2>\n<p> <span style=\"font-weight: 400;\">Noul plan RESourceEU este inspirat de <a href=\"https:\/\/commission.europa.eu\/topics\/energy\/repowereu_en\" target=\"_blank\" rel=\"noopener\">REPowerEU<\/a> , programul din 2022 care a ajutat statele membre s\u0103 renun\u021be la combustibilii fosili ru\u0219i. De data aceasta, miza o reprezint\u0103 metalele &#8211; fundamentul tranzi\u021biilor verzi \u0219i digitale, de la baterii \u0219i semiconductori la tehnologii militare \u0219i satelitare.<\/span><\/p>\n<p> <span style=\"font-weight: 400;\">Ca parte a ini\u021biativei, UE inten\u021bioneaz\u0103 s\u0103 \u00eenfiin\u021beze un Centru European pentru Materii Prime Critice \u2014 o agen\u021bie care s\u0103 coordoneze achizi\u021biile publice comune, depozitarea \u0219i monitorizarea pie\u021bei. UE \u00ee\u0219i propune ca p\u00e2n\u0103 \u00een 2030 s\u0103 extrag\u0103 10%, s\u0103 prelucreze 40% \u0219i s\u0103 recicleze 25% din materialele critice pe care le consum\u0103.<\/span><\/p>\n<p> <span style=\"font-weight: 400;\">\u201eTrebuie s\u0103 exploat\u0103m ceea ce este deja \u00een circula\u021bie. P\u00e2n\u0103 la 95% din mineralele valoroase pot fi recuperate din baterii\u201d, a subliniat von der Leyen,<\/span> <a href=\"https:\/\/ec.europa.eu\/commission\/presscorner\/detail\/en\/speech_25_2515\" target=\"_blank\" rel=\"noopener\"><span style=\"font-weight: 400;\">subliniind<\/span><\/a> <span style=\"font-weight: 400;\">importan\u021ba unei economii circulare.<\/span><\/p>\n<p> <span style=\"font-weight: 400;\">Aceasta face parte dintr-o strategie pe termen lung de eliberare a Europei de dependen\u021ba de un singur furnizor &#8211; \u00een acest caz, China, care controleaz\u0103 peste 70% din capacitatea global\u0103 de procesare a mineralelor critice.<\/span><\/p>\n<p> <span style=\"font-weight: 400;\">Pe l\u00e2ng\u0103 m\u0103surile interne, Comisia European\u0103 inten\u021bioneaz\u0103 s\u0103 semneze o serie de parteneriate privind materiile prime cu \u021b\u0103ri precum Ucraina, Australia, Canada, Chile, Kazahstan, Uzbekistan \u0219i Groenlanda. Cooperarea va include proiecte miniere comune, transfer de tehnologie \u0219i investi\u021bii \u00een prelucrarea metalelor \u00een afara Chinei.<\/span><\/p>\n<p> <span style=\"font-weight: 400;\">UE inten\u021bioneaz\u0103, de asemenea, s\u0103 utilizeze instrumente externe precum Global Gateway, r\u0103spunsul UE la<\/span> <i><span style=\"font-weight: 400;\">ini\u021biativa Chinei \u201eO centur\u0103 \u0219i un drum\u201d<\/span><\/i> <span style=\"font-weight: 400;\">, pentru a finan\u021ba proiecte strategice de materii prime \u00een \u021b\u0103rile partenere.<\/span><\/p>\n<p> <span style=\"font-weight: 400;\">\u201ePe termen scurt, trebuie s\u0103 gestion\u0103m criza de aprovizionare. Pe termen lung, trebuie s\u0103 construim un sistem complet nou de rezilien\u021b\u0103 a resurselor Europei\u201d,<\/span> <a href=\"https:\/\/www.politico.eu\/article\/eu-to-stockpile-critical-minerals-amid-supply-chain-threats\/\" target=\"_blank\" rel=\"noopener\"><span style=\"font-weight: 400;\">a declarat<\/span><\/a> <span style=\"font-weight: 400;\">un purt\u0103tor de cuv\u00e2nt al Comisiei \u00een cadrul unei conferin\u021be de pres\u0103 de la Bruxelles.<\/span><\/p>\n<h2><b>O nou\u0103 \u00een\u021belegere \u00een economia global\u0103<\/b><\/h2>\n<p> <span style=\"font-weight: 400;\">\u00cen spatele crizei imediate se afl\u0103 o lupt\u0103 mai ampl\u0103 &#8211; o rivalitate geopolitic\u0103 \u0219i economic\u0103 \u00een cre\u0219tere. Dup\u0103 cum<\/span> <a href=\"https:\/\/ec.europa.eu\/commission\/presscorner\/detail\/en\/speech_25_2515\" target=\"_blank\" rel=\"noopener\"><span style=\"font-weight: 400;\">a remarcat<\/span><\/a> von der Leyen <span style=\"font-weight: 400;\">la Berlin, lumea intr\u0103 \u00eentr-o \u201eer\u0103 geoeconomic\u0103\u201d, \u00een care controlul asupra materiilor prime, lan\u021burilor de aprovizionare \u0219i tehnologiilor devine un instrument de presiune \u0219i influen\u021b\u0103.<\/span><\/p>\n<p> <span style=\"font-weight: 400;\">\u201eAst\u0103zi, nu doar armatele, ci \u0219i mineralele determin\u0103 puterea na\u021biunilor. Europa trebuie s\u0103 \u00eenve\u021be s\u0103 g\u00e2ndeasc\u0103 strategic \u00een ceea ce prive\u0219te economia sa, a\u0219a cum ne g\u00e2ndim la securitate\u201d, a declarat pre\u0219edintele Comisiei.<\/span><\/p>\n<p> <span style=\"font-weight: 400;\">UE se preg\u0103te\u0219te deja s\u0103 utilizeze a\u0219a-numitul instrument anticoercitiv dac\u0103 China nu \u00ee\u0219i relaxeaz\u0103 restric\u021biile. Pre\u0219edintele francez<\/span> Emmanuel Macron <a href=\"https:\/\/www.businesstimes.com.sg\/international\/eu-and-china-hold-talks-defuse-trade-spat-over-rare-earths\" target=\"_blank\" rel=\"noopener\">a cerut<\/a> <span style=\"font-weight: 400;\">un \u201er\u0103spuns decisiv \u0219i unit\u201d pentru a ap\u0103ra industria european\u0103.<\/span><\/p>\n<\/p>\n<h2> <b>\u201eMomentul independen\u021bei Europei\u201d<\/b><\/h2>\n<p> <span style=\"font-weight: 400;\">Prin noul Program anual de lucru pentru 2026, UE a f\u0103cut oficial din securitatea resurselor una dintre priorit\u0103\u021bile sale strategice. Documentul anun\u021b\u0103 crearea unui centru comun de achizi\u021bii \u0219i depozitare, noi reglement\u0103ri privind produsele sensibile \u0219i un criteriu \u201eFabricat \u00een Europa\u201d \u00een achizi\u021biile publice.<\/span><\/p>\n<p> <span style=\"font-weight: 400;\">\u201eEuropa trebuie s\u0103 lupte pentru locul s\u0103u \u00eentr-o lume \u00een care unele puteri ne sunt ostile sau indiferente\u201d,<\/span> <a href=\"https:\/\/euobserver.com\/eu-and-the-world\/are66c20e7\" target=\"_blank\" rel=\"noopener\"><span style=\"font-weight: 400;\">a declarat<\/span><\/a> von der Leyen <span style=\"font-weight: 400;\">\u00een Parlamentul European. \u201eAcesta este momentul nostru de independen\u021b\u0103\u201d, a subliniat ea.<\/span><\/p>\n<p> <span style=\"font-weight: 400;\">Exper\u021bii avertizeaz\u0103 \u00eens\u0103 c\u0103 drumul c\u0103tre independen\u021ba fa\u021b\u0103 de resurse va fi lung \u0219i costisitor. Prelucrarea mineralelor necesit\u0103 nu doar tehnologie \u0219i investi\u021bii, ci \u0219i ani de dezvoltare a infrastructurii \u0219i autoriza\u021bii de mediu.<\/span><\/p>\n<p> <span style=\"font-weight: 400;\">\u201eEste un maraton, nu un sprint\u201d, a spus un diplomat UE. \u201eDar dup\u0103 lec\u021bia cu gazul rusesc, nimeni la Bruxelles nu se \u00eendoie\u0219te c\u0103 acest maraton trebuie s\u0103 \u00eenceap\u0103 imediat.\u201d<\/span><\/p>\n<div id=\"attachment_61805\" style=\"width: 610px\" class=\"wp-caption alignnone\"><img aria-describedby=\"caption-attachment-61805\" loading=\"lazy\" decoding=\"async\" class=\" wp-image-61805\" src=\"https:\/\/www.pulse-z.eu\/wp-content\/uploads\/2025\/10\/5f2a5423-717d-44e5-9fe7-63e39dc5d961-scaled.jpg\" alt=\"\" width=\"600\" height=\"400\" srcset=\"https:\/\/www.pulse-z.eu\/wp-content\/uploads\/2025\/10\/5f2a5423-717d-44e5-9fe7-63e39dc5d961-scaled.jpg 2560w, https:\/\/www.pulse-z.eu\/wp-content\/uploads\/2025\/10\/5f2a5423-717d-44e5-9fe7-63e39dc5d961-768x512.jpg 768w, https:\/\/www.pulse-z.eu\/wp-content\/uploads\/2025\/10\/5f2a5423-717d-44e5-9fe7-63e39dc5d961-1536x1024.jpg 1536w, https:\/\/www.pulse-z.eu\/wp-content\/uploads\/2025\/10\/5f2a5423-717d-44e5-9fe7-63e39dc5d961-2048x1366.jpg 2048w\" sizes=\"auto, (max-width: 600px) 100vw, 600px\" \/><\/p>\n<p id=\"caption-attachment-61805\" class=\"wp-caption-text\"> Wang YI (Ministrul chinez al Afacerilor Externe, China), Ant\u00f3nio COSTA (Pre\u0219edintele Consiliului European) [Foto: <a href=\"https:\/\/newsroom.consilium.europa.eu\/permalink\/p208617\" target=\"_blank\" rel=\"noopener\">Consilium Europa<\/a> ]<\/p>\n<\/div>\n<div id=\"attachment_61813\" style=\"width: 610px\" class=\"wp-caption alignnone\"><img aria-describedby=\"caption-attachment-61813\" loading=\"lazy\" decoding=\"async\" class=\" wp-image-61813\" src=\"https:\/\/www.pulse-z.eu\/wp-content\/uploads\/2025\/10\/a7304741-e602-4fea-85f1-d16a61d92786-scaled.jpg\" alt=\"\" width=\"600\" height=\"400\" srcset=\"https:\/\/www.pulse-z.eu\/wp-content\/uploads\/2025\/10\/a7304741-e602-4fea-85f1-d16a61d92786-scaled.jpg 2560w, https:\/\/www.pulse-z.eu\/wp-content\/uploads\/2025\/10\/a7304741-e602-4fea-85f1-d16a61d92786-768x512.jpg 768w, https:\/\/www.pulse-z.eu\/wp-content\/uploads\/2025\/10\/a7304741-e602-4fea-85f1-d16a61d92786-1536x1024.jpg 1536w, https:\/\/www.pulse-z.eu\/wp-content\/uploads\/2025\/10\/a7304741-e602-4fea-85f1-d16a61d92786-2048x1365.jpg 2048w\" sizes=\"auto, (max-width: 600px) 100vw, 600px\" \/><\/p>\n<p id=\"caption-attachment-61813\" class=\"wp-caption-text\"> Ursula VON DER LEYEN (Pre\u0219edintele Comisiei Europene), Ant\u00f3nio COSTA (Pre\u0219edintele Consiliului European) [Foto: <a href=\"https:\/\/newsroom.consilium.europa.eu\/permalink\/p212662\" target=\"_blank\" rel=\"noopener\">Consilium Europa<\/a> ]<\/p>\n<\/div>\n<h2><b>Un nou capitol \u00een suveranitatea european\u0103<\/b><\/h2>\n<p> <span style=\"font-weight: 400;\">Planul <a href=\"https:\/\/www.youtube.com\/watch?v=WKeaOV-nGyU\" target=\"_blank\" rel=\"noopener\">RESourceEU<\/a> nu este doar o reac\u021bie la criza actual\u0103 \u2014 este o \u00eencercare de a redefini conceptul european de suveranitate economic\u0103, de la energie la tehnologie, de la ap\u0103rare la materii prime.<\/span><\/p>\n<p> <span style=\"font-weight: 400;\">\u00centr-o lume \u00een care economia este folosit\u0103 din ce \u00een ce mai mult ca instrument de presiune politic\u0103, Europa mizeaz\u0103 pe o nou\u0103 paradigm\u0103: independen\u021ba prin cooperare.<\/span><\/p>\n<p> <span style=\"font-weight: 400;\">\u201eEuropa a \u00eenv\u0103\u021bat din criza energetic\u0103 c\u0103 dependen\u021ba poate fi transformat\u0103 \u00eentr-o arm\u0103. Nu vom face aceea\u0219i gre\u0219eal\u0103 cu materiile prime esen\u021biale. Acesta este momentul \u00een care Europa se maturizeaz\u0103 spre independen\u021ba sa\u201d,<\/span> <a href=\"https:\/\/ec.europa.eu\/commission\/presscorner\/detail\/en\/speech_25_2515\" target=\"_blank\" rel=\"noopener\"><span style=\"font-weight: 400;\">a concluzionat<\/span><\/a> von der Leyen <span style=\"font-weight: 400;\">.<\/span><\/p>\n","protected":false},"excerpt":{"rendered":"<p>O lupt\u0103 pentru metalele rare ale P\u0103m\u00e2ntului Europa s-a aflat \u00een noul epicentru al luptei globale pentru materii prime. Dup\u0103 luni de tensiuni comerciale \u0219i anun\u021bul Beijingului privind limite drastice la exportul de metale din [&hellip;]<\/p>\n","protected":false},"author":227,"featured_media":64689,"comment_status":"closed","ping_status":"closed","sticky":false,"template":"","format":"standard","meta":{"_acf_changed":false,"footnotes":""},"categories":[714,656],"tags":[9017,9106,15151,15152,15153,15154,12145,1798,15155,1175,15156,9769,9379,8235,10680,15157,15158,15159,15160,15161,15162,2100,15163,3533,15164,15165,3981],"post_formats":[664],"coauthors":[4032],"class_list":["post-63021","post","type-post","status-publish","format-standard","has-post-thumbnail","hentry","category-actualitate","category-conexiuni","tag-china-ro","tag-circular-economy-ro","tag-critical-raw-materials-ro","tag-defense-industry-ro","tag-economic-sovereignty-ro","tag-energy-independence-ro","tag-eu-china-relations-ro","tag-european-commission-ro","tag-european-resilience-ro","tag-european-union-ro","tag-geopolitical-competition-ro","tag-global-gateway-ro","tag-green-energy-ro","tag-green-transition-ro","tag-industrial-policy-ro","tag-mineral-processing-ro","tag-rare-earth-metals-ro","tag-raw-materials-strategy-ro","tag-repowereu-ro","tag-resource-security-ro","tag-resourceeu-ro","tag-strategic-autonomy-ro","tag-supply-chains-ro","tag-sustainability-ro","tag-technological-independence-ro","tag-trade-tensions-ro","tag-ursula-von-der-leyen-ro","post_formats-articole"],"acf":[],"_links":{"self":[{"href":"https:\/\/www.pulse-z.eu\/ro\/wp-json\/wp\/v2\/posts\/63021","targetHints":{"allow":["GET"]}}],"collection":[{"href":"https:\/\/www.pulse-z.eu\/ro\/wp-json\/wp\/v2\/posts"}],"about":[{"href":"https:\/\/www.pulse-z.eu\/ro\/wp-json\/wp\/v2\/types\/post"}],"author":[{"embeddable":true,"href":"https:\/\/www.pulse-z.eu\/ro\/wp-json\/wp\/v2\/users\/227"}],"replies":[{"embeddable":true,"href":"https:\/\/www.pulse-z.eu\/ro\/wp-json\/wp\/v2\/comments?post=63021"}],"version-history":[{"count":10,"href":"https:\/\/www.pulse-z.eu\/ro\/wp-json\/wp\/v2\/posts\/63021\/revisions"}],"predecessor-version":[{"id":67100,"href":"https:\/\/www.pulse-z.eu\/ro\/wp-json\/wp\/v2\/posts\/63021\/revisions\/67100"}],"wp:featuredmedia":[{"embeddable":true,"href":"https:\/\/www.pulse-z.eu\/ro\/wp-json\/wp\/v2\/media\/64689"}],"wp:attachment":[{"href":"https:\/\/www.pulse-z.eu\/ro\/wp-json\/wp\/v2\/media?parent=63021"}],"wp:term":[{"taxonomy":"category","embeddable":true,"href":"https:\/\/www.pulse-z.eu\/ro\/wp-json\/wp\/v2\/categories?post=63021"},{"taxonomy":"post_tag","embeddable":true,"href":"https:\/\/www.pulse-z.eu\/ro\/wp-json\/wp\/v2\/tags?post=63021"},{"taxonomy":"post_formats","embeddable":true,"href":"https:\/\/www.pulse-z.eu\/ro\/wp-json\/wp\/v2\/post_formats?post=63021"},{"taxonomy":"author","embeddable":true,"href":"https:\/\/www.pulse-z.eu\/ro\/wp-json\/wp\/v2\/coauthors?post=63021"}],"curies":[{"name":"wp","href":"https:\/\/api.w.org\/{rel}","templated":true}]}}