{"id":61992,"date":"2025-10-30T12:21:16","date_gmt":"2025-10-30T12:21:16","guid":{"rendered":"https:\/\/www.pulse-z.eu\/reclaiming-our-digital-rights-with-homo-digitalis\/"},"modified":"2025-10-30T12:23:23","modified_gmt":"2025-10-30T12:23:23","slug":"recuperarea-drepturilor-noastre-digitale-cu-homo-digitalis","status":"publish","type":"post","link":"https:\/\/www.pulse-z.eu\/ro\/recuperarea-drepturilor-noastre-digitale-cu-homo-digitalis\/","title":{"rendered":"Recuperarea drepturilor noastre digitale cu Homo Digitalis"},"content":{"rendered":"\n<p><iframe loading=\"lazy\" style=\"border-radius: 12px;\" src=\"https:\/\/open.spotify.com\/embed\/episode\/2V0F8jHu8CiNMN0jap9Njd?utm_source=generator\" width=\"100%\" height=\"152\" frameborder=\"0\" allowfullscreen=\"allowfullscreen\" data-testid=\"embed-iframe\"><\/iframe><\/p>\n<p> Recuperarea drepturilor noastre digitale <\/p>\n<p><span style=\"font-weight: 400;\">Ce \u00eenseamn\u0103 revendicarea drepturilor noastre digitale \u00eentr-o er\u0103 a supravegherii \u0219i a puterii algoritmice?<\/span><\/p>\n<p> <span style=\"font-weight: 400;\">\u00cen acest episod, ni se al\u0103tur\u0103<\/span> <a href=\"https:\/\/www.linkedin.com\/in\/eleftherios-chelioudakis\/\" target=\"_blank\" rel=\"noopener\"><span style=\"font-weight: 400;\">Eleftherios (Lefteris) Chelioudakis<\/span><\/a> <span style=\"font-weight: 400;\">, cofondator \u0219i director executiv al<\/span> <a href=\"https:\/\/homodigitalis.gr\/en\/\" target=\"_blank\" rel=\"noopener\"><span style=\"font-weight: 400;\">Homo Digitalis<\/span><\/a> <span style=\"font-weight: 400;\">&#8211; principala organiza\u021bie pentru drepturi digitale din Grecia &#8211; pentru a explora modul \u00een care cet\u0103\u021benii \u00ee\u0219i pot rec\u0103p\u0103ta controlul asupra vie\u021bii digitale.<\/span><\/p>\n<p> <span style=\"font-weight: 400;\">Analiz\u0103m noul peisaj de reglementare al Europei \u2014 de la Legea serviciilor digitale la Legea inteligen\u021bei artificiale \u2014 \u0219i discut\u0103m despre modul \u00een care aceste cadre urm\u0103resc s\u0103 reechilibreze puterea \u00eentre platforme \u0219i public. Conversa\u021bia aprofundeaz\u0103, de asemenea, scandalul spyware Predator \u0219i implica\u021biile sale mai ample pentru \u00eencredere, responsabilitate \u0219i democra\u021bie \u00een Grecia. De la transparen\u021ba algoritmic\u0103 la dreptul la protest, Lefteris reflect\u0103 asupra a ceea ce \u00eenseamn\u0103 ap\u0103rarea drepturilor omului \u00een era digital\u0103 \u0219i despre cum vocile civice pot modela un spa\u021biu online mai echitabil \u0219i mai liber.<\/span><\/p>\n<p> <span style=\"font-weight: 400;\">\ud83c\udf99\ufe0f Produs de Georgios Karagiorgos pentru European Youth Press \u0219i Pulse-Z<\/span><\/p>\n<\/p>\n<p> Ce este Vox Civica? <\/p>\n<p><a href=\"https:\/\/open.spotify.com\/show\/7Cjs8AE7zUhx6Pa7Gz6VIS?si=ffa0490f0a6b4e47\" target=\"_blank\" rel=\"noopener\"><span style=\"font-weight: 400;\">Vox Civica &#8211; Unde democra\u021bia are o voce<\/span><\/a> <span style=\"font-weight: 400;\">este un podcast despre cum este tr\u0103it\u0103, testat\u0103 \u0219i reinventat\u0103 democra\u021bia \u00een lumea modern\u0103. Acesta \u00eei aduce pe ascult\u0103tori \u00een conversa\u021biile \u0219i conflictele care definesc via\u021ba civic\u0103 de ast\u0103zi &#8211; de la str\u0103zile unde \u00eencep protestele p\u00e2n\u0103 la institu\u021biile unde politicile prind contur. Fiecare episod prezint\u0103 voci din jurnalism, activism, mediul academic \u0219i mi\u0219c\u0103rile pentru drepturi digitale, explor\u00e2nd modul \u00een care oamenii se confrunt\u0103 cu puterea, \u00ee\u0219i ap\u0103r\u0103 libert\u0103\u021bile \u0219i adapteaz\u0103 valorile democratice la o er\u0103 a supravegherii, dezinform\u0103rii \u0219i schimb\u0103rilor tehnologice rapide. Pe scurt, este un spa\u021biu \u00een care g\u00e2ndirea critic\u0103 \u00eent\u00e2lne\u0219te imagina\u021bia civic\u0103 &#8211; urm\u0103rind luptele, ideile \u0219i colabor\u0103rile care men\u021bin democra\u021bia \u00een via\u021b\u0103 \u00een secolul XXI.<\/span><\/p>\n<\/p>\n<p><b>Despre oaspete:<\/b><\/p>\n<p> <span style=\"font-weight: 400;\">Eleftherios Chelioudakis este avocat calificat s\u0103 practice \u00een fa\u021ba Cur\u021bii de Apel \u0219i director executiv al Homo Digitalis, un ONG \u00eenfiin\u021bat \u00een 2018 pentru a promova \u0219i ap\u0103ra drepturile omului \u00een era digital\u0103 prin con\u0219tientizare, sus\u021binere a politicilor \u0219i litigii strategice. De\u021bine o diplom\u0103 de master \u00een drept \u0219i tehnologie de la Universitatea din Tilburg (cum laude, promo\u021bie special\u0103) \u0219i un master avansat \u00een \u0219tiin\u021be umaniste digitale de la KU Leuven (cum laude).<\/span><\/p>\n<p class=\"p1\">\n<div style=\"position: relative; padding-bottom: 56.25%; height: 0; overflow: hidden; width: 100%;\"><iframe style=\"position: absolute; top: 0; left: 0; width: 100%; height: 100%;\" title=\"Recuperarea drepturilor noastre digitale cu Homo Digitalis\" src=\"https:\/\/www.youtube.com\/embed\/5SdF8WxrzIM?si=4lqUrFqsQAsYiBOP\" frameborder=\"0\" allowfullscreen=\"allowfullscreen\"><br \/><\/iframe><\/div>\n","protected":false},"excerpt":{"rendered":"<p>Recuperarea drepturilor noastre digitale Ce \u00eenseamn\u0103 revendicarea drepturilor noastre digitale \u00eentr-o er\u0103 a supravegherii \u0219i a puterii algoritmice? \u00cen acest episod, ni se al\u0103tur\u0103 Eleftherios (Lefteris) Chelioudakis , cofondator \u0219i director executiv al Homo Digitalis [&hellip;]<\/p>\n","protected":false},"author":355,"featured_media":60857,"comment_status":"closed","ping_status":"closed","sticky":false,"template":"","format":"standard","meta":{"_acf_changed":false,"footnotes":""},"categories":[570],"tags":[14439,2085,14440,13982,14441,1820,10845,3729,14442,14443,2501,2502,1175,2888,14444,2606,1762,14445,14446,14447,13230,2900,2514,12769],"post_formats":[766],"coauthors":[4037],"class_list":["post-61992","post","type-post","status-publish","format-standard","has-post-thumbnail","hentry","category-general-ro","tag-accountability-ro","tag-ai-act-ro","tag-algorithmic-transparency-ro","tag-civic-space-ro","tag-civil-society-ro","tag-cybersecurity-ro","tag-data-privacy-ro","tag-democracy-ro","tag-digital-citizenship-ro","tag-digital-governance-ro","tag-digital-rights-ro","tag-digital-services-act-ro","tag-european-union-ro","tag-greece-ro","tag-homo-digitalis-ro","tag-human-rights-ro","tag-misinformation-ro","tag-online-freedom-ro","tag-platform-power-ro","tag-privacy-rights-ro","tag-public-interest-ro","tag-surveillance-ro","tag-tech-regulation-ro","tag-vox-civica-ro","post_formats-podcast-ro"],"acf":[],"_links":{"self":[{"href":"https:\/\/www.pulse-z.eu\/ro\/wp-json\/wp\/v2\/posts\/61992","targetHints":{"allow":["GET"]}}],"collection":[{"href":"https:\/\/www.pulse-z.eu\/ro\/wp-json\/wp\/v2\/posts"}],"about":[{"href":"https:\/\/www.pulse-z.eu\/ro\/wp-json\/wp\/v2\/types\/post"}],"author":[{"embeddable":true,"href":"https:\/\/www.pulse-z.eu\/ro\/wp-json\/wp\/v2\/users\/355"}],"replies":[{"embeddable":true,"href":"https:\/\/www.pulse-z.eu\/ro\/wp-json\/wp\/v2\/comments?post=61992"}],"version-history":[{"count":3,"href":"https:\/\/www.pulse-z.eu\/ro\/wp-json\/wp\/v2\/posts\/61992\/revisions"}],"predecessor-version":[{"id":62003,"href":"https:\/\/www.pulse-z.eu\/ro\/wp-json\/wp\/v2\/posts\/61992\/revisions\/62003"}],"wp:featuredmedia":[{"embeddable":true,"href":"https:\/\/www.pulse-z.eu\/ro\/wp-json\/wp\/v2\/media\/60857"}],"wp:attachment":[{"href":"https:\/\/www.pulse-z.eu\/ro\/wp-json\/wp\/v2\/media?parent=61992"}],"wp:term":[{"taxonomy":"category","embeddable":true,"href":"https:\/\/www.pulse-z.eu\/ro\/wp-json\/wp\/v2\/categories?post=61992"},{"taxonomy":"post_tag","embeddable":true,"href":"https:\/\/www.pulse-z.eu\/ro\/wp-json\/wp\/v2\/tags?post=61992"},{"taxonomy":"post_formats","embeddable":true,"href":"https:\/\/www.pulse-z.eu\/ro\/wp-json\/wp\/v2\/post_formats?post=61992"},{"taxonomy":"author","embeddable":true,"href":"https:\/\/www.pulse-z.eu\/ro\/wp-json\/wp\/v2\/coauthors?post=61992"}],"curies":[{"name":"wp","href":"https:\/\/api.w.org\/{rel}","templated":true}]}}