{"id":57184,"date":"2025-10-12T09:55:03","date_gmt":"2025-10-12T09:55:03","guid":{"rendered":"https:\/\/www.pulse-z.eu\/cosa-pensano-gli-italiani-delleuropa-lultimo-sondaggio-svela-le-opinioni-sullue-2\/"},"modified":"2025-10-12T09:55:39","modified_gmt":"2025-10-12T09:55:39","slug":"ce-cred-italienii-despre-europa-cel-mai-recent-sondaj-dezvaluie-opiniile-despre-ue-2","status":"publish","type":"post","link":"https:\/\/www.pulse-z.eu\/ro\/ce-cred-italienii-despre-europa-cel-mai-recent-sondaj-dezvaluie-opiniile-despre-ue-2\/","title":{"rendered":"Ce cred italienii despre Europa: Cel mai recent sondaj dezv\u0103luie opiniile despre UE"},"content":{"rendered":"\n<p>Articol de Francesca Moriero \u2013 Jurnalist, Fanpage.it<\/p>\n<p> C\u00e2nd vine vorba de Europa, opiniile sunt adesea \u00eemp\u0103r\u021bite \u00eentre entuziasm \u0219i scepticism. Dar ce cred cu adev\u0103rat cet\u0103\u021benii? Pentru a \u00een\u021belege acest lucru, Parlamentul European comand\u0103 \u00een fiecare an o serie de sondaje, Eurobarometru, care <a href=\"https:\/\/www.europarl.europa.eu\/at-your-service\/files\/be-heard\/eurobarometer\/2025\/en-plenary-insights-april-2025.pdf.\" target=\"_blank\" rel=\"noopener\">adun\u0103 opiniile cet\u0103\u021benilor celor 27 de state membre cu privire la aspecte legate de Uniunea \u0219i rolul acesteia \u00een lume<\/a> . Edi\u021bia de iarn\u0103 din 2025 surprinde un moment delicat: \u00eentre instabilitatea interna\u021bional\u0103, schimb\u0103rile climatice, provoc\u0103rile tehnologice \u0219i crizele economice, Uniunea European\u0103 este chemat\u0103 s\u0103 \u00ee\u0219i consolideze vocea \u0219i capacitatea de ac\u021biune. Dar ce a\u0219teapt\u0103 oamenii? Unde v\u0103d ei punctele forte ale UE? Unde \u00eei v\u0103d deficien\u021bele?<\/p>\n<p> Analiz\u00e2nd rezultatele Italiei, se observ\u0103 un sentiment larg r\u0103sp\u00e2ndit: un amestec de realism, a\u0219tept\u0103ri, dar \u0219i distan\u021b\u0103. Compararea lor cu media european\u0103 este util\u0103 pentru a \u00een\u021belege nu doar propriile noastre opinii, ci \u0219i modul \u00een care ne \u00eencadr\u0103m \u00een contextul mai larg al popoarelor europene.<\/p>\n<h2> Rolul UE \u00een lume: importan\u021b\u0103 cresc\u00e2nd\u0103, dar Italia r\u0103m\u00e2ne precaut\u0103<\/h2>\n<p> C\u00e2nd sunt \u00eentreba\u021bi cum se va schimba rolul Uniunii Europene \u00een lume \u00een urm\u0103torii ani, 44% dintre europeni r\u0103spund c\u0103 va fi \u201emai important\u201d. Aceast\u0103 opinie este \u00eemp\u0103rt\u0103\u0219it\u0103 \u0219i \u00een Italia (43%), dar este \u00eenso\u021bit\u0103 de o mai mare pruden\u021b\u0103 \u0219i incertitudine: un procent semnificativ de italieni (5%) spun c\u0103 nu au nicio opinie, comparativ cu media european\u0103 de 3%. Aceast\u0103 mic\u0103 diferen\u021b\u0103 poate p\u0103rea marginal\u0103, dar vorbe\u0219te despre ceva mai profund: o distan\u021b\u0103 emo\u021bional\u0103 sau poate o lips\u0103 de referin\u021be concrete. \u00cen Italia, se percepe o anumit\u0103 deconectare \u00eentre institu\u021bia \u201eEuropa\u201d \u0219i via\u021ba de zi cu zi; este ca \u0219i cum mul\u021bi cet\u0103\u021beni se chinuie s\u0103 recunoasc\u0103 rolul UE \u00een scenariile interna\u021bionale majore sau cel pu\u021bin nu se simt pe deplin conecta\u021bi la aceasta.<\/p>\n<h2>Ap\u0103rare \u0219i Securitate: \u00cencredere \u00een UE, dar cu unele rezerve<\/h2>\n<p> \u00centr-un peisaj global din ce \u00een ce mai instabil, problema securit\u0103\u021bii a revenit cu for\u021b\u0103 \u00een prim-planul dezbaterii. \u0218i aici, Uniunea European\u0103 este v\u0103zut\u0103 ca un actor important. 66% dintre europeni consider\u0103 c\u0103 UE are un rol fundamental \u00een protejarea \u00eempotriva crizelor interna\u021bionale \u0219i a amenin\u021b\u0103rilor la adresa securit\u0103\u021bii. \u00cen Italia, aceast\u0103 opinie este \u00eemp\u0103rt\u0103\u0219it\u0103 \u0219i de 63% dintre cet\u0103\u021beni. Dar, \u00eenc\u0103 o dat\u0103, sprijinul italian pare mai re\u021binut, mai rece. Nu exist\u0103 o respingere clar\u0103, dar nici m\u0103car o sus\u021binere convins\u0103. Este ca \u0219i cum Uniunea este v\u0103zut\u0103 mai mult ca o necesitate practic\u0103 dec\u00e2t ca un proiect politic sincer. O umbrel\u0103 util\u0103, a\u0219adar, dar nu \u00eentotdeauna fiabil\u0103.<\/p>\n<h2> Pe ce ar trebui s\u0103 se concentreze UE? Priorit\u0103\u021bile italienilor \u0219i europenilor<\/h2>\n<p> Responden\u021bii au fost apoi \u00eentreba\u021bi ce ar trebui s\u0103 fac\u0103 UE pentru a-\u0219i spori impactul global. R\u0103spunsurile arat\u0103 o anumit\u0103 consecven\u021b\u0103 \u00eentre \u021b\u0103ri: competitivitatea economic\u0103 \u0219i industrial\u0103 este men\u021bionat\u0103 ca o prioritate absolut\u0103 (32% \u00een Italia, 34% \u00een Europa). \u00centr-un context \u00een care marile puteri &#8211; China, Statele Unite \u0219i India &#8211; se lupt\u0103 pentru pozi\u021bia de lider economic, consolidarea industriei europene pare aproape inevitabil\u0103. Dar, odat\u0103 cu cre\u0219terea economic\u0103, apar \u0219i noi nevoi urgente: \u00een Italia, de exemplu, 36% dintre cet\u0103\u021beni consider\u0103 c\u0103 este esen\u021bial s\u0103 se investeasc\u0103 \u00een ap\u0103rare \u0219i securitate comun\u0103, un procent mai mare dec\u00e2t media european\u0103 (31%). Independen\u021ba energetic\u0103 este, de asemenea, considerat\u0103 strategic\u0103: 33% dintre italieni o consider\u0103 o prioritate, comparativ cu 27% dintre europeni. Acest lucru nu este o coinciden\u021b\u0103: r\u0103zboiul din Ucraina \u0219i cre\u0219terea facturilor la energie au eviden\u021biat modul \u00een care energia nu este doar o problem\u0103 economic\u0103, ci una geopolitic\u0103.<\/p>\n<p> Aten\u021bia Italiei fa\u021b\u0103 de siguran\u021ba alimentar\u0103 (25%) este, de asemenea, mai mare dec\u00e2t media european\u0103 (23%). Acest lucru reflect\u0103 probabil centralitatea lan\u021bului de aprovizionare agroalimentar\u0103 \u00een \u021bara noastr\u0103, dar \u0219i o preocupare mai mare pentru stabilitatea \u0219i calitatea aprovizion\u0103rii noastre cu alimente.<\/p>\n<h2>O Europ\u0103 mai unit\u0103? Italienii spun da.<\/h2>\n<p> Ideea c\u0103 Uniunea European\u0103 trebuie s\u0103 fie mai coeziv\u0103 este larg sus\u021binut\u0103: 89% dintre europeni \u0219i 88% dintre italieni consider\u0103 c\u0103 statele membre ar trebui s\u0103 colaboreze mai str\u00e2ns pentru a aborda provoc\u0103rile globale. Aceasta este una dintre cele mai clare \u0219i mai consistente constat\u0103ri ale sondajului: unitatea, prin urmare, nu este doar dorit\u0103, ci este considerat\u0103 necesar\u0103.<\/p>\n<p> \u00cens\u0103 Italia se remarc\u0103 \u0219i printr-o alt\u0103 convingere: pentru a func\u021biona cu adev\u0103rat, Uniunea are nevoie de mai multe instrumente \u0219i resurse. 82% dintre italieni cred acest lucru, comparativ cu media UE de 76%. Aceast\u0103 cifr\u0103 reflect\u0103 probabil o anumit\u0103 frustrare: ideea c\u0103 Europa \u201ear putea face mai mult\u201d, dar nu i se acord\u0103 puterea necesar\u0103.<\/p>\n<h2> Preocup\u0103rile reale ale cet\u0103\u021benilor: infla\u021bia, munca, s\u0103r\u0103cia<\/h2>\n<p> C\u00e2nd trecem de la strategii globale la nevoile cotidiene, r\u0103spunsurile devin \u0219i mai revelatoare. Italienii indic\u0103 cu t\u0103rie trei priorit\u0103\u021bi:<\/p>\n<ul>\n<li> Costul vie\u021bii, determinat de infla\u021bie, este principala preocupare (43%).<\/li>\n<li> Urmeaz\u0103 munca, care \u00een Italia este o problem\u0103 mult mai \u00eengrijor\u0103toare dec\u00e2t media european\u0103 (37% fa\u021b\u0103 de 29%).<\/li>\n<li> \u00cen al treilea r\u00e2nd, dar nu \u00een ultimul r\u00e2nd, este lupta \u00eempotriva s\u0103r\u0103ciei \u0219i excluziunii sociale (31%).<\/li>\n<\/ul>\n<p> Aici, vedem clar cum priorit\u0103\u021bile sunt tangibile, cotidiene \u0219i legate de calitatea vie\u021bii reale. De asemenea, observ\u0103m un interes sporit pentru probleme precum ajutorul pentru dezvoltare \u0219i egalitatea de gen, care \u00een Italia primesc pu\u021bin mai mult\u0103 aten\u021bie dec\u00e2t media european\u0103. <a href=\"https:\/\/www.fanpage.it\/politica\/la-prima-preoccupazione-degli-italiani-non-sono-piu-i-migranti-ma-il-costo-della-vita-il-sondaggio\/\" target=\"_blank\" rel=\"noopener\">Migra\u021bia, \u00eens\u0103, contravine<\/a> tendin\u021bei: pentru 22% dintre europeni, este o prioritate, \u00een timp ce \u00een Italia este doar pentru 13%. Aceste date ar trebui interpretate cu aten\u021bie: mai degrab\u0103 dec\u00e2t dezinteres, ar putea indica o aplanare a dezbaterii dup\u0103 ani de urgen\u021be percepute.<\/p>\n<h2>Viitorul personal? Italienii au pu\u021bin\u0103 \u00eencredere \u00een el.<\/h2>\n<p> \u00cen final, poate cea mai amar\u0103 statistic\u0103: doar 11% dintre italieni cred c\u0103 nivelul lor de trai se va \u00eembun\u0103t\u0103\u021bi \u00een urm\u0103torii cinci ani. Acesta este unul dintre cele mai mici procente din Europa: majoritatea (76%) cred c\u0103 nimic nu se va schimba, \u00een timp ce al\u021bi 11% se a\u0219teapt\u0103 ca acesta s\u0103 se \u00eenr\u0103ut\u0103\u021beasc\u0103. Nu este neap\u0103rat pesimism, ci mai degrab\u0103 o perspectiv\u0103 obosit\u0103 \u0219i poate dezam\u0103git\u0103. Ca \u0219i cum schimbarea pozitiv\u0103 ar fi v\u0103zut\u0103 ca ceva rar, aproape improbabil.<\/p>\n","protected":false},"excerpt":{"rendered":"<p>Articol de Francesca Moriero \u2013 Jurnalist, Fanpage.it C\u00e2nd vine vorba de Europa, opiniile sunt adesea \u00eemp\u0103r\u021bite \u00eentre entuziasm \u0219i scepticism. Dar ce cred cu adev\u0103rat cet\u0103\u021benii? Pentru a \u00een\u021belege acest lucru, Parlamentul European comand\u0103 \u00een [&hellip;]<\/p>\n","protected":false},"author":173,"featured_media":54911,"comment_status":"closed","ping_status":"closed","sticky":false,"template":"","format":"standard","meta":{"_acf_changed":false,"footnotes":""},"categories":[21,1],"tags":[6902,13014,6903,13015,6904,6851],"post_formats":[664],"coauthors":[3918],"class_list":["post-57184","post","type-post","status-publish","format-standard","has-post-thumbnail","hentry","category-current-affairs","category-general","tag-eurobarometro-ro","tag-futuro-ro","tag-italia-ro","tag-ottimismo-ro","tag-ue-ro","tag-unione-europea-ro","post_formats-articole"],"acf":[],"_links":{"self":[{"href":"https:\/\/www.pulse-z.eu\/ro\/wp-json\/wp\/v2\/posts\/57184","targetHints":{"allow":["GET"]}}],"collection":[{"href":"https:\/\/www.pulse-z.eu\/ro\/wp-json\/wp\/v2\/posts"}],"about":[{"href":"https:\/\/www.pulse-z.eu\/ro\/wp-json\/wp\/v2\/types\/post"}],"author":[{"embeddable":true,"href":"https:\/\/www.pulse-z.eu\/ro\/wp-json\/wp\/v2\/users\/173"}],"replies":[{"embeddable":true,"href":"https:\/\/www.pulse-z.eu\/ro\/wp-json\/wp\/v2\/comments?post=57184"}],"version-history":[{"count":8,"href":"https:\/\/www.pulse-z.eu\/ro\/wp-json\/wp\/v2\/posts\/57184\/revisions"}],"predecessor-version":[{"id":57691,"href":"https:\/\/www.pulse-z.eu\/ro\/wp-json\/wp\/v2\/posts\/57184\/revisions\/57691"}],"wp:featuredmedia":[{"embeddable":true,"href":"https:\/\/www.pulse-z.eu\/ro\/wp-json\/wp\/v2\/media\/54911"}],"wp:attachment":[{"href":"https:\/\/www.pulse-z.eu\/ro\/wp-json\/wp\/v2\/media?parent=57184"}],"wp:term":[{"taxonomy":"category","embeddable":true,"href":"https:\/\/www.pulse-z.eu\/ro\/wp-json\/wp\/v2\/categories?post=57184"},{"taxonomy":"post_tag","embeddable":true,"href":"https:\/\/www.pulse-z.eu\/ro\/wp-json\/wp\/v2\/tags?post=57184"},{"taxonomy":"post_formats","embeddable":true,"href":"https:\/\/www.pulse-z.eu\/ro\/wp-json\/wp\/v2\/post_formats?post=57184"},{"taxonomy":"author","embeddable":true,"href":"https:\/\/www.pulse-z.eu\/ro\/wp-json\/wp\/v2\/coauthors?post=57184"}],"curies":[{"name":"wp","href":"https:\/\/api.w.org\/{rel}","templated":true}]}}