{"id":55593,"date":"2025-10-06T13:23:41","date_gmt":"2025-10-06T13:23:41","guid":{"rendered":"https:\/\/www.pulse-z.eu\/from-buzzword-to-blueprint-youth-power-at-the-osce-with-assel-murat\/"},"modified":"2025-10-06T13:28:23","modified_gmt":"2025-10-06T13:28:23","slug":"de-la-cuvant-la-moda-la-model-puterea-tinerilor-la-osce-cu-assel-murat","status":"publish","type":"post","link":"https:\/\/www.pulse-z.eu\/ro\/de-la-cuvant-la-moda-la-model-puterea-tinerilor-la-osce-cu-assel-murat\/","title":{"rendered":"De la cuv\u00e2nt la mod\u0103 la model: Puterea tinerilor la OSCE cu Assel Murat"},"content":{"rendered":"\n<p><iframe title=\"Spotify Embed: De la cuv\u00e2nt la mod\u0103 la plan: Puterea tinerilor la OSCE cu Assel Murat\" style=\"border-radius: 12px\" width=\"100%\" height=\"152\" frameborder=\"0\" allowfullscreen allow=\"autoplay; clipboard-write; encrypted-media; fullscreen; picture-in-picture\" loading=\"lazy\" src=\"https:\/\/open.spotify.com\/embed\/episode\/3w0jf59Vsp6XcViL9laMCx?si=vZWE0Sw_TtibJN4_4tRqGw&#038;utm_source=oembed\"><\/iframe><\/p>\n<\/p>\n<p><span style=\"font-weight: 400;\">Cum arat\u0103 implicarea real\u0103 a tinerilor \u00een diploma\u021bia interna\u021bional\u0103? \u00cen acest episod din Vox Civica, ni se al\u0103tur\u0103 Assel Murat, coordonator al portofoliului de <a href=\"https:\/\/www.osce.org\/youth\" target=\"_blank\" rel=\"noopener\">tineret<\/a> la OSCE, pentru a explora modul \u00een care cea mai mare organiza\u021bie regional\u0103 de securitate din lume trece dincolo de gesturile simbolice &#8211; \u0219i se \u00eendreapt\u0103 spre o participare structural\u0103.<\/span><\/p>\n<p> <span style=\"font-weight: 400;\">Analiz\u0103m modul \u00een care OSCE integreaz\u0103 tinerii \u00een opera\u021biunile sale, impactul Grupului de Tineri Exper\u021bi \u0219i rolul Grupului de Prieteni pentru Tineret \u0219i Securitate \u00een generarea voin\u021bei politice. Assel ne prezint\u0103 cadrele institu\u021bionale, provoc\u0103rile trecerii de la simboluri la co-creare \u0219i cum arat\u0103 succesul pe teren.<\/span><\/p>\n<p> <span style=\"font-weight: 400;\">De la dezbaterile politice la programele de consolidare a p\u0103cii, tinerii nu reprezint\u0103 doar viitorul &#8211; ei modeleaz\u0103 prezentul.<\/span><\/p>\n<p> <span style=\"font-weight: 400;\">Afl\u0103 mai multe d\u00e2nd clic pe aceast\u0103 conversa\u021bie!<\/span><\/p>\n<p> <span style=\"font-weight: 400;\">\ud83c\udf99\ufe0f Gazd\u0103: <a href=\"https:\/\/www.linkedin.com\/in\/georgios-karagiorgos-400a74251\/\" target=\"_blank\" rel=\"noopener\">Georgios Karagiorgos<\/a><\/span><\/p>\n<p><span style=\"font-weight: 400;\"><strong>Despre oaspete<br \/><\/strong><br \/> <a href=\"https:\/\/www.linkedin.com\/in\/assel-murat1\/\" target=\"_blank\" rel=\"noopener\">Assel Murat<\/a> coordoneaz\u0103 portofoliul pentru tineret la Secretariatul OSCE din Viena. Are peste \u0219ase ani de experien\u021b\u0103 progresiv\u0103 \u00een managementul de proiecte, axate pe drepturile omului, egalitatea de gen, tineretul, libertatea presei \u0219i statul de drept. De asemenea, a lucrat ca manager de proiect \u0219i cercet\u0103tor \u00een domeniul drepturilor omului la organiza\u021bii interna\u021bionale \u0219i ale societ\u0103\u021bii civile \u0219i la grupuri de exper\u021bi din Asia Central\u0103.<\/span><\/p>\n","protected":false},"excerpt":{"rendered":"<p>Cum arat\u0103 implicarea real\u0103 a tinerilor \u00een diploma\u021bia interna\u021bional\u0103? \u00cen acest episod din Vox Civica, ni se al\u0103tur\u0103 Assel Murat, coordonator al portofoliului de tineret la OSCE, pentru a explora modul \u00een care cea mai [&hellip;]<\/p>\n","protected":false},"author":355,"featured_media":54378,"comment_status":"closed","ping_status":"closed","sticky":false,"template":"","format":"standard","meta":{"_acf_changed":false,"footnotes":""},"categories":[714,656,570,719],"tags":[2087,3729,12761,12762,12763,1496,12764,4172,12765,12766,12767,12768,12769,12770,3066,12771,5006,12772,12773,11116],"post_formats":[766],"coauthors":[4037],"class_list":["post-55593","post","type-post","status-publish","format-standard","has-post-thumbnail","hentry","category-actualitate","category-conexiuni","category-general-ro","category-tineret","tag-civic-engagement-ro","tag-democracy-ro","tag-global-governance-ro","tag-international-diplomacy-ro","tag-international-organizations-ro","tag-osce-ro","tag-peacebuilding-ro","tag-podcast-ro","tag-policy-making-ro","tag-public-diplomacy-ro","tag-structural-participation-ro","tag-tokenism-vs-co-creation-ro","tag-vox-civica-ro","tag-young-experts-ro","tag-youth-activism-ro","tag-youth-and-security-ro","tag-youth-engagement-ro","tag-youth-in-diplomacy-ro","tag-youth-leadership-ro","tag-youth-participation-ro","post_formats-podcast-ro"],"acf":[],"_links":{"self":[{"href":"https:\/\/www.pulse-z.eu\/ro\/wp-json\/wp\/v2\/posts\/55593","targetHints":{"allow":["GET"]}}],"collection":[{"href":"https:\/\/www.pulse-z.eu\/ro\/wp-json\/wp\/v2\/posts"}],"about":[{"href":"https:\/\/www.pulse-z.eu\/ro\/wp-json\/wp\/v2\/types\/post"}],"author":[{"embeddable":true,"href":"https:\/\/www.pulse-z.eu\/ro\/wp-json\/wp\/v2\/users\/355"}],"replies":[{"embeddable":true,"href":"https:\/\/www.pulse-z.eu\/ro\/wp-json\/wp\/v2\/comments?post=55593"}],"version-history":[{"count":13,"href":"https:\/\/www.pulse-z.eu\/ro\/wp-json\/wp\/v2\/posts\/55593\/revisions"}],"predecessor-version":[{"id":55646,"href":"https:\/\/www.pulse-z.eu\/ro\/wp-json\/wp\/v2\/posts\/55593\/revisions\/55646"}],"wp:featuredmedia":[{"embeddable":true,"href":"https:\/\/www.pulse-z.eu\/ro\/wp-json\/wp\/v2\/media\/54378"}],"wp:attachment":[{"href":"https:\/\/www.pulse-z.eu\/ro\/wp-json\/wp\/v2\/media?parent=55593"}],"wp:term":[{"taxonomy":"category","embeddable":true,"href":"https:\/\/www.pulse-z.eu\/ro\/wp-json\/wp\/v2\/categories?post=55593"},{"taxonomy":"post_tag","embeddable":true,"href":"https:\/\/www.pulse-z.eu\/ro\/wp-json\/wp\/v2\/tags?post=55593"},{"taxonomy":"post_formats","embeddable":true,"href":"https:\/\/www.pulse-z.eu\/ro\/wp-json\/wp\/v2\/post_formats?post=55593"},{"taxonomy":"author","embeddable":true,"href":"https:\/\/www.pulse-z.eu\/ro\/wp-json\/wp\/v2\/coauthors?post=55593"}],"curies":[{"name":"wp","href":"https:\/\/api.w.org\/{rel}","templated":true}]}}