{"id":39994,"date":"2025-08-15T08:40:09","date_gmt":"2025-08-15T08:40:09","guid":{"rendered":"https:\/\/www.pulse-z.eu\/airplane-luggage-erasmus-e-scooters-and-gdpr-when-the-eu-enters-your-feed\/"},"modified":"2025-08-15T08:43:52","modified_gmt":"2025-08-15T08:43:52","slug":"bagajele-de-avion-erasmus-trotinetele-electrice-si-gdpr-cand-ue-intra-in-fluxul-dvs-de-informatii","status":"publish","type":"post","link":"https:\/\/www.pulse-z.eu\/ro\/bagajele-de-avion-erasmus-trotinetele-electrice-si-gdpr-cand-ue-intra-in-fluxul-dvs-de-informatii\/","title":{"rendered":"Bagajele de avion, Erasmus, trotinetele electrice \u0219i GDPR: c\u00e2nd UE intr\u0103 \u00een fluxul dvs. de informa\u021bii"},"content":{"rendered":"\n<p>\u00cen cel mai recent episod al podcastului PulseZ, i-am \u00eentrebat mai \u00eent\u00e2i pe tineri dac\u0103 \u0219i cum percep impactul deciziilor Uniunii Europene asupra vie\u021bii lor. \u00cen a doua parte, europarlamentarul Lucia Yar v\u0103 va ar\u0103ta c\u0103 participarea la UE \u2013 fie la nivel regional, na\u021bional sau suprana\u021bional \u2013 nu este doar pentru birocra\u021bii plictisitori. Este pentru oricine are ceva de spus \u0219i vrea s\u0103 fie auzit.<\/p>\n<p> PulseZ ofer\u0103 con\u021binut care le ofer\u0103 tinerilor \u0219ansa de a privi subiectele prin propria lor perspectiv\u0103 \u2013 probleme care conteaz\u0103 pentru ei. \u0218i dac\u0103 ave\u021bi o poveste similar\u0103 \u00een care a\u021bi realizat cum v-a afectat legisla\u021bia UE via\u021ba, nu ezita\u021bi s\u0103 ne contacta\u021bi. Sau dac\u0103 exist\u0103 ceva anume despre UE care v\u0103 intereseaz\u0103, spune\u021bi-ne \u2013 poate vom explora \u00eentrebarea dumneavoastr\u0103 \u00eentr-un episod viitor.<\/p>\n","protected":false},"excerpt":{"rendered":"<p>\u00cen cel mai recent episod al podcastului PulseZ, i-am \u00eentrebat mai \u00eent\u00e2i pe tineri dac\u0103 \u0219i cum percep impactul deciziilor Uniunii Europene asupra vie\u021bii lor. \u00cen a doua parte, europarlamentarul Lucia Yar v\u0103 va ar\u0103ta [&hellip;]<\/p>\n","protected":false},"author":459,"featured_media":0,"comment_status":"closed","ping_status":"closed","sticky":false,"template":"","format":"standard","meta":{"_acf_changed":false,"footnotes":""},"categories":[719],"tags":[7184,2360,889,1175,7185,7186,7187,7188,1765],"post_formats":[766],"coauthors":[7155],"class_list":["post-39994","post","type-post","status-publish","format-standard","hentry","category-tineret","tag-decisions-ro","tag-erasmus-ro","tag-eu-ro","tag-european-union-ro","tag-feed-ro","tag-lucia-yar-ro","tag-mep-ro","tag-travelling-ro","tag-youth-ro","post_formats-podcast-ro"],"acf":[],"_links":{"self":[{"href":"https:\/\/www.pulse-z.eu\/ro\/wp-json\/wp\/v2\/posts\/39994","targetHints":{"allow":["GET"]}}],"collection":[{"href":"https:\/\/www.pulse-z.eu\/ro\/wp-json\/wp\/v2\/posts"}],"about":[{"href":"https:\/\/www.pulse-z.eu\/ro\/wp-json\/wp\/v2\/types\/post"}],"author":[{"embeddable":true,"href":"https:\/\/www.pulse-z.eu\/ro\/wp-json\/wp\/v2\/users\/459"}],"replies":[{"embeddable":true,"href":"https:\/\/www.pulse-z.eu\/ro\/wp-json\/wp\/v2\/comments?post=39994"}],"version-history":[{"count":8,"href":"https:\/\/www.pulse-z.eu\/ro\/wp-json\/wp\/v2\/posts\/39994\/revisions"}],"predecessor-version":[{"id":40029,"href":"https:\/\/www.pulse-z.eu\/ro\/wp-json\/wp\/v2\/posts\/39994\/revisions\/40029"}],"wp:attachment":[{"href":"https:\/\/www.pulse-z.eu\/ro\/wp-json\/wp\/v2\/media?parent=39994"}],"wp:term":[{"taxonomy":"category","embeddable":true,"href":"https:\/\/www.pulse-z.eu\/ro\/wp-json\/wp\/v2\/categories?post=39994"},{"taxonomy":"post_tag","embeddable":true,"href":"https:\/\/www.pulse-z.eu\/ro\/wp-json\/wp\/v2\/tags?post=39994"},{"taxonomy":"post_formats","embeddable":true,"href":"https:\/\/www.pulse-z.eu\/ro\/wp-json\/wp\/v2\/post_formats?post=39994"},{"taxonomy":"author","embeddable":true,"href":"https:\/\/www.pulse-z.eu\/ro\/wp-json\/wp\/v2\/coauthors?post=39994"}],"curies":[{"name":"wp","href":"https:\/\/api.w.org\/{rel}","templated":true}]}}