{"id":38378,"date":"2025-08-30T09:12:55","date_gmt":"2025-08-30T09:12:55","guid":{"rendered":"https:\/\/www.pulse-z.eu\/?p=38378"},"modified":"2025-12-23T15:31:13","modified_gmt":"2025-12-23T15:31:13","slug":"experimentul-revista-2000-cum-vad-tinerii-presa-scolara-si-ce-cred-despre-viitorii-jurnalisti","status":"publish","type":"post","link":"https:\/\/www.pulse-z.eu\/ro\/experimentul-revista-2000-cum-vad-tinerii-presa-scolara-si-ce-cred-despre-viitorii-jurnalisti\/","title":{"rendered":"Experimentul Revista 2000+: Cum v\u0103d tinerii presa \u0219colar\u0103 \u0219i ce cred despre viitorii jurnali\u0219ti"},"content":{"rendered":"\n<p class=\"fara-orfani\">Aceasta este opinia elevei Gergely Sarah-Maria de la Colegiul Na\u021bional \u201eSamuel von Brukenthal\u201d din Sibiu, la finalul particip\u0103rii sale la \u0219coala de var\u0103 \u201eRevista 2000+\u201d, care a avut loc \u00een dou\u0103 sate din Transilvania, la Cri\u021b \u0219i la<span class=\"antiorfan\">\u00a0<\/span>Viscri.<\/p>\n<h3 class=\"fara-orfani\">Ce este Revista<span class=\"antiorfan\">\u00a0<\/span>2000+?<\/h3>\n<p class=\"fara-orfani\">Este o poveste fantastic\u0103 pe care jurnalistul de la DW, Robert Schwartz o spune astfel: \u201e\u00cen vara lui 2024, \u00een lada mea de &#8220;comori\u201d din casa p\u0103rinteasc\u0103 din Sibiu, am g\u0103sit arhiva salvat\u0103 \u00een 1990 a revistei \u201e2000\u201d a Liceului German din Bucure\u0219ti, unde am fost, pe r\u00e2nd, \u00eenv\u0103\u021b\u0103tor suplinitor, prof de german\u0103 \u0219i, dup\u0103 \u201889, director (pentru un an). Dosarele cu texte le-am p\u0103strat \u00eentr-o pung\u0103 de plastic hazoas\u0103, primit\u0103 \u201ede la ajutoare\u201d. Acum, \u00een 2025, am reu\u0219it s\u0103 adun\u0103m o parte din redac\u021biile anilor 70\/80. Pornim la drum cu un proiect de \u201erena\u0219tere\u201d a revistei, proiect finan\u021bat de Administra\u021bia Fondului Cultural Na\u021bional (AFCN). Primul num\u0103r a ap\u0103rut \u00een 1968, ultimul \u00een 1980. Cenzura comunist\u0103 a spus STOP. Redac\u021bia s-a tot primenit \u0219i a rezistat p\u00e2n\u0103 \u00een 1987. S-au scris texte, poezii, s-a discutat mult \u0219i liber, toat\u0103 lumea sper\u00e2nd c\u0103 revista va ap\u0103rea c\u00e2ndva. A venit 1989. \u0218i revista a ap\u0103rut. \u00cen 1990. Un singur num\u0103r. Apoi s-a tras oblonul. Acum l-am<span class=\"antiorfan\">\u00a0<\/span>redeschis.\u201d<\/p>\n<h3 class=\"fara-orfani\">\u0218i ce s-a \u00eent\u00e2mplat dup\u0103 aceea?<span class=\"antiorfan\">\u00a0<\/span><\/h3>\n<p class=\"fara-orfani\">Timp de o s\u0103pt\u0103m\u00e2n\u0103, \u00eentre 28 iulie \u0219i 2 august 2025, satele bra\u0219ovene Cri\u021b \u0219i Viscri s-au transformat \u00een redac\u021bie deschis\u0103 sub cerul Transilvaniei. Aici, elevi din trei licee germane \u2013 \u201eBrukenthal\u201d din Sibiu, \u201eHonterus\u201d din Bra\u0219ov \u0219i \u201eGoethe\u201d din Bucure\u0219ti \u2013 s-au \u00eent\u00e2lnit nu doar cu istoria unei reviste interzise, ci \u0219i cu un posibil viitor. S-a scris, s-a filmat, s-a citit poezie din anii \u201980, dar, mai ales, s-a g\u00e2ndit liber. A fost \u0218coala de var\u0103 2000+ \u0219i, pentru unii dintre tinerii participan\u021bi, poate \u00eenceputul unui<span class=\"antiorfan\">\u00a0<\/span>drum.<\/p>\n<p class=\"fara-orfani\">\u201eC\u00e2nd am dat peste o poezie din vechea revist\u0103 2000, mi-a \u00eentrecut orice a\u0219teptare. Aspir s\u0103 pot s\u0103 scriu a\u0219a ceva\u201d, m\u0103rturise\u0219te Sarah Gergely. \u201eMi-a\u0219 dori s\u0103 \u00eemi pot transpune sentimentele pe o foaie goal\u0103 \u0219i s\u0103 \u00eei dau via\u021b\u0103 cu ajutorul cuvintelor. Mai mult dec\u00e2t at\u00e2t, s\u0103 le pot reciti peste 50 de<span class=\"antiorfan\">\u00a0<\/span>ani.\u201d<\/p>\n<p class=\"fara-orfani\">Pentru Sarah, \u00eent\u00e2lnirea cu trecutul presei \u0219colare a fost ca un declic: \u201eVe\u0219nica b\u0103t\u0103lie dintre genera\u021bii a f\u0103cut tratat de pace prin acele articole. Suntem la fel \u00eentr-o manier\u0103 foarte diferit\u0103 \u0219i<span class=\"antiorfan\">\u00a0<\/span>original\u0103\u201d.<\/p>\n<p class=\"fara-orfani\">\u201eConsider c\u0103 Revista 2000 nu reflect\u0103 o mare diferen\u021ba dintre anii \u00een care a fost scris\u0103 \u0219i 2025. G\u00e2ndurile lor sunt surprinz\u0103tor de actuale. Dac\u0103 am pune un text din acea revist\u0103 l\u00e2ng\u0103 unul scris azi, cred c\u0103 un elev ar avea dificult\u0103\u021bi s\u0103 spun\u0103 care apar\u021bine genera\u021biei sale\u201d, spune \u0219i Tudor Nica, elev \u00een clasa a X-a la<span class=\"antiorfan\">\u00a0<\/span>\u201eBrukenthal\u201d.<\/p>\n<h3 class=\"fara-orfani\">Jurnalismul, \u00eentre vis \u0219i<span class=\"antiorfan\">\u00a0<\/span>voca\u021bie<\/h3>\n<p class=\"fara-orfani\">Ce au descoperit ace\u0219ti adolescen\u021bi \u00een visul vechi al unei reviste interzise de comuni\u0219ti \u00een 1980? Poate faptul c\u0103 jurnalismul nu e doar despre \u0219tiri, ci despre comunitate, curaj \u0219i<span class=\"antiorfan\">\u00a0<\/span>colaborare.<\/p>\n<p class=\"fara-orfani\">\u201ePresa \u0219colar\u0103 ne ofer\u0103 un spa\u021biu s\u0103 ne exprim\u0103m ideile, s\u0103 \u00eenv\u0103\u021b\u0103m lucrul \u00een echip\u0103. Ne ajut\u0103 s\u0103 \u00een\u021belegem mai bine lumea \u0219i s\u0103 fim mai implica\u021bi \u00een via\u021ba \u0219colar\u0103\u201d, spune<span class=\"antiorfan\">\u00a0<\/span>Tudor.<\/p>\n<p class=\"fara-orfani\">\u201eC\u00e2nd am aflat de aceast\u0103 tab\u0103r\u0103, aceast\u0103 \u0219coal\u0103 de var\u0103, m-am g\u00e2ndit c\u0103 este o oportunitate perfect\u0103 s\u0103 \u00eembun\u0103t\u0103\u021besc \u0219i revista \u0219colii noastre (Der Brukenthaler) prin prisma Revistei 2000+\u201d, recunoa\u0219te<span class=\"antiorfan\">\u00a0<\/span>Sarah.<\/p>\n<p class=\"fara-orfani\">Iar pentru Hugo Spahiu, de la \u201eHonterus\u201d, revista e mai mult dec\u00e2t un produs final. \u201eCred c\u0103 pe mine o revist\u0103 \u0219colar\u0103 m-ar ajuta pentru viitor indiferent c\u0103tre ce domeniu m-a\u0219 \u00eendrepta. \u00cen afar\u0103 de faptul c\u0103 rezultatul este foarte fain, doar procesul de facere a unei reviste \u0219colare ne ajut\u0103 s\u0103 colabor\u0103m \u00eentre noi ca echip\u0103. Ne ajut\u0103 s\u0103 pricepem c\u0103 dac\u0103 ne concentr\u0103m doar pe ce avem noi de f\u0103cut f\u0103r\u0103 s\u0103 \u00eei ajut\u0103m pe ceilal\u021bi revista nu poate fi printat\u0103 deloc\u201d, spune el pentru<span class=\"antiorfan\">\u00a0<\/span>EurActiv.ro.<\/p>\n<p class=\"fara-orfani\">Elevii au prezentat \u00een cadrul conferin\u021bei anuale a Forumului de cooperare bilateral\u0103 rom\u00e2no-german (FCBRG), care are loc \u00een mod tradi\u021bional \u00een \u201eS\u0103pt\u0103m\u00e2na Haferland\u201d, a fost lansat \u0219i site-ul Revista 2000+ : <a href=\"http:\/\/www.revista2000.com\" target=\"_blank\" rel=\"noopener\">www.revista2000.com<\/a> \u0219i pagina <a href=\"http:\/\/www.revista2000.ro\" target=\"_blank\" rel=\"noopener\">www.revista2000.ro<\/a>. \u2013 site-ul noii genera\u021bii fiind construit chiar \u00een timpul \u0219colii de var\u0103, cu ajutorul lui Alex Sofonea \u0219i<span class=\"antiorfan\">\u00a0<\/span>Tecky.<\/p>\n<p class=\"fara-orfani\">Interven\u021bia lor, \u00een fa\u021ba unei audien\u021be formate din ambasadori, europarlamentari \u0219i ziari\u0219ti de carier\u0103, a fost primit\u0103 cu aplauze \u0219i entuziasm. Poate pentru c\u0103 era autentic\u0103, clar\u0103 \u0219i foarte bine articulat\u0103. A sunat ca<span class=\"antiorfan\">\u00a0<\/span>viitorul.<\/p>\n<h3 class=\"fara-orfani\">Mentori, nu<span class=\"antiorfan\">\u00a0<\/span>profesori<\/h3>\n<p class=\"fara-orfani\">Experien\u021ba de la Cri\u021b \u0219i Viscri nu a fost despre lec\u021bii, ci despre inspira\u021bie. Robert Schwartz, jurnalist \u0219i fost profesor, a fost sufletul acestei aventuri. Al\u0103turi de el \u2013 Bianca \u0218tiubea, regizoarea Anca Berlogea-Boariu \u0219i documentarista Laura C\u0103p\u0103\u021b\u00e2n\u0103-Juller. To\u021bi, fo\u0219ti membri ai redac\u021biei \u201e2000\u201d, cu pove\u0219ti despre curajul de a scrie \u00een vremuri grele. Acum, mentorii unei genera\u021bii care abia<span class=\"antiorfan\">\u00a0<\/span>\u00eencepe.<\/p>\n<p class=\"fara-orfani\">\u201eCred c\u0103 un t\u00e2n\u0103r jurnalist are toate \u0219ansele s\u0103 experimenteze frumuse\u021bea profesiei dac\u0103 are parte de mentori extraordinari\u201d, spune Sarah. \u201eCa \u00een toate profesiile, oamenii sunt cei ce determin\u0103 parcursul unui t\u00e2n\u0103r c\u0103tre atingerea unor \u021beluri<span class=\"antiorfan\">\u00a0<\/span>proprii.\u201d<\/p>\n<p class=\"fara-orfani\">\u0218coala de var\u0103 a fost organizat\u0103 \u00een parteneriat cu\u00a0 Funda\u021bia M&amp;V Schmidt \u2013 S\u0103pt\u0103m\u00e2na Haferland \u0219i Mihai Eminescu Trust \u0219i a beneficiat de implicarea unei echipe de jurnali\u0219ti \u0219i profesori \u2013 fo\u0219ti elevi ai Liceului German din Bucure\u0219ti, ast\u0103zi Colegiul<span class=\"antiorfan\">\u00a0<\/span>\u201eGoethe\u201d.<\/p>\n<p><img loading=\"lazy\" decoding=\"async\" class=\"alignnone size-full wp-image-38422\" src=\"https:\/\/www.pulse-z.eu\/wp-content\/uploads\/2025\/08\/Scoala-de-vara-rev-2000.jpeg\" alt=\"\" width=\"1080\" height=\"810\" srcset=\"https:\/\/www.pulse-z.eu\/wp-content\/uploads\/2025\/08\/Scoala-de-vara-rev-2000.jpeg 1080w, https:\/\/www.pulse-z.eu\/wp-content\/uploads\/2025\/08\/Scoala-de-vara-rev-2000-768x576.jpeg 768w\" sizes=\"auto, (max-width: 1080px) 100vw, 1080px\" \/><\/p>\n<h3 class=\"fara-orfani\">O continuitate<span class=\"antiorfan\">\u00a0<\/span>frumoas\u0103<\/h3>\n<p class=\"fara-orfani\">Pentru Tudor, leg\u0103tura dintre trecut \u0219i prezent e clar\u0103: \u201eElevii de atunci nu erau foarte diferi\u021bi de noi. Aveau acelea\u0219i \u00eentreb\u0103ri, curiozit\u0103\u021bi \u0219i dorin\u021ba de a se face auzi\u021bi. Prin Robert \u0219i Bianca v\u0103d o continuitate frumoas\u0103 a proiectului Revista<span class=\"antiorfan\">\u00a0<\/span>2000+.\u201d<\/p>\n<p class=\"fara-orfani\">P\u00e2n\u0103 \u0219i \u00eentrebarea \u201eCe \u0219anse are un t\u00e2n\u0103r jurnalist \u00een Rom\u00e2nia?\u201d a primit r\u0103spunsuri directe \u0219i optimiste: \u201eDepinde mult de pasiune, curaj \u0219i adaptare. Nu e u\u0219or, dar dac\u0103 e\u0219ti creativ, onest \u0219i \u0219tii s\u0103 folose\u0219ti noile tehnologii, po\u021bi ie\u0219i \u00een eviden\u021b\u0103 \u0219i chiar schimba ceva \u00een bine\u201d, crede<span class=\"antiorfan\">\u00a0<\/span>Tudor.<\/p>\n<h3 class=\"fara-orfani\">Finalul? De-abia<span class=\"antiorfan\">\u00a0<\/span>\u00eenceputul!<\/h3>\n<p class=\"fara-orfani\">Revista 2000+ nu e doar o revist\u0103. E un pretext pentru a aduce laolalt\u0103 genera\u021bii. E o re\u021bea de idei, emo\u021bii \u0219i proiecte. E dovada c\u0103 unele vise nu dispar, doar dorm p\u00e2n\u0103 c\u00e2nd cineva are curajul s\u0103 le<span class=\"antiorfan\">\u00a0<\/span>re\u00eenvie.<\/p>\n<p><iframe loading=\"lazy\" title=\"Ganduri i\u0302n creion\" src=\"https:\/\/player.vimeo.com\/video\/1107870934?dnt=1&amp;app_id=122963\" width=\"500\" height=\"281\" frameborder=\"0\" allow=\"autoplay; fullscreen; picture-in-picture; clipboard-write; encrypted-media; web-share\" referrerpolicy=\"strict-origin-when-cross-origin\"><\/iframe><\/p>\n","protected":false},"excerpt":{"rendered":"<p>Aceasta este opinia elevei Gergely Sarah-Maria de la Colegiul Na\u021bional \u201eSamuel von Brukenthal\u201d din Sibiu, la finalul particip\u0103rii sale la \u0219coala de var\u0103 \u201eRevista 2000+\u201d, care a avut loc \u00een dou\u0103 sate din Transilvania, la [&hellip;]<\/p>\n","protected":false},"author":216,"featured_media":38372,"comment_status":"closed","ping_status":"closed","sticky":false,"template":"","format":"standard","meta":{"_acf_changed":false,"footnotes":""},"categories":[570,719],"tags":[6527,6528,6529,6530,6531],"post_formats":[664],"coauthors":[4033],"class_list":["post-38378","post","type-post","status-publish","format-standard","has-post-thumbnail","hentry","category-general-ro","category-tineret","tag-anca-berlogea-boariu-ro","tag-crit-si-viscri-ro","tag-revista-2000-ro","tag-robert-schwartz-ro","tag-scoala-de-vara-pentru-elevi-ro","post_formats-articole"],"acf":[],"_links":{"self":[{"href":"https:\/\/www.pulse-z.eu\/ro\/wp-json\/wp\/v2\/posts\/38378","targetHints":{"allow":["GET"]}}],"collection":[{"href":"https:\/\/www.pulse-z.eu\/ro\/wp-json\/wp\/v2\/posts"}],"about":[{"href":"https:\/\/www.pulse-z.eu\/ro\/wp-json\/wp\/v2\/types\/post"}],"author":[{"embeddable":true,"href":"https:\/\/www.pulse-z.eu\/ro\/wp-json\/wp\/v2\/users\/216"}],"replies":[{"embeddable":true,"href":"https:\/\/www.pulse-z.eu\/ro\/wp-json\/wp\/v2\/comments?post=38378"}],"version-history":[{"count":31,"href":"https:\/\/www.pulse-z.eu\/ro\/wp-json\/wp\/v2\/posts\/38378\/revisions"}],"predecessor-version":[{"id":76401,"href":"https:\/\/www.pulse-z.eu\/ro\/wp-json\/wp\/v2\/posts\/38378\/revisions\/76401"}],"wp:featuredmedia":[{"embeddable":true,"href":"https:\/\/www.pulse-z.eu\/ro\/wp-json\/wp\/v2\/media\/38372"}],"wp:attachment":[{"href":"https:\/\/www.pulse-z.eu\/ro\/wp-json\/wp\/v2\/media?parent=38378"}],"wp:term":[{"taxonomy":"category","embeddable":true,"href":"https:\/\/www.pulse-z.eu\/ro\/wp-json\/wp\/v2\/categories?post=38378"},{"taxonomy":"post_tag","embeddable":true,"href":"https:\/\/www.pulse-z.eu\/ro\/wp-json\/wp\/v2\/tags?post=38378"},{"taxonomy":"post_formats","embeddable":true,"href":"https:\/\/www.pulse-z.eu\/ro\/wp-json\/wp\/v2\/post_formats?post=38378"},{"taxonomy":"author","embeddable":true,"href":"https:\/\/www.pulse-z.eu\/ro\/wp-json\/wp\/v2\/coauthors?post=38378"}],"curies":[{"name":"wp","href":"https:\/\/api.w.org\/{rel}","templated":true}]}}