{"id":27570,"date":"2025-06-26T17:38:41","date_gmt":"2025-06-26T17:38:41","guid":{"rendered":"https:\/\/www.pulse-z.eu\/editorial-article-2-new-formats-new-voices-and-a-new-phase-of-engagement\/"},"modified":"2025-06-26T18:58:34","modified_gmt":"2025-06-26T18:58:34","slug":"articol-editorial-nr-2-formate-noi-voci-noi-si-o-noua-faza-de-implicare","status":"publish","type":"post","link":"https:\/\/www.pulse-z.eu\/ro\/articol-editorial-nr-2-formate-noi-voci-noi-si-o-noua-faza-de-implicare\/","title":{"rendered":"Articol editorial nr. 2 \u2013 Formate noi, voci noi \u0219i o nou\u0103 faz\u0103 de implicare"},"content":{"rendered":"\n<div id=\"attachment_27599\" style=\"width: 1180px\" class=\"wp-caption alignleft\"><img aria-describedby=\"caption-attachment-27599\" loading=\"lazy\" decoding=\"async\" class=\"size-full wp-image-27599\" src=\"https:\/\/www.pulse-z.eu\/wp-content\/uploads\/2025\/06\/IMG_9490.jpg\" alt=\"\" width=\"1170\" height=\"811\" srcset=\"https:\/\/www.pulse-z.eu\/wp-content\/uploads\/2025\/06\/IMG_9490.jpg 1170w, https:\/\/www.pulse-z.eu\/wp-content\/uploads\/2025\/06\/IMG_9490-768x532.jpg 768w\" sizes=\"auto, (max-width: 1170px) 100vw, 1170px\" \/><\/p>\n<p id=\"caption-attachment-27599\" class=\"wp-caption-text\"> Sel\u00e7uk Demirel \u2013 \u0218ah<\/p>\n<\/div>\n<p> <span style=\"font-weight: 400;\">Dragi cititori,<\/span><\/p>\n<p> <span style=\"font-weight: 400;\">Europa se afl\u0103 \u00een mijlocul unei alte crize \u00eenainte ca cea precedent\u0103 s\u0103 fi fost m\u0103car rezolvat\u0103. \u00cen timp ce invazia Rusiei \u00een Ucraina continu\u0103, iar speran\u021bele de pace se estompeaz\u0103 \u00een incertitudine, atacurile la scar\u0103 larg\u0103 dintre Israel \u0219i Iran destabilizeaz\u0103 \u0219i mai mult regiunea, \u0219i Europa odat\u0103 cu ea. \u00cen lumea interconectat\u0103 de ast\u0103zi \u0219i \u00een peisajul geopolitic \u00een continu\u0103 evolu\u021bie, crizele izolate au devenit rare. \u00cen schimb, ne confrunt\u0103m acum cu evenimente \u00een cascad\u0103, \u00een care un conflict declan\u0219eaz\u0103 un altul. Drept urmare, Europa nu \u00ee\u0219i mai poate permite s\u0103-\u0219i men\u021bin\u0103 energia \u00eendreptat\u0103 spre interior.<\/span><\/p>\n<p> <span style=\"font-weight: 400;\">\u00cen aceste vremuri tulburi, este crucial s\u0103 nu privim evenimentele \u00een termeni pur \u0219i simplu alb-negru. Acceptarea zonelor gri ne permite s\u0103 vedem complexitatea \u0219i nuan\u021ba. La PulseZ, ne-am angajat s\u0103 amplific\u0103m acest pluralism, eviden\u021biind diversele voci, perspective \u0219i energii ale Europei prin formate proaspete \u0219i inovatoare.<\/span><\/p>\n<p> <span style=\"font-weight: 400;\">\u00cencep\u00e2nd cu aceast\u0103 lun\u0103, ne extindem ofertele multimedia. V\u0103 pute\u021bi a\u0219tepta s\u0103 vede\u021bi mai multe videoclipuri, podcasturi \u0219i con\u021binut gamificat.<\/span><\/p>\n<p> <span style=\"font-weight: 400;\">Incluziunea a fost unul dintre principiile noastre fundamentale \u00eenc\u0103 de la \u00eenceput. Dar ce \u00eenseamn\u0103 asta \u00een practic\u0103? \u00censeamn\u0103 crearea unui spa\u021biu pentru cei care poate nu se simt confortabil s\u0103 se exprime \u00een limba englez\u0103, dar care totu\u0219i au pove\u0219ti care conteaz\u0103. Acum, oricine poate citi \u0219i contribui cu con\u021binut original \u00een mai multe limbi, aduc\u00e2nd PulseZ \u0219i mai aproape de oamenii pe care este menit\u0103 s\u0103 \u00eei serveasc\u0103. Datorit\u0103 eforturilor extraordinare ale echipei noastre, platforma #PulseZ este acum disponibil\u0103 \u00een \u0219apte limbi suplimentare: rom\u00e2n\u0103, francez\u0103, olandez\u0103, slovac\u0103, italian\u0103, polonez\u0103 \u0219i german\u0103, al\u0103turi de englez\u0103.<\/span><\/p>\n<p> <span style=\"font-weight: 400;\">Un alt pas important \u00eenainte este angajamentul nostru de a implica tinerii prin activit\u0103\u021bi practice. G\u0103zduim evenimente locale \u00een Portugalia, Fran\u021ba, Belgia, Grecia \u0219i \u00een alte \u021b\u0103ri, cu scopul de a ne conecta direct cu tinerii \u0219i de a le auzi vocile \u00eendeaproape.<\/span><\/p>\n<p> <span style=\"font-weight: 400;\">Pentru a sus\u021bine acest obiectiv, sub conducerea JA Europe \u0219i YMCA, am lansat apelul de propuneri PulseZ pentru sprijin din partea ter\u021bilor. Aceast\u0103 ini\u021biativ\u0103 v\u0103 permite s\u0103 v\u0103 organiza\u021bi propriile evenimente locale, av\u00e2nd posibilitatea de a primi sprijin financiar. Scopul nostru este de a implica peste 3.000 de tineri din peste 20 de \u021b\u0103ri ale UE ca \u0219i contribuitori la con\u021binut \u0219i de a ajunge la peste 500.000 de persoane prin eforturile noastre de comunicare. Pute\u021bi g\u0103si mai multe informa\u021bii \u0219i detalii despre aplica\u021bie acces\u00e2nd<\/span> <a href=\"https:\/\/jaeurope.org\/tenders\/pulse-z-third-party-support-call-for-proposals\/\" target=\"_blank\" rel=\"noopener\"><span style=\"font-weight: 400;\">acest link<\/span><\/a> <span style=\"font-weight: 400;\">.<\/span><\/p>\n<p> <span style=\"font-weight: 400;\">Dup\u0103 ce a \u00eencheiat primele \u0219ase luni cu succes, PulseZ intr\u0103 acum \u00eentr-o faz\u0103 nou\u0103 \u0219i critic\u0103. Echipa noastr\u0103 cre\u0219te, impulsul nostru se consolideaz\u0103, iar viziunea noastr\u0103 este mai clar\u0103 ca niciodat\u0103. \u00cen lunile urm\u0103toare, v\u0103 pute\u021bi a\u0219tepta la mai multe ateliere, webinarii, pove\u0219ti captivante \u0219i con\u021binut de nivel superior. Cu energia \u0219i implicarea dumneavoastr\u0103, ne ridic\u0103m vocea \u0219i, \u00een calitate de redactor-\u0219ef, suntem \u00eenc\u00e2nta\u021bi s\u0103 \u00eemp\u0103rt\u0103\u0219im cu dumneavoastr\u0103 mai multe dintre scrierile \u0219i con\u021binutul nostru.<\/span><\/p>\n<p> <span style=\"font-weight: 400;\">R\u0103m\u00e2i cu noi. Mai sunt multe de f\u0103cut.<\/span><\/p>\n","protected":false},"excerpt":{"rendered":"<p>Sel\u00e7uk Demirel \u2013 \u0218ah Dragi cititori, Europa se afl\u0103 \u00een mijlocul unei alte crize \u00eenainte ca cea precedent\u0103 s\u0103 fi fost m\u0103car rezolvat\u0103. \u00cen timp ce invazia Rusiei \u00een Ucraina continu\u0103, iar speran\u021bele de pace [&hellip;]<\/p>\n","protected":false},"author":78,"featured_media":27605,"comment_status":"closed","ping_status":"closed","sticky":false,"template":"","format":"standard","meta":{"_acf_changed":false,"footnotes":""},"categories":[570,712,719],"tags":[],"post_formats":[664],"coauthors":[],"class_list":["post-27570","post","type-post","status-publish","format-standard","has-post-thumbnail","hentry","category-general-ro","category-sarbatorind-diversitatea","category-tineret","post_formats-articole"],"acf":[],"_links":{"self":[{"href":"https:\/\/www.pulse-z.eu\/ro\/wp-json\/wp\/v2\/posts\/27570","targetHints":{"allow":["GET"]}}],"collection":[{"href":"https:\/\/www.pulse-z.eu\/ro\/wp-json\/wp\/v2\/posts"}],"about":[{"href":"https:\/\/www.pulse-z.eu\/ro\/wp-json\/wp\/v2\/types\/post"}],"author":[{"embeddable":true,"href":"https:\/\/www.pulse-z.eu\/ro\/wp-json\/wp\/v2\/users\/78"}],"replies":[{"embeddable":true,"href":"https:\/\/www.pulse-z.eu\/ro\/wp-json\/wp\/v2\/comments?post=27570"}],"version-history":[{"count":15,"href":"https:\/\/www.pulse-z.eu\/ro\/wp-json\/wp\/v2\/posts\/27570\/revisions"}],"predecessor-version":[{"id":27657,"href":"https:\/\/www.pulse-z.eu\/ro\/wp-json\/wp\/v2\/posts\/27570\/revisions\/27657"}],"wp:featuredmedia":[{"embeddable":true,"href":"https:\/\/www.pulse-z.eu\/ro\/wp-json\/wp\/v2\/media\/27605"}],"wp:attachment":[{"href":"https:\/\/www.pulse-z.eu\/ro\/wp-json\/wp\/v2\/media?parent=27570"}],"wp:term":[{"taxonomy":"category","embeddable":true,"href":"https:\/\/www.pulse-z.eu\/ro\/wp-json\/wp\/v2\/categories?post=27570"},{"taxonomy":"post_tag","embeddable":true,"href":"https:\/\/www.pulse-z.eu\/ro\/wp-json\/wp\/v2\/tags?post=27570"},{"taxonomy":"post_formats","embeddable":true,"href":"https:\/\/www.pulse-z.eu\/ro\/wp-json\/wp\/v2\/post_formats?post=27570"},{"taxonomy":"author","embeddable":true,"href":"https:\/\/www.pulse-z.eu\/ro\/wp-json\/wp\/v2\/coauthors?post=27570"}],"curies":[{"name":"wp","href":"https:\/\/api.w.org\/{rel}","templated":true}]}}