{"id":27215,"date":"2025-06-18T15:57:13","date_gmt":"2025-06-18T15:57:13","guid":{"rendered":"https:\/\/www.pulse-z.eu\/hot-words-weak-action-g20-off-track-on-climate-goals\/"},"modified":"2025-06-25T08:01:23","modified_gmt":"2025-06-25T08:01:23","slug":"cuvinte-fierbinti-actiuni-slabe-g20-in-detrimentul-obiectivelor-climatice","status":"publish","type":"post","link":"https:\/\/www.pulse-z.eu\/ro\/cuvinte-fierbinti-actiuni-slabe-g20-in-detrimentul-obiectivelor-climatice\/","title":{"rendered":"Cuvinte fierbin\u021bi, ac\u021biuni slabe: G20 \u00een detrimentul obiectivelor climatice"},"content":{"rendered":"<br \/>\n<h3><b>Un semnal de alarm\u0103 din Raportul GECO 2024<\/b><\/h3>\n<p> <span style=\"font-weight: 400;\">Cel mai recent<\/span> <a href=\"https:\/\/www.teraz-srodowisko.pl\/media\/pdf\/aktualnosci\/16188-jrc-raport-2025.pdf\" target=\"_blank\" rel=\"noopener\"><i><span style=\"font-weight: 400;\">raport privind clima \u0219i energia la nivel global (GECO) 2024<\/span><\/i><\/a> <span style=\"font-weight: 400;\">transmite un mesaj dur: \u021b\u0103rile G20, care sunt responsabile pentru marea majoritate a emisiilor globale de gaze cu efect de ser\u0103, nu implementeaz\u0103 politici suficient de puternice pentru a men\u021bine cre\u0219terea temperaturii sub 2\u00b0C p\u00e2n\u0103 la sf\u00e2r\u0219itul secolului.<\/span><\/p>\n<p> <span style=\"font-weight: 400;\">Guvernele trebuie s\u0103 schimbe cursul pentru a evita o cre\u0219tere a temperaturii cu 2,6\u00b0C p\u00e2n\u0103 \u00een 2100, dep\u0103\u0219ind semnificativ obiectivul de 1,5\u00b0C al Acordului de la Paris, care vizeaz\u0103 prevenirea secetelor extreme, a valurilor de c\u0103ldur\u0103 \u0219i a dezastrelor naturale.<\/span><\/p>\n<p><img loading=\"lazy\" decoding=\"async\" class=\"alignnone wp-image-3834\" src=\"https:\/\/www.pulse-z.eu\/wp-content\/uploads\/2025\/06\/projections.png\" alt=\"\" width=\"279\" height=\"220\" srcset=\"https:\/\/www.pulse-z.eu\/wp-content\/uploads\/2025\/06\/projections.png 1221w, https:\/\/www.pulse-z.eu\/wp-content\/uploads\/2025\/06\/projections-768x606.png 768w\" sizes=\"auto, (max-width: 279px) 100vw, 279px\" \/><\/p>\n<p> Emisiile continu\u0103 s\u0103 creasc\u0103 \u2013 iar timpul se scurge <\/p>\n<p><span style=\"font-weight: 400;\">Conform raportului GECO 2024, se preconizeaz\u0103 c\u0103 emisiile globale vor atinge un v\u00e2rf c\u00e2ndva \u00een acest deceniu &#8211; dar simpla atingere a v\u00e2rfului nu este suficient\u0103.<\/span><\/p>\n<ul>\n<li style=\"font-weight: 400;\" aria-level=\"1\"> <span style=\"font-weight: 400;\">Dac\u0103 politicile actuale continu\u0103: suntem pe drumul cel bun pentru o cre\u0219tere de +2,6\u00b0C.<\/span><\/li>\n<li style=\"font-weight: 400;\" aria-level=\"1\"> <span style=\"font-weight: 400;\">Dac\u0103 \u021b\u0103rile \u00ee\u0219i pun \u00een aplicare toate angajamentele climatice actuale, lumea tot s-ar \u00eenc\u0103lzi cu +2,3\u00b0C.<\/span><\/li>\n<\/ul>\n<p> <span style=\"font-weight: 400;\">Numai \u00een cel mai optimist scenariu \u2013 \u00een care are loc o decarbonizare mai rapid\u0103 \u0219i mai continu\u0103 \u2013 am putea atinge +1,8\u00b0C.<\/span><span style=\"font-weight: 400;\"><br \/><\/span><\/p>\n<p><img loading=\"lazy\" decoding=\"async\" class=\"alignnone wp-image-3835\" src=\"https:\/\/www.pulse-z.eu\/wp-content\/uploads\/2025\/06\/warming.png\" alt=\"\" width=\"373\" height=\"234\" srcset=\"https:\/\/www.pulse-z.eu\/wp-content\/uploads\/2025\/06\/warming.png 1221w, https:\/\/www.pulse-z.eu\/wp-content\/uploads\/2025\/06\/warming-768x482.png 768w\" sizes=\"auto, (max-width: 373px) 100vw, 373px\" \/><\/p>\n<p><span style=\"font-weight: 400;\">Dar chiar \u0219i asta dep\u0103\u0219e\u0219te obiectivul Acordului de la Paris.<\/span><\/p>\n<p> <span style=\"font-weight: 400;\">Pentru a se men\u021bine efectiv \u00een limita a 1,5\u00b0C, emisiile globale trebuie s\u0103 scad\u0103 cu:<\/span><\/p>\n<ul>\n<li style=\"font-weight: 400;\" aria-level=\"1\"> <span style=\"font-weight: 400;\">56% p\u00e2n\u0103 \u00een 2035, comparativ cu nivelurile din 2022,<\/span><\/li>\n<li style=\"font-weight: 400;\" aria-level=\"1\"> <span style=\"font-weight: 400;\">\u0219i 90% p\u00e2n\u0103 \u00een 2050.<\/span><\/li>\n<\/ul>\n<p> <span style=\"font-weight: 400;\">Acest lucru necesit\u0103 planuri na\u021bionale privind clima mult mai ambi\u021bioase \u2013 cunoscute \u0219i sub denumirea de<\/span> <i><span style=\"font-weight: 400;\">Contribu\u021bii Determinate la Nivel Na\u021bional (NDC)<\/span><\/i> <span style=\"font-weight: 400;\">\u2013 dec\u00e2t cele pe care le avem \u00een prezent.<\/span><\/p>\n<p> 2024: Cel mai fierbinte an \u00eenregistrat vreodat\u0103 <\/p>\n<p><span style=\"font-weight: 400;\">Urgen\u021ba nu putea fi mai clar\u0103. Datele de la<\/span> <a href=\"https:\/\/climate.copernicus.eu\/global-climate-highlights-2024\" target=\"_blank\" rel=\"noopener\"><i><span style=\"font-weight: 400;\">Serviciul Copernicus privind schimb\u0103rile climatice<\/span><\/i><\/a> <span style=\"font-weight: 400;\">arat\u0103 c\u0103 2024 a fost cel mai fierbinte an \u00eenregistrat vreodat\u0103 &#8211; dat\u00e2nd din 1850. A fost, de asemenea, primul an \u00een care temperatura medie global\u0103 a atins 1,6\u00b0C peste nivelurile preindustriale.<\/span><\/p>\n<p> <span style=\"font-weight: 400;\">Fiecare an, \u00eentre 2015 \u0219i 2024, se num\u0103r\u0103 printre cele mai fierbin\u021bi \u00eenregistrate vreodat\u0103. Consecin\u021bele sunt deja prezente, inclusiv incendii devastatoare \u00een California, inunda\u021bii record \u00een Spania \u0219i \u00een Europa Central\u0103 \u0219i de Est \u0219i cre\u0219terea insecurit\u0103\u021bii alimentare \u0219i a apei la nivel mondial.<\/span><\/p>\n<p><img loading=\"lazy\" decoding=\"async\" class=\"alignnone wp-image-3837\" src=\"https:\/\/www.pulse-z.eu\/wp-content\/uploads\/2025\/06\/Impacts.png\" alt=\"\" width=\"248\" height=\"242\" srcset=\"https:\/\/www.pulse-z.eu\/wp-content\/uploads\/2025\/06\/Impacts.png 1221w, https:\/\/www.pulse-z.eu\/wp-content\/uploads\/2025\/06\/Impacts-768x748.png 768w\" sizes=\"auto, (max-width: 248px) 100vw, 248px\" \/><\/p>\n<p> Ce trebuie s\u0103 se \u00eent\u00e2mple p\u00e2n\u0103 \u00een 2035 <\/p>\n<p><span style=\"font-weight: 400;\">Raportul GECO 2024 ofer\u0103 un scenariu promi\u021b\u0103tor, dar ambi\u021bios: este<\/span> <i><span style=\"font-weight: 400;\">\u00eenc\u0103<\/span><\/i> <span style=\"font-weight: 400;\">posibil\u0103 limitarea \u00eenc\u0103lzirii globale la 1,5\u00b0C &#8211; dar numai dac\u0103 G20 ia m\u0103suri radicale acum.<\/span><\/p>\n<p> <span style=\"font-weight: 400;\">P\u00e2n\u0103 \u00een 2035, fiecare \u021bar\u0103 G20 trebuie:<\/span><\/p>\n<ul>\n<li style=\"font-weight: 400;\" aria-level=\"1\"> <span style=\"font-weight: 400;\">s\u0103 genereze cel pu\u021bin 50% din energia electric\u0103 din surse regenerabile,<\/span><span style=\"font-weight: 400;\"><br \/><\/span><\/li>\n<li style=\"font-weight: 400;\" aria-level=\"1\"> <span style=\"font-weight: 400;\">cre\u0219terea ponderii energiei electrice \u00een consumul total de energie la 35%,<\/span><span style=\"font-weight: 400;\"><br \/><\/span><\/li>\n<li style=\"font-weight: 400;\" aria-level=\"1\"> <span style=\"font-weight: 400;\">implementarea capt\u0103rii \u0219i stoc\u0103rii carbonului (CSC) pentru 5-20% din emisiile industriale<\/span> \u0219i cre\u0219terea absorb\u021biei CO\u2082 printr-o mai bun\u0103 gestionare a terenurilor \u0219i a p\u0103durilor.<\/li>\n<\/ul>\n<p> Acordul de la Paris: Cum func\u021bioneaz\u0103 <\/p>\n<p><span style=\"font-weight: 400;\">Acordul de la Paris se bazeaz\u0103 pe cicluri de revizuire la fiecare cinci ani. Se a\u0219teapt\u0103 ca fiecare \u021bar\u0103 s\u0103 \u00ee\u0219i actualizeze obiectivele climatice cu \u021binte mai ambi\u021bioase \u00een timp.<\/span><\/p>\n<p> <span style=\"font-weight: 400;\">La COP27, \u021b\u0103rile au convenit s\u0103 \u00ee\u0219i reevalueze obiectivele pentru 2030 p\u00e2n\u0103 la sf\u00e2r\u0219itul anului 2023, cu scopul de a le alinia la obiectivul de 1,5\u00b0C. \u00cens\u0103, p\u00e2n\u0103 acum, multe na\u021biuni nu sunt<\/span> <i><span style=\"font-weight: 400;\">nici pe departe aproape de<\/span><\/i> <span style=\"font-weight: 400;\">acest nivel de ambi\u021bie.<\/span><\/p>\n<p> Cooperarea global\u0103 este cheia <\/p>\n<p><span style=\"font-weight: 400;\">Atingerea obiectivelor Acordului de la Paris necesit\u0103 o colaborare interna\u021bional\u0103 puternic\u0103. Aceasta include:<\/span><\/p>\n<ul>\n<li style=\"font-weight: 400;\" aria-level=\"1\"> <span style=\"font-weight: 400;\">Finan\u021barea pentru clim\u0103: \u021b\u0103rile dezvoltate sprijin\u0103 na\u021biunile mai s\u0103race<\/span><\/li>\n<li style=\"font-weight: 400;\" aria-level=\"1\"> <span style=\"font-weight: 400;\">Partajarea tehnologiei: cre\u0219terea accesibilit\u0103\u021bii tehnologiei curate,<\/span><\/li>\n<\/ul>\n<p> <span style=\"font-weight: 400;\">Consolidarea capacit\u0103\u021bilor: sprijinirea \u021b\u0103rilor vulnerabile s\u0103 se adapteze \u0219i s\u0103-\u0219i dezvolte rezilien\u021ba.<\/span><span style=\"font-weight: 400;\"><br \/><\/span><\/p>\n<p> Poate tehnologia cu emisii zero s\u0103 salveze viitorul? <\/p>\n<p><span style=\"font-weight: 400;\">Progresul \u00een domeniul energiei regenerabile \u0219i al vehiculelor electrice este real \u2014 dar nu este suficient. Sectoare precum industria grea \u0219i transporturile sunt \u00eenc\u0103 emi\u021b\u0103tori majori \u0219i trebuie transformate.<\/span><\/p>\n<p> <span style=\"font-weight: 400;\">Vestea bun\u0103? P\u00e2n\u0103 \u00een 2030, tehnologiile cu emisii zero ar putea fi competitive din punct de vedere al costurilor \u00een sectoarele responsabile pentru 70% din emisiile globale. Dac\u0103 G20 ac\u021bioneaz\u0103 decisiv, avem \u00eenc\u0103 o \u0219ans\u0103 s\u0103 evit\u0103m ce e mai r\u0103u.<\/span><\/p>\n<p> <span style=\"font-weight: 400;\">\u00cens\u0103 marea \u00eentrebare r\u0103m\u00e2ne \u2013 sunt cele mai puternice economii ale lumii cu adev\u0103rat preg\u0103tite pentru ac\u021biuni \u00eendr\u0103zne\u021be \u0219i istorice? Sau vor a\u0219tepta p\u00e2n\u0103 va fi prea t\u00e2rziu?<\/span><\/p>\n","protected":false},"excerpt":{"rendered":"<p>Un semnal de alarm\u0103 din Raportul GECO 2024 Cel mai recent raport privind clima \u0219i energia la nivel global (GECO) 2024 transmite un mesaj dur: \u021b\u0103rile G20, care sunt responsabile pentru marea majoritate a emisiilor [&hellip;]<\/p>\n","protected":false},"author":158,"featured_media":7715,"comment_status":"closed","ping_status":"closed","sticky":false,"template":"","format":"standard","meta":{"_acf_changed":false,"footnotes":""},"categories":[719],"tags":[3521,1375,3522,3523,3524,3525,3526,3527,1376,3528,3529,3530,1489,3531,3532,3533,3534,3535],"post_formats":[664],"coauthors":[],"class_list":["post-27215","post","type-post","status-publish","format-standard","has-post-thumbnail","hentry","category-tineret","tag-carbon-capture-ro","tag-carbon-neutrality-ro","tag-climate-action-ro","tag-climate-change-ro","tag-climate-crisis-ro","tag-climate-policy-ro","tag-emissions-reduction-ro","tag-environmental-policy-ro","tag-eu-climate-strategy-ro","tag-g20-ro","tag-global-climate-goals-ro","tag-global-warming-ro","tag-international-cooperation-ro","tag-paris-agreement-ro","tag-renewable-energy-ro","tag-sustainability-ro","tag-youth-and-climate-ro","tag-zero-emission-technologies-ro","post_formats-articole"],"acf":[],"_links":{"self":[{"href":"https:\/\/www.pulse-z.eu\/ro\/wp-json\/wp\/v2\/posts\/27215","targetHints":{"allow":["GET"]}}],"collection":[{"href":"https:\/\/www.pulse-z.eu\/ro\/wp-json\/wp\/v2\/posts"}],"about":[{"href":"https:\/\/www.pulse-z.eu\/ro\/wp-json\/wp\/v2\/types\/post"}],"author":[{"embeddable":true,"href":"https:\/\/www.pulse-z.eu\/ro\/wp-json\/wp\/v2\/users\/158"}],"replies":[{"embeddable":true,"href":"https:\/\/www.pulse-z.eu\/ro\/wp-json\/wp\/v2\/comments?post=27215"}],"version-history":[{"count":13,"href":"https:\/\/www.pulse-z.eu\/ro\/wp-json\/wp\/v2\/posts\/27215\/revisions"}],"predecessor-version":[{"id":27266,"href":"https:\/\/www.pulse-z.eu\/ro\/wp-json\/wp\/v2\/posts\/27215\/revisions\/27266"}],"wp:featuredmedia":[{"embeddable":true,"href":"https:\/\/www.pulse-z.eu\/ro\/wp-json\/wp\/v2\/media\/7715"}],"wp:attachment":[{"href":"https:\/\/www.pulse-z.eu\/ro\/wp-json\/wp\/v2\/media?parent=27215"}],"wp:term":[{"taxonomy":"category","embeddable":true,"href":"https:\/\/www.pulse-z.eu\/ro\/wp-json\/wp\/v2\/categories?post=27215"},{"taxonomy":"post_tag","embeddable":true,"href":"https:\/\/www.pulse-z.eu\/ro\/wp-json\/wp\/v2\/tags?post=27215"},{"taxonomy":"post_formats","embeddable":true,"href":"https:\/\/www.pulse-z.eu\/ro\/wp-json\/wp\/v2\/post_formats?post=27215"},{"taxonomy":"author","embeddable":true,"href":"https:\/\/www.pulse-z.eu\/ro\/wp-json\/wp\/v2\/coauthors?post=27215"}],"curies":[{"name":"wp","href":"https:\/\/api.w.org\/{rel}","templated":true}]}}