{"id":26656,"date":"2025-06-20T15:54:59","date_gmt":"2025-06-20T15:54:59","guid":{"rendered":"https:\/\/www.pulse-z.eu\/polands-youth-crown-conservative-in-surprise-presidential-election-twist\/"},"modified":"2025-06-25T06:59:10","modified_gmt":"2025-06-25T06:59:10","slug":"tinerii-conservatori-din-coroana-tineretului-din-polonia-o-surpriza-neasteptata-a-alegerilor-prezidentiale","status":"publish","type":"post","link":"https:\/\/www.pulse-z.eu\/ro\/tinerii-conservatori-din-coroana-tineretului-din-polonia-o-surpriza-neasteptata-a-alegerilor-prezidentiale\/","title":{"rendered":"Tinerii conservatori din Coroana Tineretului din Polonia, o surpriz\u0103 nea\u0219teptat\u0103 a alegerilor preziden\u021biale"},"content":{"rendered":"\n<p><span style=\"font-weight: 400;\">Alegerile preziden\u021biale din Polonia din 2025 au dezv\u0103luit o na\u021biune profund divizat\u0103. Aceast\u0103 divizare a transcendat simpla geografie, separ\u00e2nd centrele urbane de zonele rurale \u0219i s-a extins la rupturi genera\u021bionale, emo\u021bionale \u0219i chiar familiale. \u00cen cele din urm\u0103, prezen\u021ba f\u0103r\u0103 precedent a tinerilor aleg\u0103tori la vot s-a dovedit decisiv\u0103. Votul lor, \u00eens\u0103, a sfidat a\u0219tept\u0103rile \u0219i a determinat rezultatul alegerilor.<\/span><\/p>\n<p> O \u021bar\u0103 divizat\u0103: cele mai \u00eenguste margini <\/p>\n<p><span style=\"font-weight: 400;\">\u00cen al doilea tur al alegerilor, Karol Nawrocki, sus\u021binut de cel mai mare partid na\u021bionalist de opozi\u021bie, Lege \u0219i Justi\u021bie (PiS), a c\u00e2\u0219tigat cu 50,89% din voturi, \u00eenving\u00e2ndu-l la limit\u0103 pe Rafa\u0142 Trzaskowski din Platforma Civic\u0103 (PO) a premierului Donald Tusk, care a ob\u021binut 49,11%, conform datelor oficiale ale<\/span> <a href=\"https:\/\/pkw.gov.pl\/aktualnosci\/informacje\/obwieszczenie-panstwowej-komisji-wyborczej-z-dnia-2-czerwca-2025-r-o-wynikach-ponownego-glosowania-i\" target=\"_blank\" rel=\"noopener\"><span style=\"font-weight: 400;\">Comisiei Electorale Na\u021bionale<\/span><\/a> <span style=\"font-weight: 400;\">.<\/span><\/p>\n<p> <span style=\"font-weight: 400;\">Alegerile au avut un rezultat extrem de str\u00e2ns, subliniind profunda diviziune politic\u0103 \u0219i echilibrul precar al na\u021biunii. Orice mic\u0103 fluctua\u021bie \u00een implicare, motiva\u021bie sau opinii \u00een cadrul oric\u0103rui grup ar fi putut modifica dramatic rezultatele.<\/span><\/p>\n<p> <span style=\"font-weight: 400;\">Anul acesta, tinerii aleg\u0103tori s-au dovedit decisivi. \u00cen ciuda tendin\u021belor de apatie sau indecizie, 76,3% dintre tinerii cu v\u00e2rste cuprinse \u00eentre 18 \u0219i 29 de ani au votat &#8211; o rat\u0103 remarcabil\u0103 de prezen\u021b\u0103 la vot, rar \u00eent\u00e2lnit\u0103 \u00een istoria recent\u0103 a Poloniei. Ace\u0219tia au ocupat un loc central, contrar a\u0219tept\u0103rilor de dezangajare.<\/span><\/p>\n<p> <span style=\"font-weight: 400;\">Cu toate acestea, modelele lor de vot au sfidat o clasificare u\u0219oar\u0103. \u00cen timp ce mul\u021bi au anticipat o \u00eenclina\u021bie puternic\u0103 c\u0103tre op\u021biuni liberale sau progresiste, rezultatele reale au dezv\u0103luit o imagine mult mai nuan\u021bat\u0103.<\/span><\/p>\n<p> St\u00e2ngi\u0219tii \u0219i libertarienii au sus\u021binut un conservator <\/p>\n<p><span style=\"font-weight: 400;\">\u00cen primul tur, S\u0142awomir Mentzen, un libertarian de extrem\u0103 dreapta, a dominat votul tinerilor sub 30 de ani, cu 34,9%. Adrian Zandberg, un progresist de st\u00e2nga, a urmat cu 19,8%, apoi Trzaskowski (12,7%) \u0219i Nawrocki (10,7%).<\/span><\/p>\n<p> <span style=\"font-weight: 400;\">Totu\u0219i, turul doi a cunoscut o schimbare major\u0103. Sondajele la ie\u0219irea din urne au indicat c\u0103 Nawrocki a c\u00e2\u0219tigat 53,2% dintre tinerii votan\u021bi, \u00een timp ce Trzaskowski a primit 46,8%.<\/span><\/p>\n<p> <span style=\"font-weight: 400;\">Prin urmare, candidatul sus\u021binut de PiS a c\u00e2\u0219tigat aproape tot sprijinul lui Mentzen \u0219i, \u00een mod surprinz\u0103tor, o parte din aleg\u0103torii lui Zandberg. Preferin\u021ba ini\u021bial\u0103 a tinerilor pentru Mentzen a fost astfel r\u0103sturnat\u0103 \u00een favoarea lui Nawrocki \u00een votul final.<\/span><\/p>\n<p> <span style=\"font-weight: 400;\">\u00cen cifre: 87% dintre tinerii sus\u021bin\u0103tori ai lui Mentzen au votat pentru Nawrocki \u00een turul doi. Aproximativ 17% dintre sus\u021bin\u0103torii lui Zandberg au f\u0103cut acela\u0219i lucru.<\/span><\/p>\n<p> <span style=\"font-weight: 400;\">Poate p\u0103rea paradoxal \u2014 trecerea de la extrem\u0103 st\u00e2ng\u0103 la conservator \u2014 dar nu era vorba de ideologie. Era vorba de emo\u021bie.<\/span><\/p>\n<p> Antisistem prin ideologie <\/p>\n<p><span style=\"font-weight: 400;\">Tinerii aleg\u0103tori au c\u0103utat alternative la ordinea politic\u0103 stabilit\u0103, consider\u00e2nd figuri precum Mentzen \u0219i Zandberg drept voturi de protest \u00eempotriva partidelor PiS \u0219i PO, care au dominat peisajul politic polonez \u00een ultimii 20 de ani.<\/span><\/p>\n<p> <span style=\"font-weight: 400;\">\u00cen runda electoral\u0103 ulterioar\u0103, Nawrocki a devenit alegerea neconven\u021bional\u0103 r\u0103mas\u0103, chiar \u0219i pentru cei care anterior \u00eei respinguser\u0103 partidul.<\/span><\/p>\n<p> <span style=\"font-weight: 400;\">Atractivitatea lui Nawrocki consta par\u021bial \u00een distan\u021barea perceput\u0103 fa\u021b\u0103 de figurile tipice ale PiS; imaginea sa mai neutr\u0103 \u00eel distingea de liderii consacra\u021bi ai partidului.<\/span><\/p>\n<p> <span style=\"font-weight: 400;\">Pozi\u021bion\u00e2ndu-se \u00een acest spa\u021biu politic mai pu\u021bin conven\u021bional, Nawrocki \u0219i-a cultivat imaginea unui candidat al schimb\u0103rii, \u00een ciuda faptului c\u0103 detaliile acesteia au r\u0103mas neclare.<\/span><\/p>\n<p> Genera\u021bia Z: Deziluzionat\u0103 sau doar sfid\u0103toare? <\/p>\n<p><span style=\"font-weight: 400;\">Comportamentul de vot al tinerilor polonezi poate fi privit din perspective contrastante. Exist\u0103 o cre\u0219tere evident\u0103 a implic\u0103rii lor civice; cu toate acestea, alegerile lor par mai mult determinate de reac\u021bii emo\u021bionale \u0219i de dorin\u021ba de schimbare imediat\u0103, dec\u00e2t de planificare strategic\u0103 pe termen lung.<\/span><\/p>\n<p> <span style=\"font-weight: 400;\">Aceast\u0103 genera\u021bie graviteaz\u0103 spre o retoric\u0103 puternic\u0103, direct\u0103 \u0219i combativ\u0103. Schimbarea sprijinului lor \u2013 mai \u00eent\u00e2i pentru Mentzen, apoi pentru Zandberg \u0219i ulterior pentru Nawrocki \u2013 sugereaz\u0103 o c\u0103utare exploratorie a nout\u0103\u021bii, nu o ideologie politic\u0103 consecvent\u0103.<\/span><\/p>\n<p> <span style=\"font-weight: 400;\">Votul Genera\u021biei Z este \u00een mare parte reactiv; ace\u0219tia voteaz\u0103 \u00eempotriva puterilor existente, \u00een loc s\u0103 sus\u021bin\u0103 proactiv anumite agende. C\u00e2nd Platforma Civic\u0103 este perceput\u0103 ca fiind status quo-ul, ei sus\u021bin Legea \u0219i Justi\u021bia. \u00cen schimb, c\u00e2nd PiS este considerat establishment, se orienteaz\u0103 spre extrema st\u00e2ng\u0103 sau dreapta radical\u0103.<\/span><\/p>\n<p> <span style=\"font-weight: 400;\">Impactul pe termen lung al deciziilor lor pare a fi o considera\u021bie secundar\u0103 pentru ei.<\/span><\/p>\n<p> Dou\u0103 genuri, dou\u0103 tinere poloneze <\/p>\n<p><span style=\"font-weight: 400;\">De\u0219i votul tinerilor s-a dovedit a fi esen\u021bial, acesta nu a fost monolitic. O divizare clar\u0103 \u00eentre sexe a caracterizat alegerile lor.<\/span><\/p>\n<p> <span style=\"font-weight: 400;\">Figuri progresiste precum Zandberg \u0219i Trzaskowski au c\u00e2\u0219tigat sprijinul tinerelor femei. \u00cen schimb, tinerii b\u0103rba\u021bi l-au favorizat pe Mentzen \u0219i, ulterior, pe Nawrocki.<\/span><\/p>\n<p> <span style=\"font-weight: 400;\">S\u0103 ne uit\u0103m la numere:<\/span><\/p>\n<ul>\n<li style=\"font-weight: 400;\" aria-level=\"1\"> <span style=\"font-weight: 400;\">\u00cen Runda 1, Mentzen a avut 48% sprijin \u00een r\u00e2ndul tinerilor b\u0103rba\u021bi, dar doar 21% \u00een r\u00e2ndul tinerelor femei.<\/span><span style=\"font-weight: 400;\"><br \/><\/span><\/li>\n<li style=\"font-weight: 400;\" aria-level=\"1\"> <span style=\"font-weight: 400;\">Zandberg a inversat scenariul: 25% \u00een r\u00e2ndul femeilor, 13% \u00een r\u00e2ndul b\u0103rba\u021bilor.<\/span><span style=\"font-weight: 400;\"><br \/><\/span><\/li>\n<li style=\"font-weight: 400;\" aria-level=\"1\"> <span style=\"font-weight: 400;\">\u00cen turul doi: Trzaskowski a c\u00e2\u0219tigat cu 54% din voturile tinerelor femei, Nawrocki a luat 54% din voturile tinerilor b\u0103rba\u021bi.<\/span><span style=\"font-weight: 400;\"><br \/><\/span><\/li>\n<\/ul>\n<p> <span style=\"font-weight: 400;\">A\u0219adar, diviziunile Poloniei nu sunt doar ideologice sau genera\u021bionale, ci \u0219i profund legate de gen. Tinerii polonezi, foarte activi politic, \u00ee\u0219i bazeaz\u0103 deciziile de vot pe experien\u021be personale, influen\u021bate semnificativ de rolurile de gen. Prin urmare, femeile \u00eenclin\u0103 spre platforme progresiste, de st\u00e2nga, \u00een timp ce b\u0103rba\u021bii sunt mai atra\u0219i de punctele de vedere libertare sau antiliberale.<\/span><\/p>\n<p> Vot \u00eempotriv\u0103, nu pentru <\/p>\n<p><span style=\"font-weight: 400;\">Succesul lui Karol Nawrocki \u00een r\u00e2ndul tinerilor aleg\u0103tori nu este o rena\u0219tere a popularit\u0103\u021bii ultraconservatoare a partidului \u201eLege \u0219i Justi\u021bie\u201d \u00een r\u00e2ndul tinerilor. Mai degrab\u0103, semnific\u0103 o tendin\u021b\u0103 \u00een care tinerii se opun status quo-ului, nu neap\u0103rat sus\u021bin un anumit partid sau o anumit\u0103 platform\u0103.<\/span><\/p>\n<p> <span style=\"font-weight: 400;\">Victoria lui Nawrocki nu a fost legat\u0103 de triumful ideologiei sale, ci de o opozi\u021bie \u00eempotriva lui Rafa\u0142 Trzaskowski, perceput de mul\u021bi ca fiind chipul unei elite liberale de care se sim\u021beau \u00eenstr\u0103ina\u021bi.<\/span><\/p>\n<p> <span style=\"font-weight: 400;\">De\u0219i tinerii aleg\u0103tori au jucat un rol cheie \u00een victoria parlamentar\u0103 a opozi\u021biei democratice din 2023, unii au avut o schimbare \u00een 2025. Aceast\u0103 schimbare ar putea proveni din deziluzia fa\u021b\u0103 de ritmul schimb\u0103rii sau din oboseala retoricii constante despre \u201eamenin\u021b\u0103rile democratice\u201d.<\/span><\/p>\n<p> <span style=\"font-weight: 400;\">\u00cen cele din urm\u0103, Nawrocki a prezentat o alternativ\u0103, sau cel pu\u021bin percep\u021bia asupra uneia, iar acest lucru s-a dovedit suficient pentru a influen\u021ba ace\u0219ti aleg\u0103tori.<\/span><\/p>\n","protected":false},"excerpt":{"rendered":"<p>Alegerile preziden\u021biale din Polonia din 2025 au dezv\u0103luit o na\u021biune profund divizat\u0103. Aceast\u0103 divizare a transcendat simpla geografie, separ\u00e2nd centrele urbane de zonele rurale \u0219i s-a extins la rupturi genera\u021bionale, emo\u021bionale \u0219i chiar familiale. \u00cen [&hellip;]<\/p>\n","protected":false},"author":158,"featured_media":7673,"comment_status":"closed","ping_status":"closed","sticky":false,"template":"","format":"standard","meta":{"_acf_changed":false,"footnotes":""},"categories":[714],"tags":[3048,3049,3050,3051,3052,3053,3054,3055,3056,3057,3058,3059,3060,3061,3062,3063,3064,3065,3066,3067,3068],"post_formats":[764],"coauthors":[],"class_list":["post-26656","post","type-post","status-publish","format-standard","has-post-thumbnail","hentry","category-actualitate","tag-anti-establishment-ro","tag-democratic-participation-ro","tag-electoral-shift-ro","tag-emotions-in-politics-ro","tag-eu-youth-ro","tag-gender-divide-ro","tag-generation-z-ro","tag-mentzen-ro","tag-nawrocki-ro","tag-poland-elections-ro","tag-polish-politics-ro","tag-political-engagement-ro","tag-political-polarization-ro","tag-political-trends-ro","tag-presidential-elections-2025-ro","tag-trzaskowski-ro","tag-voting-behavior-ro","tag-young-voters-ro","tag-youth-activism-ro","tag-youth-turnout-ro","tag-zandberg-ro","post_formats-serie-de-articole"],"acf":[],"_links":{"self":[{"href":"https:\/\/www.pulse-z.eu\/ro\/wp-json\/wp\/v2\/posts\/26656","targetHints":{"allow":["GET"]}}],"collection":[{"href":"https:\/\/www.pulse-z.eu\/ro\/wp-json\/wp\/v2\/posts"}],"about":[{"href":"https:\/\/www.pulse-z.eu\/ro\/wp-json\/wp\/v2\/types\/post"}],"author":[{"embeddable":true,"href":"https:\/\/www.pulse-z.eu\/ro\/wp-json\/wp\/v2\/users\/158"}],"replies":[{"embeddable":true,"href":"https:\/\/www.pulse-z.eu\/ro\/wp-json\/wp\/v2\/comments?post=26656"}],"version-history":[{"count":3,"href":"https:\/\/www.pulse-z.eu\/ro\/wp-json\/wp\/v2\/posts\/26656\/revisions"}],"predecessor-version":[{"id":26667,"href":"https:\/\/www.pulse-z.eu\/ro\/wp-json\/wp\/v2\/posts\/26656\/revisions\/26667"}],"wp:featuredmedia":[{"embeddable":true,"href":"https:\/\/www.pulse-z.eu\/ro\/wp-json\/wp\/v2\/media\/7673"}],"wp:attachment":[{"href":"https:\/\/www.pulse-z.eu\/ro\/wp-json\/wp\/v2\/media?parent=26656"}],"wp:term":[{"taxonomy":"category","embeddable":true,"href":"https:\/\/www.pulse-z.eu\/ro\/wp-json\/wp\/v2\/categories?post=26656"},{"taxonomy":"post_tag","embeddable":true,"href":"https:\/\/www.pulse-z.eu\/ro\/wp-json\/wp\/v2\/tags?post=26656"},{"taxonomy":"post_formats","embeddable":true,"href":"https:\/\/www.pulse-z.eu\/ro\/wp-json\/wp\/v2\/post_formats?post=26656"},{"taxonomy":"author","embeddable":true,"href":"https:\/\/www.pulse-z.eu\/ro\/wp-json\/wp\/v2\/coauthors?post=26656"}],"curies":[{"name":"wp","href":"https:\/\/api.w.org\/{rel}","templated":true}]}}