{"id":92950,"date":"2025-07-04T14:37:25","date_gmt":"2025-07-04T14:37:25","guid":{"rendered":"https:\/\/www.pulse-z.eu\/che-cosa-sono-le-politiche-di-coesione-europee-e-cosa-centrano-con-il-piano-di-riarmo\/"},"modified":"2026-03-24T11:34:24","modified_gmt":"2026-03-24T11:34:24","slug":"czym-jest-europejska-polityka-spojnosci-i-jaki-ma-ona-zwiazek-z-planem-zbrojen","status":"publish","type":"post","link":"https:\/\/www.pulse-z.eu\/pl\/czym-jest-europejska-polityka-spojnosci-i-jaki-ma-ona-zwiazek-z-planem-zbrojen\/","title":{"rendered":"Czym jest europejska polityka sp\u00f3jno\u015bci i jaki ma ona zwi\u0105zek z planem zbroje\u0144?"},"content":{"rendered":"\n<p>Artyku\u0142: Annalisa Girardi \u2013 dziennikarka, Fanpage.it<\/p>\n<p> Fundusze <a href=\"https:\/\/www.fanpage.it\/politica\/cosa-sono-le-politiche-di-coesione-dellue-gli-obiettivi-e-come-vengono-finanziati-i-fondi\/\" target=\"_blank\" rel=\"noopener\">polityki sp\u00f3jno\u015bci<\/a> s\u0105 jednym z g\u0142\u00f3wnych kana\u0142\u00f3w finansowania polityk europejskich. W ostatnich tygodniach przewodnicz\u0105ca Komisji Europejskiej Ursula von der Leyen wspomnia\u0142a o nich, sugeruj\u0105c wykorzystanie tego instrumentu jako integralnej cz\u0119\u015bci planu <a href=\"https:\/\/www.fanpage.it\/esteri\/von-der-leyen-presenta-il-piano-rearmeu-per-la-difesa-europea-il-tempo-delle-illusioni-e-finito\/\" target=\"_blank\" rel=\"noopener\">RearmEU<\/a> . Pomys\u0142 ten nie podoba si\u0119 jednak W\u0142ochom: \u201eNie zamierzamy przeznacza\u0107 ani jednego euro z funduszy sp\u00f3jno\u015bci na obron\u0119\u201d \u2013 powiedzia\u0142a Giorgia Meloni w Parlamencie przed Rad\u0105 Europejsk\u0105.<\/p>\n<p> Przyjrzyjmy si\u0119 jednak bli\u017cej funduszom sp\u00f3jno\u015bci. <a href=\"https:\/\/www.europarl.europa.eu\/factsheets\/it\/sheet\/96\/fondo-di-coesione\" target=\"_blank\" rel=\"noopener\">Jak wyja\u015bnia Parlament Europejski<\/a> , fundusze sp\u00f3jno\u015bci zosta\u0142y ustanowione \u201e <em>w celu wzmocnienia sp\u00f3jno\u015bci gospodarczej, spo\u0142ecznej i terytorialnej Unii Europejskiej, aby promowa\u0107 zr\u00f3wnowa\u017cony rozw\u00f3j<\/em> \u201d. W okresie 2021\u20132027 cele obj\u0119te wsparciem to:<\/p>\n<ul>\n<li> inwestycje w sprawy ochrony \u015brodowiska, w tym w sektory zwi\u0105zane ze zr\u00f3wnowa\u017conym rozwojem i energi\u0105, kt\u00f3re przynosz\u0105 korzy\u015bci dla \u015brodowiska;<\/li>\n<li> sieci transeuropejskie w zakresie infrastruktury transportowej;<\/li>\n<li> pomoc techniczna.<\/li>\n<\/ul>\n<p> \u015arodki z Funduszu Sp\u00f3jno\u015bci s\u0142u\u017c\u0105 finansowaniu r\u00f3\u017cnych program\u00f3w, a zarz\u0105dza nimi Komisja oraz w\u0142adze krajowe i regionalne pa\u0144stw cz\u0142onkowskich.<\/p>\n<p>Podsumowuj\u0105c, celem <a href=\"https:\/\/opencoesione.gov.it\/it\/politica_coesione\/#:~:text=La%20politica%20di%20coesione%20ha,e%20le%20persone%20pi%C3%B9%20fragili.\" target=\"_blank\" rel=\"noopener\">polityki sp\u00f3jno\u015bci<\/a> jest <strong>zmniejszenie luk i dysproporcji<\/strong> mi\u0119dzy terytoriami i regionami Europy, ze szczeg\u00f3lnym uwzgl\u0119dnieniem obszar\u00f3w s\u0142abiej rozwini\u0119tych, zwi\u0119kszaj\u0105c w ten spos\u00f3b mo\u017cliwo\u015bci rozwoju gospodarczego i spo\u0142ecznego dla najbardziej nara\u017conych spo\u0142eczno\u015bci. Wszystkie te polityki s\u0105 finansowane z funduszy strukturalnych, <a href=\"https:\/\/politichecoesione.governo.it\/it\/politica-di-coesione\/i-fondi-della-politica-di-coesione\/\" target=\"_blank\" rel=\"noopener\">kt\u00f3re dziel\u0105 si\u0119 na trzy g\u0142\u00f3wne rodzaje<\/a> :<\/p>\n<ul>\n<li> <strong>Europejski Fundusz Rozwoju Regionalnego (EFRR)<\/strong> jest g\u0142\u00f3wnym instrumentem finansowym s\u0142u\u017c\u0105cym wspieraniu wzrostu gospodarczego i zatrudnienia w regionach europejskich oraz zmniejszaniu dysproporcji i nier\u00f3wnowag rozwojowych.<\/li>\n<li> <strong>Europejski Fundusz Spo\u0142eczny (EFS)<\/strong> , kt\u00f3rego g\u0142\u00f3wnym celem jest wspieranie pa\u0144stw cz\u0142onkowskich w osi\u0105ganiu wysokiego i odpowiedniego poziomu wykwalifikowanego i stabilnego zatrudnienia oraz sprawiedliwej i w\u0142\u0105czaj\u0105cej ochrony socjalnej, przyczyniaj\u0105c si\u0119 w ten spos\u00f3b do realizacji priorytet\u00f3w Unii;<\/li>\n<li> <strong>Fundusz Sprawiedliwej Transformacji (JTF)<\/strong> , kt\u00f3ry wspiera inwestycje na rzecz sprawiedliwej i zr\u00f3wnowa\u017conej transformacji w kierunku neutralnej dla klimatu gospodarki Unii do roku 2050.<\/li>\n<\/ul>\n<p> Przedstawiaj\u0105c plan zbroje\u0144, przewodnicz\u0105ca von der Leyen wspomnia\u0142a o wykorzystaniu funduszy sp\u00f3jno\u015bci jako jednym z narz\u0119dzi wspieraj\u0105cych wydatki na obron\u0119. Jednak kilka kraj\u00f3w ma co do tego w\u0105tpliwo\u015bci, a W\u0142ochy s\u0105 jednym z nich.<\/p>\n","protected":false},"excerpt":{"rendered":"<p>Artyku\u0142: Annalisa Girardi \u2013 dziennikarka, Fanpage.it Fundusze polityki sp\u00f3jno\u015bci s\u0105 jednym z g\u0142\u00f3wnych kana\u0142\u00f3w finansowania polityk europejskich. W ostatnich tygodniach przewodnicz\u0105ca Komisji Europejskiej Ursula von der Leyen wspomnia\u0142a o nich, sugeruj\u0105c wykorzystanie tego instrumentu jako [&hellip;]<\/p>\n","protected":false},"author":173,"featured_media":0,"comment_status":"closed","ping_status":"closed","sticky":false,"template":"","format":"standard","meta":{"_acf_changed":false,"footnotes":""},"categories":[706],"tags":[883,5889,27606,27607,3972,3377,27608,27609,27610,3975],"post_formats":[655],"coauthors":[3918],"class_list":["post-92950","post","type-post","status-publish","format-standard","hentry","category-sprawy-biezace","tag-eu-pl","tag-european-parliament-pl","tag-european-regional-development-fund","tag-european-social-fund","tag-giorgia-meloni-pl","tag-italy-pl","tag-just-transition-fund","tag-politiche-di-coesione","tag-rearmeu","tag-ursula-von-der-leyen-pl","post_formats-artykuly"],"acf":[],"_links":{"self":[{"href":"https:\/\/www.pulse-z.eu\/pl\/wp-json\/wp\/v2\/posts\/92950","targetHints":{"allow":["GET"]}}],"collection":[{"href":"https:\/\/www.pulse-z.eu\/pl\/wp-json\/wp\/v2\/posts"}],"about":[{"href":"https:\/\/www.pulse-z.eu\/pl\/wp-json\/wp\/v2\/types\/post"}],"author":[{"embeddable":true,"href":"https:\/\/www.pulse-z.eu\/pl\/wp-json\/wp\/v2\/users\/173"}],"replies":[{"embeddable":true,"href":"https:\/\/www.pulse-z.eu\/pl\/wp-json\/wp\/v2\/comments?post=92950"}],"version-history":[{"count":9,"href":"https:\/\/www.pulse-z.eu\/pl\/wp-json\/wp\/v2\/posts\/92950\/revisions"}],"predecessor-version":[{"id":92999,"href":"https:\/\/www.pulse-z.eu\/pl\/wp-json\/wp\/v2\/posts\/92950\/revisions\/92999"}],"wp:attachment":[{"href":"https:\/\/www.pulse-z.eu\/pl\/wp-json\/wp\/v2\/media?parent=92950"}],"wp:term":[{"taxonomy":"category","embeddable":true,"href":"https:\/\/www.pulse-z.eu\/pl\/wp-json\/wp\/v2\/categories?post=92950"},{"taxonomy":"post_tag","embeddable":true,"href":"https:\/\/www.pulse-z.eu\/pl\/wp-json\/wp\/v2\/tags?post=92950"},{"taxonomy":"post_formats","embeddable":true,"href":"https:\/\/www.pulse-z.eu\/pl\/wp-json\/wp\/v2\/post_formats?post=92950"},{"taxonomy":"author","embeddable":true,"href":"https:\/\/www.pulse-z.eu\/pl\/wp-json\/wp\/v2\/coauthors?post=92950"}],"curies":[{"name":"wp","href":"https:\/\/api.w.org\/{rel}","templated":true}]}}