{"id":88528,"date":"2026-03-12T16:43:06","date_gmt":"2026-03-12T16:43:06","guid":{"rendered":"https:\/\/www.pulse-z.eu\/was-timothee-chalamet-actually-wrong-about-opera-and-ballet\/"},"modified":"2026-03-13T12:49:19","modified_gmt":"2026-03-13T12:49:19","slug":"czy-timothee-chalamet-rzeczywiscie-mylil-sie-co-do-opery-i-baletu","status":"publish","type":"post","link":"https:\/\/www.pulse-z.eu\/pl\/czy-timothee-chalamet-rzeczywiscie-mylil-sie-co-do-opery-i-baletu\/","title":{"rendered":"Czy Timoth\u00e9e Chalamet rzeczywi\u015bcie myli\u0142 si\u0119 co do opery i baletu?"},"content":{"rendered":"<br \/>\n<blockquote>\n<h3 style=\"text-align: left;\"><em>\u201eNie chc\u0119 pracowa\u0107 w balecie czy operze, gdzie liczy si\u0119: &#39;Hej! Utrzymajmy to przy \u017cyciu&#39;, mimo \u017ce nikogo to ju\u017c nie obchodzi\u201d.<\/em> <span style=\"font-weight: 400;\">\u2013 Timoth\u00e9e Chalamet<\/span><\/h3>\n<\/blockquote>\n<p><span style=\"font-weight: 400;\">Zatrzymajmy si\u0119 na chwil\u0119, bo<\/span> <a href=\"https:\/\/www.instagram.com\/reel\/DVj1xnODbDu\/?igsh=MThpaTM4eDVkOGNlYw==\" target=\"_blank\" rel=\"noopener\"><span style=\"font-weight: 400;\">wypowied\u017a<\/span><\/a> Timoth\u00e9e Chalameta <span style=\"font-weight: 400;\">jest do\u015b\u0107 dziwna. 21 lutego siedzia\u0142 naprzeciwko<\/span> <a href=\"https:\/\/www.imdb.com\/name\/nm0000190\/\" target=\"_blank\" rel=\"noopener\"><span style=\"font-weight: 400;\">Matthew McConaugheya<\/span><\/a> <span style=\"font-weight: 400;\">w<\/span> <a href=\"https:\/\/moody.utexas.edu\/\" target=\"_blank\" rel=\"noopener\"><span style=\"font-weight: 400;\">Moody College of Communication na Uniwersytecie Teksa\u0144skim w Austin<\/span><\/a> <span style=\"font-weight: 400;\">i mimochodem wtr\u0105ci\u0142 t\u0119 my\u015bl do rozmowy.<\/span><\/p>\n<p> <span style=\"font-weight: 400;\">Kontekst i mowa cia\u0142a s\u0105 istotne. Spos\u00f3b, w jaki wypowiedzia\u0142<\/span> <a href=\"https:\/\/www.yahoo.com\/entertainment\/celebrity\/article\/what-did-timothee-chalamet-say-about-ballet-and-opera-the-controversy-explained-160649942.html?guccounter=1&amp;guce_referrer=aHR0cHM6Ly93d3cuZ29vZ2xlLmNvbS8&amp;guce_referrer_sig=AQAAAIRPeVrPJ1IHv2ifRxp3QzO90hHKTZoxLy9q498XPwWsjHbGJt1LRd8GvBU1fIK9jbN0zZ_VV9FG2Hl_1QOBQtmNDAWFGM3HVPUDWcfsHXbDYi07LaN2HBJF0gnmGlrGDmA8vo4X879Ggeds9lAf8FHmIcYkCeSrUPayYB-ve0KN\" target=\"_blank\" rel=\"noopener\"><span style=\"font-weight: 400;\">zdanie,<\/span><\/a> <span style=\"font-weight: 400;\">sprawi\u0142, \u017ce niekt\u00f3rzy s\u0142uchacze \u0142atwo mogli je zinterpretowa\u0107 jako lekcewa\u017c\u0105ce, nawet je\u015bli nie by\u0142o ono zamierzone jako bezpo\u015bredni os\u0105d. Wypowiedzia\u0142 je z u\u015bmieszkiem i mog\u0142o zosta\u0107 odebrane jako elitarne. To sprawi\u0142o, \u017ce ja, jako przeci\u0119tny widz, zinterpretowa\u0142em jego wypowied\u017a jako: \u201e<\/span> <i><span style=\"font-weight: 400;\">Przebywam w tym kr\u0119gu ca\u0142e \u017cycie, a jednak go nie pochwalam\u201d.<\/span><\/i><\/p>\n<p> <span style=\"font-weight: 400;\">Jak to w og\u00f3le mo\u017cliwe? Wbrew temu, co sugeruje,<\/span> <a href=\"https:\/\/people.com\/timothee-chalamet-parents-everything-to-know-11917201\" target=\"_blank\" rel=\"noopener\"><span style=\"font-weight: 400;\">rodzina Chalameta<\/span><\/a> <span style=\"font-weight: 400;\">jest pe\u0142na tancerzy baletowych: jego babcia, matka i siostra ta\u0144czy\u0142y w New York City Ballet.<\/span><\/p>\n<p> <span style=\"font-weight: 400;\">Ponadto jego matka, Nicole Flender, studiowa\u0142a taniec na<\/span> <a href=\"https:\/\/laguardiahsdance.org\/\" target=\"_blank\" rel=\"noopener\"><span style=\"font-weight: 400;\">uniwersytecie LaGuardia<\/span><\/a> <span style=\"font-weight: 400;\">, ta\u0144czy\u0142a w zespole i wyst\u0119powa\u0142a w musicalach na Broadwayu, takich jak<\/span> <a href=\"http:\/\/fiddlermusical.com\/\" target=\"_blank\" rel=\"noopener\"><span style=\"font-weight: 400;\">Skrzypek na dachu.<\/span><\/a><\/p>\n<p> <span style=\"font-weight: 400;\">Sam Chalamet dorasta\u0142 w<\/span> <a href=\"https:\/\/share.google\/BbTtTCUoREDyFoKj2\" target=\"_blank\" rel=\"noopener\"><span style=\"font-weight: 400;\">Manhattan Plaza<\/span><\/a> <span style=\"font-weight: 400;\">, tym samym budynku, w kt\u00f3rym mieszkali<\/span><a href=\"https:\/\/www.poetryfoundation.org\/poets\/tennessee-williams\" target=\"_blank\" rel=\"noopener\"><span style=\"font-weight: 400;\">Tennessee Williams<\/span><\/a> <span style=\"font-weight: 400;\">i<\/span> <a href=\"https:\/\/www.aliciakeys.com\/\" target=\"_blank\" rel=\"noopener\"><span style=\"font-weight: 400;\">Alicia Keys<\/span><\/a> <span style=\"font-weight: 400;\">. Opisywa\u0142 siebie jako \u201e<\/span> <a href=\"https:\/\/www.threads.com\/@amir_coincidence\/post\/DVnFiA8FFz7\/im-like-a-venn-diagram-of-the-best-cultural-influences-of-the-st-century\" target=\"_blank\" rel=\"noopener\"><span style=\"font-weight: 400;\">diagram Venna najlepszych wp\u0142yw\u00f3w kulturowych XXI i XX wieku\u201d.<\/span><\/a><span style=\"font-weight: 400;\">\u00a0<\/span><\/p>\n<p><span style=\"font-weight: 400;\">\u015aci\u015ble rzecz bior\u0105c, Chalamet, jako osoba z wewn\u0105trz tej<\/span> <a href=\"https:\/\/www.researchgate.net\/publication\/348747935_Elite_culture_signs_features_examples\" target=\"_blank\" rel=\"noopener\"><span style=\"font-weight: 400;\">elitarnej kultury<\/span><\/a> <span style=\"font-weight: 400;\">, odrzuca same podstawy, na kt\u00f3rych zosta\u0142 wychowany.<\/span><\/p>\n<p> <span style=\"font-weight: 400;\">To, co czyni to szczeg\u00f3lnie dziwnym, to fakt, \u017ce Chalamet doskonale zdaje sobie spraw\u0119 z tego, jak balet i opera wp\u0142ywaj\u0105 na poszczeg\u00f3lne spo\u0142eczno\u015bci. Dorasta\u0142 za kulisami<\/span> <a href=\"https:\/\/www.davidhkochtheater.com\/\" target=\"_blank\" rel=\"noopener\"><span style=\"font-weight: 400;\">Teatru Kocha,<\/span><\/a> <span style=\"font-weight: 400;\">otoczony tancerzami i muzykami.<\/span><\/p>\n<p> <span style=\"font-weight: 400;\">Bardziej ni\u017c ktokolwiek inny wie, ile po\u015bwi\u0119cenia i po\u015bwi\u0119cenia musz\u0105 znosi\u0107 ci arty\u015bci. Mimo to postanowi\u0142 powiedzie\u0107, \u017ce te formy sztuki s\u0105 nieistotne. Czy si\u0119 myli? Tu w\u0142a\u015bnie sprawa si\u0119 komplikuje.<\/span><\/p>\n<p><span style=\"font-weight: 400;\">Odwo\u0142uj\u0105c si\u0119 do dowod\u00f3w historycznych, opera nie zawsze by\u0142a postrzegana jako wyb\u00f3r elitarny. Wed\u0142ug rozdzia\u0142u Johna<\/span> <a href=\"https:\/\/www.blackwellpublishing.com\/content\/bpl_images\/content_store\/sample_chapter\/0631222103\/001.pdf\" target=\"_blank\" rel=\"noopener\"><span style=\"font-weight: 400;\">Storeya<\/span><\/a> <span style=\"font-weight: 400;\">\u201eExpecting Rain: Opera as Popular Culture?\u201d, pierwszy teatr operowy otwarto w Wenecji w 1637 roku jako komercyjn\u0105 rozrywk\u0119 dla ka\u017cdego, kto m\u00f3g\u0142 sobie pozwoli\u0107 na bilet. Publiczno\u015b\u0107 w weneckiej operze by\u0142a mieszank\u0105 wszystkich klas spo\u0142ecznych.<\/span><\/p>\n<p> <span style=\"font-weight: 400;\">W XIX wieku arie z Lukrecji Borgii i Don Giovanniego cieszy\u0142y si\u0119<\/span> <i><span style=\"font-weight: 400;\">\u201ewsz\u0119dzie popularno\u015bci\u0105\u201d.<\/span><\/i> <span style=\"font-weight: 400;\">Ich melodie mo\u017cna by\u0142o us\u0142ysze\u0107 w salonach i salach koncertowych, a tak\u017ce gwizda\u0107 je na ulicach.<\/span><\/p>\n<p> <span style=\"font-weight: 400;\">Co si\u0119 zatem zmieni\u0142o? Wed\u0142ug bada\u0144 Storeya, mi\u0119dzy 1825 a 1850 rokiem elitarne grupy spo\u0142eczne w Nowym Jorku opracowa\u0142y strategie oddzielania opery od codziennej rozrywki. Ustanowi\u0142y one dedykowane budynki, wprowadzi\u0142y zasady ubioru i upiera\u0142y si\u0119, \u017ce tylko opera w obcym j\u0119zyku mo\u017ce sprosta\u0107 ich standardom.<\/span><\/p>\n<p> <span style=\"font-weight: 400;\">Podczas premiery Metropolitan Opera w 1883 roku lo\u017ce zaj\u0119li ludzie, kt\u00f3rych \u0142\u0105czny maj\u0105tek szacowano na 540 milion\u00f3w dolar\u00f3w.<\/span> <a href=\"https:\/\/www.vogue.com\/article\/the-gilded-age-metropolitan-opera-house-socialite-feud\" target=\"_blank\" rel=\"noopener\"><span style=\"font-weight: 400;\">\u201eVogue\u201d<\/span><\/a> <span style=\"font-weight: 400;\">zauwa\u017cy\u0142, \u017ce budynek<\/span> <i><span style=\"font-weight: 400;\">\u201ezosta\u0142 wybudowany z my\u015bl\u0105 o celach spo\u0142ecznych, a nie artystycznych\u201d.<\/span><\/i><\/p>\n<p> <span style=\"font-weight: 400;\">Dane ekonomiczne tylko potwierdzaj\u0105 ten obraz. Ruth Towse w swojej<\/span> <a href=\"https:\/\/repub.eur.nl\/pub\/794\/TOWSE%20EBOOK_pages0354-0360.pdf\" target=\"_blank\" rel=\"noopener\"><span style=\"font-weight: 400;\">ksi\u0105\u017cce \u201eA Handbook of Cultural Economics\u201d<\/span><\/a> pisze <span style=\"font-weight: 400;\">, \u017ce opera otrzymuje wi\u0119kszo\u015b\u0107 rz\u0105dowych funduszy, mimo \u017ce jest najmniej popularna.<\/span><\/p>\n<p> <span style=\"font-weight: 400;\">Aby zrozumie\u0107, dlaczego te tendencje utrzymuj\u0105 si\u0119 do dzi\u015b, warto przyjrze\u0107 si\u0119 realiom finansowym jednej z wiod\u0105cych instytucji na \u015bwiecie. Royal Ballet and Opera oferuje jasny obraz obecnej sytuacji ekonomicznej tych instytucji. Wed\u0142ug raportu<\/span> <a href=\"https:\/\/www.civilsociety.co.uk\/news\/income-at-royal-ballet-and-opera-rises-by-nearly-a-third-to-over-170-m.html\" target=\"_blank\" rel=\"noopener\"><span style=\"font-weight: 400;\">opublikowanego<\/span><\/a> <span style=\"font-weight: 400;\">przez Arts Professional w czerwcu 2024 r., ca\u0142kowity doch\u00f3d organizacji wzr\u00f3s\u0142 o prawie jedn\u0105 trzeci\u0105, do ponad 170 milion\u00f3w funt\u00f3w w roku obrotowym ko\u0144cz\u0105cym si\u0119 w sierpniu 2023 r. Przychody z kas biletowych stanowi\u0142y zaledwie 31% ca\u0142o\u015bci, wzrastaj\u0105c z 39,6 miliona funt\u00f3w do 52,6 miliona funt\u00f3w.<\/span><\/p>\n<p> <span style=\"font-weight: 400;\">Tymczasem dotacja Arts Council England stanowi\u0142a zaledwie 15% nieograniczonych dochod\u00f3w, wynosz\u0105cych 23,6 miliona funt\u00f3w. Zaskakuj\u0105ce jest to, \u017ce pomimo sprzeda\u017cy 96% miejsc, teatr nadal musia\u0142 radzi\u0107 sobie z 20-procentowym obni\u017ceniem finansowania publicznego, a do tego dosz\u0142y rosn\u0105ce koszty u\u017cytkowania i pilna potrzeba zainwestowania co najmniej 50 milion\u00f3w funt\u00f3w w modernizacj\u0119 w ci\u0105gu najbli\u017cszych trzech lat, aby utrzyma\u0107 budynek w dzia\u0142aniu. To pokazuje, \u017ce model finansowy opery i baletu pozostaje ten sam, nawet na najwy\u017cszym szczeblu.<\/span><\/p>\n<p><span style=\"font-weight: 400;\">Patrz\u0105c na szerszy obraz mi\u0119dzynarodowy, sytuacja jest do\u015b\u0107 podobna.<\/span> <a href=\"https:\/\/www.marketreportsworld.com\/market-reports\/dance-ballet-performance-market-14721585\" target=\"_blank\" rel=\"noopener\"><span style=\"font-weight: 400;\">Raport rynkowy<\/span><\/a> <span style=\"font-weight: 400;\">opublikowany w lutym 2026 roku wyceni\u0142 mi\u0119dzynarodowy rynek spektakli tanecznych i baletowych na oko\u0142o 1,55 miliarda dolar\u00f3w w 2023 roku. Prognozowano r\u00f3wnie\u017c, \u017ce do 2032 roku rynek ten wzro\u015bnie do ponad 1,9 miliarda dolar\u00f3w. Europa odpowiada obecnie za oko\u0142o 40% globalnego wolumenu sprzeda\u017cy bilet\u00f3w, podczas gdy Ameryka P\u00f3\u0142nocna odpowiada za oko\u0142o 35%.<\/span><\/p>\n<p> <span style=\"font-weight: 400;\">Co ciekawe, coraz wi\u0119cej instytucji i firm korzysta z modeli cyfrowych i hybrydowych. Na przyk\u0142ad, 60% zespo\u0142\u00f3w baletowych oferuje obecnie transmisje spektakli na \u017cywo. W Stanach Zjednoczonych program \u201e30 za 30\u201d New York City Ballet jest doskona\u0142ym przyk\u0142adem inicjatywy skierowanej do m\u0142odzie\u017cy. W ci\u0105gu zaledwie jednego sezonu sprzedano 17 000 bilet\u00f3w w obni\u017conej cenie, co przyczyni\u0142o si\u0119 do wzrostu frekwencji dzieci poni\u017cej 50. roku \u017cycia z 41% w 2018 roku do 53% w 2023 roku.<\/span><\/p>\n<p> <span style=\"font-weight: 400;\">Tendencje te wskazuj\u0105, \u017ce chocia\u017c tradycyjne podstawy ekonomiczne opery i baletu s\u0105 pod presj\u0105, istnieje autentyczna dynamika dzia\u0142a\u0144 na rzecz zr\u00f3\u017cnicowania widowni i dostosowania si\u0119 do zmieniaj\u0105cych si\u0119 przyzwyczaje\u0144 konsument\u00f3w.<\/span><\/p>\n<p> <span style=\"font-weight: 400;\">Sytuacja w Stanach Zjednoczonych wzmacnia te obawy, poniewa\u017c wed\u0142ug<\/span> <a href=\"https:\/\/slippedisc.com\/2024\/02\/how-opera-finances-have-slumped-in-america\/\" target=\"_blank\" rel=\"noopener\"><span style=\"font-weight: 400;\">Shivlocka<\/span><\/a> <span style=\"font-weight: 400;\">sprzeda\u017c bilet\u00f3w do San Francisco Opera stanowi obecnie zaledwie 16% przychod\u00f3w. Oznacza to liniowy spadek z 60% w latach 60.<\/span><\/p>\n<p> <span style=\"font-weight: 400;\">W oparciu o te dane, badanie przeprowadzone przez<\/span> <a href=\"https:\/\/today.ucsd.edu\/story\/why-its-not-just-about-money-who-goes-to-the-ballet-opera-and-symphony\" target=\"_blank\" rel=\"noopener\"><span style=\"font-weight: 400;\">Rad School of Management na Uniwersytecie Kalifornijskim w San Diego<\/span><\/a> <span style=\"font-weight: 400;\">wykaza\u0142o, \u017ce wykszta\u0142cenie i relacje spo\u0142eczne s\u0105 wa\u017cniejsze ni\u017c doch\u00f3d w decydowaniu o tym, kto ucz\u0119szcza do opery i baletu. Nawet je\u015bli kto\u015b mo\u017ce sobie pozwoli\u0107 na bilet, mo\u017ce nie czu\u0107 si\u0119 komfortowo, czuj\u0105c si\u0119 tam jak u siebie.<\/span><\/p>\n<p> <span style=\"font-weight: 400;\">Podobnie<\/span> <a href=\"https:\/\/theboar.org\/2020\/02\/ballet-elitism-classism-exclusivity\/\" target=\"_blank\" rel=\"noopener\"><span style=\"font-weight: 400;\">Lucy Martin<\/span><\/a> <span style=\"font-weight: 400;\">stanowczo stwierdzi\u0142a, \u017ce \u200b\u200bbalet ma \u201e<\/span> <i><span style=\"font-weight: 400;\">rzeczywiste, problematyczne skojarzenia z elitaryzmem i klasizmem\u201d.<\/span><\/i> <span style=\"font-weight: 400;\">Ucz\u0119szczanie do baletu lub opery tradycyjnie kojarzone by\u0142o z elitami, a t\u0119 reputacj\u0119 trudno zmieni\u0107 z dnia na dzie\u0144.<\/span><\/p>\n<p><span style=\"font-weight: 400;\">A jednak jest co\u015b, nad czym warto si\u0119 zastanowi\u0107. Chalamet nie jest bohaterem klasy robotniczej demaskuj\u0105cym hipokryzj\u0119. Jest produktem tego w\u0142a\u015bnie elitaryzmu, a teraz, nagle, postanowi\u0142 zignorowa\u0107 t\u0119 cz\u0119\u015b\u0107 siebie.<\/span><\/p>\n<p> <span style=\"font-weight: 400;\">To nasuwa bardzo wa\u017cne pytanie o rol\u0119 klasy w tym artykule. Co to znaczy, gdy kto\u015b o tak silnym zapleczu kulturowym m\u00f3wi, \u017ce te formy sztuki nie s\u0105 ju\u017c cz\u0119\u015bci\u0105 kultury g\u0142\u00f3wnego nurtu? I kogo w\u0142a\u015bciwie ma na my\u015bli ten \u201eg\u0142\u00f3wny nurt\u201d?<\/span><\/p>\n<p> <span style=\"font-weight: 400;\">Opera i balet s\u0105 nadal postrzegane jako symbole kulturowe i wyznaczniki statusu spo\u0142ecznego, ale nie ciesz\u0105 si\u0119 ju\u017c tak\u0105 popularno\u015bci\u0105 jak kiedy\u015b. To pokazuje, \u017ce pojawiaj\u0105 si\u0119 pytania o to, czy te przestrzenie s\u0105 otwarte dla wszystkich, czy ludzie czuj\u0105 si\u0119 w nich cz\u0119\u015bci\u0105 i czy zawsze by\u0142y przeznaczone wy\u0142\u0105cznie dla elit. Chalamet twierdzi, \u017ce te formy nie s\u0105 wa\u017cne, ale on sam pochodzi z tego samego \u015bwiata, kt\u00f3ry nada\u0142 im znaczenie.<\/span><\/p>\n<p> <span style=\"font-weight: 400;\">10 marca 2026 roku<\/span> <a href=\"https:\/\/www.vanityfair.com\/hollywood\/story\/timothee-chalamet-is-right-about-ballet-and-opera?srsltid=AfmBOopyjiQw2fHmBupln-ep07tbME_EPOCplCY2BD2kAwsEJJwUvITi\" target=\"_blank\" rel=\"noopener\"><span style=\"font-weight: 400;\">Chris Murphy napisa\u0142<\/span><\/a> <span style=\"font-weight: 400;\">, broni\u0105c Chalameta w dosadnych s\u0142owach:<\/span> <i><span style=\"font-weight: 400;\">\u201eCzy cokolwiek z tego, co powiedzia\u0142 Chalamet, by\u0142o z\u0142e? Absolutnie nie\u201d.<\/span><\/i> <span style=\"font-weight: 400;\">Murphy zauwa\u017cy\u0142, \u017ce te formy sztuki s\u0105 wspierane g\u0142\u00f3wnie przez bogatych mecenas\u00f3w i darczy\u0144c\u00f3w, a nie przez og\u00f3\u0142 spo\u0142ecze\u0144stwa.<\/span><\/p>\n<p> <span style=\"font-weight: 400;\">To prawda. Chalamet m\u00f3g\u0142 jednak wyrazi\u0107 to bardziej subtelnie, przyznaj\u0105c si\u0119 do w\u0142asnego pochodzenia i okazuj\u0105c szacunek artystom tworz\u0105cym w tych formach, zamiast ich lekcewa\u017cy\u0107. Zamiast tego, spos\u00f3b, w jaki wyg\u0142asza\u0142 swoje uwagi, sprawi\u0142, \u017ce niekt\u00f3rzy \u0142atwo dostrzegli w nim ton wy\u017cszo\u015bci, jakby zawsze mia\u0142 wszystko i po prostu nudzi\u0142 si\u0119 \u015bwiatem, kt\u00f3ry go wychowa\u0142.<\/span><\/p>\n<p> <span style=\"font-weight: 400;\">To powiedziawszy, przedstawi\u0119 tu kontrargument. Od\u0142\u00f3\u017cmy na chwil\u0119 na bok jego przesz\u0142o\u015b\u0107 i spos\u00f3b, w jaki wyra\u017ca\u0142 swoje my\u015bli. Musimy zada\u0107 sobie pytanie, czy woleliby\u015bmy niewygodn\u0105 prawd\u0119 wypowiedzian\u0105 w spos\u00f3b ma\u0142o elegancki, czy wygodne k\u0142amstwo wypowiedziane z elegancj\u0105.<\/span><\/p>\n<p><span style=\"font-weight: 400;\">Pogl\u0105dy Chalameta cz\u0119sto odzwierciedlaj\u0105 to, co w kulturze wysokiej sztuki ludzie s\u0105dz\u0105 o operze i balecie. Gdyby zapyta\u0107 ludzi na ulicy, czy znaj\u0105 cztery opery lub balety, wielu prawdopodobnie nie wiedzia\u0142oby, o czym m\u00f3wisz, jak zauwa\u017cy\u0142 Murphy w \u201eVanity Fair\u201d.<\/span><\/p>\n<p> <span style=\"font-weight: 400;\">Co wi\u0119cej, krytyk ta\u0144ca w \u201eThe New York Times\u201d Gia Kourlas<\/span> <a href=\"https:\/\/www.yahoo.com\/entertainment\/celebrity\/article\/what-did-timothee-chalamet-say-about-ballet-and-opera-the-controversy-explained-160649942.html?guccounter=1&amp;guce_referrer=aHR0cHM6Ly93d3cuZ29vZ2xlLmNvbS8&amp;guce_referrer_sig=AQAAAIRPeVrPJ1IHv2ifRxp3QzO90hHKTZoxLy9q498XPwWsjHbGJt1LRd8GvBU1fIK9jbN0zZ_VV9FG2Hl_1QOBQtmNDAWFGM3HVPUDWcfsHXbDYi07LaN2HBJF0gnmGlrGDmA8vo4X879Ggeds9lAf8FHmIcYkCeSrUPayYB-ve0KN\" target=\"_blank\" rel=\"noopener\"><span style=\"font-weight: 400;\">r\u00f3wnie\u017c stan\u0119\u0142a w jego obronie<\/span><\/a> <span style=\"font-weight: 400;\">, pisz\u0105c, \u017ce jego argument<\/span> <i><span style=\"font-weight: 400;\">\u201enie polega\u0142 na tym, \u017ce balet i opera nie maj\u0105 znaczenia, ale na tym, \u017ce nie s\u0105 one cz\u0119\u015bci\u0105 kultury masowej\u201d.<\/span><\/i> <span style=\"font-weight: 400;\">Ma racj\u0119. Warto\u015b\u0107 baletu i opery oraz postrzeganie tej warto\u015bci przez ludzi to dwie r\u00f3\u017cne rzeczy.<\/span><\/p>\n<p> <span style=\"font-weight: 400;\">Nie zapominajmy, \u017ce \u015bwiat baletu i opery zareagowa\u0142 do\u015b\u0107 ostro na jego komentarze. Do tego stopnia, \u017ce<\/span> <a href=\"https:\/\/www.instagram.com\/seattleopera\/?utm_source=ig_embed\" target=\"_blank\" rel=\"noopener\"><span style=\"font-weight: 400;\">\u200b\u200bSeattle Opera<\/span><\/a> <span style=\"font-weight: 400;\">uruchomi\u0142a kod rabatowy o nazwie <em>\u201eTIMOTHEE\u201d<\/em> . We W\u0142oszech La Scala w Mediolanie udost\u0119pni\u0142a wiadomo\u015b\u0107 wideo z napisem <em>\u201ekto\u015b si\u0119 tym przejmuje\u201d<\/em> i zach\u0119ca\u0142a publiczno\u015b\u0107 do do\u015bwiadczenia opery na w\u0142asnej sk\u00f3rze.<\/span><\/p>\n<blockquote class=\"instagram-media\" style=\"background: #FFF; border: 0; border-radius: 3px; box-shadow: 0 0 1px 0 rgba(0,0,0,0.5),0 1px 10px 0 rgba(0,0,0,0.15); margin: 1px; max-width: 540px; min-width: 326px; padding: 0; width: calc(100% - 2px);\" data-instgrm-permalink=\"https:\/\/www.instagram.com\/p\/DVjn2oGAbgD\/?utm_source=ig_embed&amp;utm_campaign=loading\" data-instgrm-version=\"14\">\n<div style=\"padding: 16px;\">\n<div style=\"display: flex; flex-direction: row; align-items: center;\">\n<div style=\"background-color: #f4f4f4; border-radius: 50%; flex-grow: 0; height: 40px; margin-right: 14px; width: 40px;\"><\/div>\n<div style=\"display: flex; flex-direction: column; flex-grow: 1; justify-content: center;\">\n<div style=\"background-color: #f4f4f4; border-radius: 4px; flex-grow: 0; height: 14px; margin-bottom: 6px; width: 100px;\"><\/div>\n<div style=\"background-color: #f4f4f4; border-radius: 4px; flex-grow: 0; height: 14px; width: 60px;\"><\/div>\n<\/div>\n<\/div>\n<div style=\"padding: 19% 0;\"><\/div>\n<div style=\"display: block; height: 50px; margin: 0 auto 12px; width: 50px;\"><\/div>\n<div style=\"padding-top: 8px;\">\n<div style=\"color: #3897f0; font-family: Arial,sans-serif; font-size: 14px; font-style: normal; font-weight: 550; line-height: 18px;\"> Zobacz ten post na Instagramie. <\/div>\n<\/div>\n<div style=\"padding: 12.5% 0;\"><\/div>\n<div style=\"display: flex; flex-direction: row; margin-bottom: 14px; align-items: center;\">\n<div>\n<div style=\"background-color: #f4f4f4; border-radius: 50%; height: 12.5px; width: 12.5px; transform: translateX(0px) translateY(7px);\"><\/div>\n<div style=\"background-color: #f4f4f4; height: 12.5px; transform: rotate(-45deg) translateX(3px) translateY(1px); width: 12.5px; flex-grow: 0; margin-right: 14px; margin-left: 2px;\"><\/div>\n<div style=\"background-color: #f4f4f4; border-radius: 50%; height: 12.5px; width: 12.5px; transform: translateX(9px) translateY(-18px);\"><\/div>\n<\/div>\n<div style=\"margin-left: 8px;\">\n<div style=\"background-color: #f4f4f4; border-radius: 50%; flex-grow: 0; height: 20px; width: 20px;\"><\/div>\n<div style=\"width: 0; height: 0; border-top: 2px solid transparent; border-left: 6px solid #f4f4f4; border-bottom: 2px solid transparent; transform: translateX(16px) translateY(-4px) rotate(30deg);\"><\/div>\n<\/div>\n<div style=\"margin-left: auto;\">\n<div style=\"width: 0px; border-top: 8px solid #F4F4F4; border-right: 8px solid transparent; transform: translateY(16px);\"><\/div>\n<div style=\"background-color: #f4f4f4; flex-grow: 0; height: 12px; width: 16px; transform: translateY(-4px);\"><\/div>\n<div style=\"width: 0; height: 0; border-top: 8px solid #F4F4F4; border-left: 8px solid transparent; transform: translateY(-4px) translateX(8px);\"><\/div>\n<\/div>\n<\/div>\n<div style=\"display: flex; flex-direction: column; flex-grow: 1; justify-content: center; margin-bottom: 24px;\">\n<div style=\"background-color: #f4f4f4; border-radius: 4px; flex-grow: 0; height: 14px; margin-bottom: 6px; width: 224px;\"><\/div>\n<div style=\"background-color: #f4f4f4; border-radius: 4px; flex-grow: 0; height: 14px; width: 144px;\"><\/div>\n<\/div>\n<p style=\"color: #c9c8cd; font-family: Arial,sans-serif; font-size: 14px; line-height: 17px; margin-bottom: 0; margin-top: 8px; overflow: hidden; padding: 8px 0 7px; text-align: center; text-overflow: ellipsis; white-space: nowrap;\"> <a style=\"color: #c9c8cd; font-family: Arial,sans-serif; font-size: 14px; font-style: normal; font-weight: normal; line-height: 17px; text-decoration: none;\" href=\"https:\/\/www.instagram.com\/p\/DVjn2oGAbgD\/?utm_source=ig_embed&amp;utm_campaign=loading\" target=\"_blank\" rel=\"noopener\">Post udost\u0119pni\u0142(a) SEATTLE OPERA (@seattleopera)<\/a><\/p>\n<\/div>\n<\/blockquote>\n<p><script async src=\"\/\/www.instagram.com\/embed.js\"><\/script><\/p>\n<blockquote class=\"tiktok-embed\" style=\"max-width: 605px; min-width: 325px;\" cite=\"https:\/\/www.tiktok.com\/@teatroallascala\/video\/7614222791801425174\" data-video-id=\"7614222791801425174\">\n<section> <a title=\"@teatroallascala\" href=\"https:\/\/www.tiktok.com\/@teatroallascala?refer=embed\" target=\"_blank\" rel=\"noopener\">@teatroallascala<\/a> Kto\u015b si\u0119 troszczy \u2728 A je\u015bli nas odwiedzisz, Ty te\u017c mo\u017cesz. <a title=\"teatroallascala\" href=\"https:\/\/www.tiktok.com\/tag\/teatroallascala?refer=embed\" target=\"_blank\" rel=\"noopener\">#teatroallascala<\/a><a title=\"opera\" href=\"https:\/\/www.tiktok.com\/tag\/opera?refer=embed\" target=\"_blank\" rel=\"noopener\">#opera<\/a> <a title=\"balet\" href=\"https:\/\/www.tiktok.com\/tag\/ballet?refer=embed\" target=\"_blank\" rel=\"noopener\">#ballet<\/a> <a title=\"timotechalamet\" href=\"https:\/\/www.tiktok.com\/tag\/thimoteechalamet?refer=embed\" target=\"_blank\" rel=\"noopener\">#thimoteechalamet<\/a> <a title=\"\u266c orygina\u0142 audio - Teatro alla Scala\" href=\"https:\/\/www.tiktok.com\/music\/audio-originale-7614222807773235990?refer=embed\" target=\"_blank\" rel=\"noopener\">\u266c audio originale \u2013 Teatro alla Scala<\/a><\/section>\n<\/blockquote>\n<p><script async src=\"https:\/\/www.tiktok.com\/embed.js\"><\/script><\/p>\n<p><span style=\"font-weight: 400;\">Tymczasem Royal Opera House w Londynie opublikowa\u0142 film z podpisem: \u201eKa\u017cdej nocy w Royal Opera House tysi\u0105ce ludzi gromadz\u0105 si\u0119 na balet i oper\u0119. Dla muzyki. Dla opowie\u015bci. Dla czystej magii wyst\u0119p\u00f3w na \u017cywo. Je\u015bli chcesz to przemy\u015ble\u0107, @tchalamet, nasze drzwi s\u0105 otwarte\u201d.<\/span><\/p>\n<p> <span style=\"font-weight: 400;\">Podsumowuj\u0105c, je\u015bli si\u0119 nad tym g\u0142\u0119biej zastanowi\u0107, to ironiczne, \u017ce hollywoodzki aktor musia\u0142 na to zwr\u00f3ci\u0107 uwag\u0119, \u017ceby nagle wszyscy si\u0119 tym przej\u0119li. Potraktujmy to jako sygna\u0142 ostrzegawczy i w ko\u0144cu szczerze porozmawiajmy o tym, dla kogo w\u0142a\u015bciwie jest opera i balet.<\/span><\/p>\n<\/p>\n<blockquote class=\"tiktok-embed\" style=\"max-width: 605px; min-width: 325px;\" cite=\"https:\/\/www.tiktok.com\/@royalballetandopera\/video\/7614147724786552097\" data-video-id=\"7614147724786552097\">\n<section> <a title=\"@royalballetandopera\" href=\"https:\/\/www.tiktok.com\/@royalballetandopera?refer=embed\" target=\"_blank\" rel=\"noopener\">@royalballetandopera<\/a> Ka\u017cdego wieczoru w Royal Opera House tysi\u0105ce ludzi gromadz\u0105 si\u0119 na balet i oper\u0119. Dla muzyki. Dla opowie\u015bci. Dla czystej magii wyst\u0119p\u00f3w na \u017cywo. Je\u015bli chcesz to przemy\u015ble\u0107, @tchalamet, nasze drzwi s\u0105 otwarte. \u2728 <a title=\"balet kr\u00f3lewski\" href=\"https:\/\/www.tiktok.com\/tag\/theroyalballet?refer=embed\" target=\"_blank\" rel=\"noopener\">#TheRoyalBallet<\/a> <a title=\"opera kr\u00f3lewska\" href=\"https:\/\/www.tiktok.com\/tag\/theroyalopera?refer=embed\" target=\"_blank\" rel=\"noopener\">#TheRoyalOpera<\/a> <a title=\"Royal Balletandopera\" href=\"https:\/\/www.tiktok.com\/tag\/royalballetandopera?refer=embed\" target=\"_blank\" rel=\"noopener\">#RoyalBalletAndOpera<\/a> <a title=\"\u266c d\u017awi\u0119k oryginalny - Royal Ballet and Opera\" href=\"https:\/\/www.tiktok.com\/music\/original-sound-Royal-Ballet-and-Opera-7614147762816355105?refer=embed\" target=\"_blank\" rel=\"noopener\">\u266c d\u017awi\u0119k oryginalny \u2013 Royal Ballet and Opera<\/a><\/section>\n<\/blockquote>\n<p><script async src=\"https:\/\/www.tiktok.com\/embed.js\"><\/script><\/p>\n","protected":false},"excerpt":{"rendered":"<p>\u201eNie chc\u0119 pracowa\u0107 w balecie czy operze, gdzie liczy si\u0119: &#39;Hej! Utrzymajmy to przy \u017cyciu&#39;, mimo \u017ce nikogo to ju\u017c nie obchodzi\u201d. \u2013 Timoth\u00e9e Chalamet Zatrzymajmy si\u0119 na chwil\u0119, bo wypowied\u017a Timoth\u00e9e Chalameta jest do\u015b\u0107 [&hellip;]<\/p>\n","protected":false},"author":2550,"featured_media":88244,"comment_status":"closed","ping_status":"closed","sticky":false,"template":"","format":"standard","meta":{"_acf_changed":false,"footnotes":""},"categories":[708,705,647,569,706],"tags":[6153,26564,26565,26566,26567,26568,26569,26570,26571,26572,26573,26574,26575,26576,26577,26578,26579,26580,26581,26582,4088,26583,26584,26585,26586,9288,26587,26588,26589,26590,26591,26592,26593,26594,26595,26596,26597,26598],"post_formats":[655],"coauthors":[22020],"class_list":["post-88528","post","type-post","status-publish","format-standard","has-post-thumbnail","hentry","category-dziedzictwo","category-dziedzictwo-kulturowe","category-laczac-kropki","category-ogolne","category-sprawy-biezace","tag-accessibility-pl","tag-arts-criticism","tag-arts-elitism","tag-arts-funding","tag-arts-institutions","tag-audiences","tag-ballet","tag-ballet-audiences","tag-ballet-companies","tag-ballet-culture","tag-ballet-debate","tag-ballet-funding","tag-ballet-history","tag-ballet-market","tag-ballet-popularity","tag-ballet-tickets","tag-classical-arts","tag-cultural-class","tag-cultural-commentary","tag-cultural-economics","tag-culture-pl","tag-elitism","tag-heritage","tag-high-culture","tag-mainstream-culture","tag-opera-pl","tag-opera-audiences","tag-opera-culture","tag-opera-debate","tag-opera-funding","tag-opera-history","tag-opera-houses","tag-opera-market","tag-opera-popularity","tag-opera-tickets","tag-performing-arts","tag-performing-arts-debate","tag-timothee-chalamet","post_formats-artykuly"],"acf":[],"_links":{"self":[{"href":"https:\/\/www.pulse-z.eu\/pl\/wp-json\/wp\/v2\/posts\/88528","targetHints":{"allow":["GET"]}}],"collection":[{"href":"https:\/\/www.pulse-z.eu\/pl\/wp-json\/wp\/v2\/posts"}],"about":[{"href":"https:\/\/www.pulse-z.eu\/pl\/wp-json\/wp\/v2\/types\/post"}],"author":[{"embeddable":true,"href":"https:\/\/www.pulse-z.eu\/pl\/wp-json\/wp\/v2\/users\/2550"}],"replies":[{"embeddable":true,"href":"https:\/\/www.pulse-z.eu\/pl\/wp-json\/wp\/v2\/comments?post=88528"}],"version-history":[{"count":8,"href":"https:\/\/www.pulse-z.eu\/pl\/wp-json\/wp\/v2\/posts\/88528\/revisions"}],"predecessor-version":[{"id":88656,"href":"https:\/\/www.pulse-z.eu\/pl\/wp-json\/wp\/v2\/posts\/88528\/revisions\/88656"}],"wp:featuredmedia":[{"embeddable":true,"href":"https:\/\/www.pulse-z.eu\/pl\/wp-json\/wp\/v2\/media\/88244"}],"wp:attachment":[{"href":"https:\/\/www.pulse-z.eu\/pl\/wp-json\/wp\/v2\/media?parent=88528"}],"wp:term":[{"taxonomy":"category","embeddable":true,"href":"https:\/\/www.pulse-z.eu\/pl\/wp-json\/wp\/v2\/categories?post=88528"},{"taxonomy":"post_tag","embeddable":true,"href":"https:\/\/www.pulse-z.eu\/pl\/wp-json\/wp\/v2\/tags?post=88528"},{"taxonomy":"post_formats","embeddable":true,"href":"https:\/\/www.pulse-z.eu\/pl\/wp-json\/wp\/v2\/post_formats?post=88528"},{"taxonomy":"author","embeddable":true,"href":"https:\/\/www.pulse-z.eu\/pl\/wp-json\/wp\/v2\/coauthors?post=88528"}],"curies":[{"name":"wp","href":"https:\/\/api.w.org\/{rel}","templated":true}]}}