{"id":86918,"date":"2026-03-08T08:00:01","date_gmt":"2026-03-08T08:00:01","guid":{"rendered":"https:\/\/www.pulse-z.eu\/two-eu-countries-still-deny-women-the-right-to-choose\/"},"modified":"2026-03-08T08:00:51","modified_gmt":"2026-03-08T08:00:51","slug":"dwa-kraje-ue-nadal-odmawiaja-kobietom-prawa-wyboru","status":"publish","type":"post","link":"https:\/\/www.pulse-z.eu\/pl\/dwa-kraje-ue-nadal-odmawiaja-kobietom-prawa-wyboru\/","title":{"rendered":"Dwa kraje UE nadal odmawiaj\u0105 kobietom prawa wyboru"},"content":{"rendered":"\n<p><span style=\"font-weight: 400\">Gdyby spojrze\u0107 na<\/span> <a href=\"https:\/\/european-union.europa.eu\/index_en\" target=\"_blank\" rel=\"noopener\"><span style=\"font-weight: 400\">Uni\u0119 Europejsk\u0105<\/span><\/a> <span style=\"font-weight: 400\">jako ca\u0142o\u015b\u0107, mo\u017cna by pomy\u015ble\u0107, \u017ce prawa kobiet stoj\u0105 na czele<\/span> <a href=\"https:\/\/european-union.europa.eu\/principles-countries-history\/principles-and-values\/aims-and-values_en\" target=\"_blank\" rel=\"noopener\"><span style=\"font-weight: 400\">warto\u015bci europejskich<\/span><\/a> <span style=\"font-weight: 400\">, a konkretnie<\/span><a href=\"https:\/\/reproductiverights.org\/europe-abortion-laws-2025\/\" target=\"_blank\" rel=\"noopener\"><span style=\"font-weight: 400\">prawo do aborcji.<\/span><\/a> <span style=\"font-weight: 400\">W ko\u0144cu r\u00f3wno\u015b\u0107 kobiet i m\u0119\u017cczyzn jest jedn\u0105 z zasad za\u0142o\u017cycielskich Unii Europejskiej, si\u0119gaj\u0105c\u0105<\/span> <a href=\"https:\/\/eur-lex.europa.eu\/EN\/legal-content\/glossary\/equality-between-women-and-men.html\" target=\"_blank\" rel=\"noopener\"><span style=\"font-weight: 400\">Traktatu Rzymskiego z 1957 roku.<\/span><\/a> <span style=\"font-weight: 400\">Jednak dzi\u015b, 8 marca 2026 roku, w<\/span> <a href=\"https:\/\/www.internationalwomensday.com\/\" target=\"_blank\" rel=\"noopener\"><span style=\"font-weight: 400\">Mi\u0119dzynarodowy Dzie\u0144 Kobiet<\/span><\/a> <span style=\"font-weight: 400\">, dwa pa\u0144stwa cz\u0142onkowskie UE od dawna przymykaj\u0105 oczy na aborcj\u0119 \u2013<\/span> <a href=\"https:\/\/reproductiverights.org\/news\/one-year-on-poland-has-yet-to-act-on-un-recommendations-for-abortion-law-reform\/\" target=\"_blank\" rel=\"noopener\"><span style=\"font-weight: 400\">Polska<\/span><\/a> <span style=\"font-weight: 400\">i<\/span> <a href=\"https:\/\/reproductiverights.org\/news\/maltas-amended-abortion-law-will-not-protect-womens-health-and-lives\/\" target=\"_blank\" rel=\"noopener\"><span style=\"font-weight: 400\">Malta.<\/span><\/a><span style=\"font-weight: 400\">\u00a0<\/span><\/p>\n<p><span style=\"font-weight: 400\">Unia Europejska szczyci si\u0119 wi\u0105\u017c\u0105cymi instrumentami prawnymi, kt\u00f3rych pa\u0144stwa cz\u0142onkowskie s\u0105 zobowi\u0105zane przestrzega\u0107.<\/span> <a href=\"https:\/\/www.europarl.europa.eu\/ftu\/pdf\/en\/FTU_4.1.2.pdf\" target=\"_blank\" rel=\"noopener\"><span style=\"font-weight: 400\">Artyku\u0142 2<\/span><\/a> <span style=\"font-weight: 400\">Traktatu o Unii Europejskiej wymienia r\u00f3wno\u015b\u0107 jako jedn\u0105 z warto\u015bci fundamentalnych.<\/span> <a href=\"https:\/\/fra.europa.eu\/en\/eu-charter\/article\/3-right-integrity-person\" target=\"_blank\" rel=\"noopener\"><span style=\"font-weight: 400\">Artyku\u0142 3<\/span><\/a> <span style=\"font-weight: 400\">Karty Praw Podstawowych gwarantuje prawo do integralno\u015bci fizycznej.<\/span> <a href=\"https:\/\/equineteurope.org\/wp-content\/uploads\/2025\/10\/EU-202-2030-Gender-Equality-Strategy-Consultation.pdf\" target=\"_blank\" rel=\"noopener\"><span style=\"font-weight: 400\">Strategia UE na rzecz r\u00f3wno\u015bci p\u0142ci na lata 2026\u20132030<\/span><\/a> <span style=\"font-weight: 400\">zosta\u0142a opracowana w celu przyspieszenia dzia\u0142a\u0144 na rzecz praw kobiet.<\/span><\/p>\n<p> <span style=\"font-weight: 400\">Jednak<\/span> <a href=\"https:\/\/equineteurope.org\/wp-content\/uploads\/2025\/10\/EU-202-2030-Gender-Equality-Strategy-Consultation.pdf\" target=\"_blank\" rel=\"noopener\"><span style=\"font-weight: 400\">sama Strategia<\/span><\/a> <span style=\"font-weight: 400\">uznaje<\/span> <i><span style=\"font-weight: 400\">\u201ebariery w dost\u0119pie do antykoncepcji i ograniczenia dotycz\u0105ce bezpiecznej, legalnej aborcji, nawet w niekt\u00f3rych pa\u0144stwach cz\u0142onkowskich UE\u201d.<\/span><\/i> <span style=\"font-weight: 400\">W jej granicach<\/span> <a href=\"https:\/\/secure.avaaz.org\/campaign\/en\/my_voice_my_choice_1_0\/?fpla\" target=\"_blank\" rel=\"noopener\"><span style=\"font-weight: 400\">miliony kobiet<\/span><\/a> <span style=\"font-weight: 400\">s\u0105 pozbawione prawa do decydowania o tym, co dzieje si\u0119 z ich cia\u0142em.<\/span><\/p>\n<p> <span style=\"font-weight: 400\">Chocia\u017c prawo dotycz\u0105ce aborcji pozostaje w du\u017cej mierze w gestii poszczeg\u00f3lnych pa\u0144stw cz\u0142onkowskich, UE mo\u017ce wywiera\u0107 presj\u0119 polityczn\u0105 i wyznacza\u0107 standardy r\u00f3wno\u015bci. Nadal jednak istnieje napi\u0119cie mi\u0119dzy krajowym prawem karnym a wsp\u00f3lnymi warto\u015bciami europejskimi, kt\u00f3re stanowi\u0105 podstaw\u0119 obecnej debaty.<\/span><\/p>\n<p><span style=\"font-weight: 400\">Patrz\u0105c na szerszy obraz, np. bior\u0105c pod uwag\u0119 mi\u0119dzynarodowe standardy zdrowia i praw cz\u0142owieka, aborcj\u0119 traktuj\u0105 przede wszystkim jako<\/span> <a href=\"https:\/\/www.amnesty.org\/en\/what-we-do\/sexual-and-reproductive-rights\/abortion-facts\/\" target=\"_blank\" rel=\"noopener\"><span style=\"font-weight: 400\">opiek\u0119 zdrowotn\u0105 i autonomi\u0119 cia\u0142a<\/span><\/a> <span style=\"font-weight: 400\">, a nie zab\u00f3jstwo.<\/span><\/p>\n<p> <span style=\"font-weight: 400\">\u015awiatowa<\/span><a href=\"https:\/\/www.who.int\/news-room\/fact-sheets\/detail\/abortion\" target=\"_blank\" rel=\"noopener\"><span style=\"font-weight: 400\">Organizacja Zdrowia<\/span><\/a> <span style=\"font-weight: 400\">traktuje aborcj\u0119 jako konieczny element opieki nad zdrowiem seksualnym i reprodukcyjnym i<\/span> <a href=\"https:\/\/srhr.org\/abortioncare\/chapter-2\/recommendations-relating-to-regulation-of-abortion-2-2\/law-policy-recommendation-3-gestational-age-limits-2-2-3\/\" target=\"_blank\" rel=\"noopener\"><span style=\"font-weight: 400\">odradza<\/span><\/a> <span style=\"font-weight: 400\">wprowadzanie przepis\u00f3w zakazuj\u0105cych aborcji wy\u0142\u0105cznie ze wzgl\u0119du na<\/span> <a href=\"https:\/\/ec.europa.eu\/eurostat\/statistics-explained\/SEPDF\/cache\/7754.pdf\" target=\"_blank\" rel=\"noopener\"><span style=\"font-weight: 400\">wiek ci\u0105\u017cowy<\/span><\/a> <span style=\"font-weight: 400\">, poniewa\u017c takie ograniczenia op\u00f3\u017aniaj\u0105 dost\u0119p do aborcji i zwi\u0119kszaj\u0105 szkody zamiast \u201echroni\u0107 \u017cycie\u201d.<\/span><\/p>\n<p> <span style=\"font-weight: 400\">Podobnie<\/span> organy traktatowe Organizacji <a href=\"https:\/\/www.un.org\/development\/desa\/pd\/sites\/www.un.org.development.desa.pd\/files\/undesa_pd_2017_abortion_laws_policies_country_profiles.pdf\" target=\"_blank\" rel=\"noopener\"><span style=\"font-weight: 400\">Narod\u00f3w Zjednoczonych,<\/span><\/a> <span style=\"font-weight: 400\">takie jak<\/span> <a href=\"https:\/\/www.who.int\/publications\/i\/item\/9789240039483\" target=\"_blank\" rel=\"noopener\"><span style=\"font-weight: 400\">Komitet Praw Cz\u0142owieka<\/span><\/a> <span style=\"font-weight: 400\">, ostrzegaj\u0105 przed kryminalizacj\u0105 os\u00f3b, kt\u00f3re przerwa\u0142y ci\u0105\u017c\u0119, i podkre\u015blaj\u0105, \u017ce obowi\u0105zkiem kraju jest ochrona \u017cycia i zdrowia kobiet, aby zapobiec cierpieniu spowodowanemu przymusow\u0105 kontynuacj\u0105 ci\u0105\u017cy.<\/span><\/p>\n<p> <span style=\"font-weight: 400\">Jednocze\u015bnie WHO uznaje, \u017ce rodzaj opieki i poziom wsparcia cz\u0119sto zmieniaj\u0105 si\u0119 wraz z wiekiem ci\u0105\u017cowym. Na przyk\u0142ad WHO zauwa\u017ca, \u017ce \u200b\u200bsamodzielna aborcja farmakologiczna mo\u017ce by\u0107 bezpieczna i skuteczna w przypadku ci\u0105\u017cy<\/span> <a href=\"https:\/\/cdn.who.int\/media\/docs\/default-source\/reproductive-health\/abortion\/summary-chart-medical-management-abortion.pdf?sfvrsn=c735d28a_3\" target=\"_blank\" rel=\"noopener\"><span style=\"font-weight: 400\">przed 12. tygodniem<\/span><\/a> <span style=\"font-weight: 400\">, z dost\u0119pem do rzetelnych informacji i wsparcia w razie potrzeby.<\/span><\/p>\n<p> <span style=\"font-weight: 400\">M\u00f3wi\u0105c pro\u015bciej, wszystkie te organizacje mi\u0119dzynarodowe rozumiej\u0105, \u017ce rozwi\u0105zaniem nie powinno by\u0107 \u201ekaranie\u201d kobiet, lecz zapewnienie wszystkim kobietom dost\u0119pu do bezpiecznej opieki medycznej, godno\u015bci i mo\u017cliwo\u015bci wyboru, zw\u0142aszcza gdy s\u0105 ograniczane i zmuszane do dokonania aborcji przy u\u017cyciu niebezpiecznych metod.<\/span><\/p>\n<p><span style=\"font-weight: 400\">Mimo wyra\u017anego mi\u0119dzynarodowego konsensusu w sprawie aborcji jako elementu opieki zdrowotnej, Polska i Malta pozostaj\u0105 w UE w tej kwestii wyj\u0105tkami. Dlaczego? C\u00f3\u017c, oba kraje, na przyk\u0142ad, je\u015bli chodzi o religi\u0119; \u0142\u0105czy je silna wi\u0119\u017a z wiar\u0105 katolick\u0105 \u2013<\/span> <a href=\"https:\/\/timesofmalta.com\/article\/90-caucasian-83-roman-catholic-malta-census-statistics-released.1014045\" target=\"_blank\" rel=\"noopener\"><span style=\"font-weight: 400\">83%<\/span><\/a> <span style=\"font-weight: 400\">Malta\u0144czyk\u00f3w i<\/span> <a href=\"https:\/\/oko.press\/spis-powszechny-katolicy\" target=\"_blank\" rel=\"noopener\"><span style=\"font-weight: 400\">71%<\/span><\/a> <span style=\"font-weight: 400\">Polak\u00f3w deklaruje si\u0119 jako katolicy.<\/span><\/p>\n<p> <span style=\"font-weight: 400\">Ta wi\u0119\u017a mi\u0119dzy lud\u017ami a Ko\u015bcio\u0142em kszta\u0142tuje do dzi\u015b zar\u00f3wno polskie, jak i malta\u0144skie spo\u0142ecze\u0144stwa, szczeg\u00f3lnie w odniesieniu do warto\u015bci prorodzinnych, kt\u00f3re wp\u0142ywaj\u0105 na opinie obywateli na temat aborcji. Pomimo aktywnych ruch\u00f3w pro-choice, wi\u0119kszo\u015b\u0107 tych spo\u0142ecze\u0144stw pozostaje sceptyczna. Prawie<\/span> <a href=\"https:\/\/www.maltatoday.com.mt\/news\/data_and_surveys\/118089\/maltatoday_survey_malta_anti_abortion_nation_but_opinion_is_shifting\" target=\"_blank\" rel=\"noopener\"><span style=\"font-weight: 400\">62%<\/span><\/a> <span style=\"font-weight: 400\">Malta\u0144czyk\u00f3w i<\/span> <a href=\"https:\/\/cbos.pl\/SPISKOM.POL\/2024\/K_020_24.PDF\" target=\"_blank\" rel=\"noopener\"><span style=\"font-weight: 400\">63%<\/span><\/a> <span style=\"font-weight: 400\">Polak\u00f3w sprzeciwia si\u0119 pe\u0142nej liberalizacji prawa aborcyjnego.<\/span><\/p>\n<p> <span style=\"font-weight: 400\">Mimo podobnych postaw, sytuacja prawna Polek wydaje si\u0119 do\u015b\u0107 korzystna. \u017badne prawo nie penalizuje bezpo\u015brednio aborcji farmakologicznej.<\/span><\/p>\n<p> <span style=\"font-weight: 400\">Cho\u0107 tabletek poronnych nie mo\u017cna kupi\u0107 w lokalnej aptece, mo\u017cna je zam\u00f3wi\u0107 za granic\u0105 za po\u015brednictwem sieci aktywist\u00f3w, takich jak<\/span> <a href=\"https:\/\/womenhelp.org\/\" target=\"_blank\" rel=\"noopener\"><span style=\"font-weight: 400\">WomenHelpWomen<\/span><\/a> <span style=\"font-weight: 400\">czy pierwszej w Polsce Kliniki Aborcyjnej \u2013<\/span> <a href=\"https:\/\/abotak.org\/\" target=\"_blank\" rel=\"noopener\"><span style=\"font-weight: 400\">Abotak<\/span><\/a> <span style=\"font-weight: 400\">.<\/span><\/p>\n<p> <span style=\"font-weight: 400\">Jednak\u017ce celowe i bezpo\u015brednie pomaganie w dokonaniu aborcji jest nielegalne, co oznacza, \u017ce \u200b\u200bzam\u00f3wienie pigu\u0142ek dla przyjaci\u00f3\u0142ki pod swoim nazwiskiem grozi kar\u0105 do<\/span> <a href=\"https:\/\/sip.lex.pl\/akty-prawne\/dzu-dziennik-ustaw\/kodeks-karny-16798683\/art-152\" target=\"_blank\" rel=\"noopener\"><span style=\"font-weight: 400\">trzech lat wi\u0119zienia<\/span><\/a> <span style=\"font-weight: 400\">.<\/span><\/p>\n<p> <span style=\"font-weight: 400\">Natomiast na Malcie aborcja pozostaje nielegalna w wi\u0119kszo\u015bci przypadk\u00f3w, z nielicznymi wyj\u0105tkami,<\/span> <a href=\"https:\/\/www.amnesty.org\/en\/location\/europe-and-central-asia\/western-central-and-south-eastern-europe\/malta\/report-malta\/\" target=\"_blank\" rel=\"noopener\"><span style=\"font-weight: 400\">jedynie w przypadku zagro\u017cenia \u017cycia lub zdrowia pacjentki oraz przed osi\u0105gni\u0119ciem \u201e\u017cywotno\u015bci p\u0142odu\u201d<\/span><\/a> <span style=\"font-weight: 400\">. Zgodnie z malta\u0144skim kodeksem karnym,<\/span> <i><span style=\"font-weight: 400\">spowodowanie poronienia lub wyra\u017cenie zgody na u\u017cycie \u015brodka, za pomoc\u0105 kt\u00f3rego dosz\u0142o do poronienia,<\/span><\/i> <span style=\"font-weight: 400\">podlega karze do<\/span> <a href=\"https:\/\/www.safeabortionmalta.com\/#:~:text=in%20the%20EU.-,%E2%80%8B,twenty%20five%20years%20at%20least.\" target=\"_blank\" rel=\"noopener\"><span style=\"font-weight: 400\">trzech lat wi\u0119zienia<\/span><\/a> <span style=\"font-weight: 400\">. Wraz ze wzrostem koszt\u00f3w podr\u00f3\u017cy za granic\u0119 w celu przeprowadzenia aborcji (<\/span> <a href=\"https:\/\/www.amphora.media\/2025\/04\/alone-constant-fear-of-being-caught-over-2000-self-managed-abortions-in-malta-in-last-five-years-despite-near-blanket-ban\" target=\"_blank\" rel=\"noopener\"><span style=\"font-weight: 400\">od 2000 do 3000 euro<\/span><\/a> <span style=\"font-weight: 400\">), liczba samodzielnie przeprowadzanych aborcji farmakologicznych na Malcie<\/span> <a href=\"https:\/\/www.amphora.media\/2025\/04\/alone-constant-fear-of-being-caught-over-2000-self-managed-abortions-in-malta-in-last-five-years-despite-near-blanket-ban\" target=\"_blank\" rel=\"noopener\"><span style=\"font-weight: 400\">podwoi\u0142a si\u0119<\/span><\/a> <span style=\"font-weight: 400\">w latach 2020\u20132024.<\/span><\/p>\n<\/p>\n<p><span style=\"font-weight: 400\">Cho\u0107 oba kraje maj\u0105 wsp\u00f3lne podstawy, r\u00f3\u017cni\u0105 si\u0119 znacz\u0105co pod wzgl\u0119dem rozwoju przepis\u00f3w dotycz\u0105cych aborcji i sposobu, w jaki ta kwestia jest publicznie omawiana.<\/span> <span style=\"font-weight: 400\">Pierwsza r\u00f3\u017cnica le\u017cy w historii prawa. W<\/span> <a href=\"https:\/\/pubmed.ncbi.nlm.nih.gov\/1777450\/\" target=\"_blank\" rel=\"noopener\"><span style=\"font-weight: 400\">Polsce,<\/span><\/a> <span style=\"font-weight: 400\">w okresie komunizmu (lata 50. XX wieku \u2013 1989), aborcja by\u0142a legalna i powszechnie dost\u0119pna. Na Malcie jednak historycznie obowi\u0105zywa\u0142 zakaz aborcji, co czyni j\u0105 jednym z najsurowszych system\u00f3w prawnych w Europie.<\/span><\/p>\n<p> <span style=\"font-weight: 400\">Kolejna r\u00f3\u017cnica dotyczy widoczno\u015bci w mediach i dyskursu publicznego. Na<\/span> <span style=\"font-weight: 400\">Malcie aborcja sta\u0142a si\u0119 wa\u017cnym tematem debaty publicznej w programach telewizyjnych, takich jak<\/span> <a href=\"https:\/\/youtu.be\/44ZEsl8O3UI?feature=shared\" target=\"_blank\" rel=\"noopener\"><span style=\"font-weight: 400\">\u201ePopolin\u201d<\/span><\/a> <span style=\"font-weight: 400\">, w relacjach prasowych oraz w mediach spo\u0142eczno\u015bciowych, w tym<\/span> <a href=\"https:\/\/lovinmalta.com\/lifestyle\/health\/reproductive-health\/maltese-activists-urge-eu-to-back-my-voice-my-choice-abortion-proposal\/\" target=\"_blank\" rel=\"noopener\"><span style=\"font-weight: 400\">\u201eLovin Malta\u201d<\/span><\/a> <span style=\"font-weight: 400\">i<\/span> <a href=\"https:\/\/youtu.be\/cW8_UlWfixA?si=rOY3wXHkP-sn3xx3\" target=\"_blank\" rel=\"noopener\"><span style=\"font-weight: 400\">\u201eFreehour\u201d<\/span><\/a> <span style=\"font-weight: 400\">.<\/span><\/p>\n<p> <span style=\"font-weight: 400\">Niedawno KSU (Kunsill Studenti Universitarji) opublikowa\u0142 wyniki swojego badania dotycz\u0105cego aborcji, z kt\u00f3rych wynika, \u017ce \u200b\u200bwi\u0119kszo\u015b\u0107 uczestnicz\u0105cych w nim student\u00f3w sprzeciwia si\u0119 legalizacji aborcji \u2013 oko\u0142o 58% jest przeciw, a oko\u0142o 42% jest za. To pokazuje, jaki jest punkt widzenia student\u00f3w uniwersytetu na temat aborcji.<\/span><\/p>\n<p> <span style=\"font-weight: 400\">Nale\u017cy jednak pami\u0119ta\u0107, \u017ce niezale\u017cnie od post\u0119pu, cenzura nadal istnieje; dyskusje by\u0142y niekiedy blokowane, m.in. na Uniwersytecie<\/span> <a href=\"https:\/\/www.maltatoday.com.mt\/news\/national\/131507\/ksu_removes_moviment_graffitti_freshers_stand_due_to_prochoice_material\" target=\"_blank\" rel=\"noopener\"><span style=\"font-weight: 400\">Malty.<\/span><\/a><\/p>\n<p> <span style=\"font-weight: 400\">W Polsce aborcja jest szeroko dyskutowana, ale silnie spolaryzowana ze wzgl\u0119du na niedawne wstrz\u0105sy prawne. Na przyk\u0142ad, w 2020 roku<\/span> <a href=\"https:\/\/www.theguardian.com\/world\/2020\/oct\/22\/poland-rules-abortion-due-to-foetal-defects-unconstitutional\" target=\"_blank\" rel=\"noopener\"><span style=\"font-weight: 400\">Trybuna\u0142 Konstytucyjny<\/span><\/a> <span style=\"font-weight: 400\">orzek\u0142 o dalszym ograniczeniu aborcji poprzez wprowadzenie zakazu w wi\u0119kszo\u015bci przypadk\u00f3w dotycz\u0105cych nieprawid\u0142owo\u015bci p\u0142odu. Doprowadzi\u0142o to do masowych protest\u00f3w w ca\u0142ym kraju, organizowanych przez ruchy takie jak Og\u00f3lnopolski Strajk Kobiet.<\/span> <a href=\"https:\/\/www.theguardian.com\/world\/2020\/oct\/22\/poland-rules-abortion-due-to-foetal-defects-unconstitutional\" target=\"_blank\" rel=\"noopener\"><span style=\"font-weight: 400\">\u00a0<\/span><\/a><\/p>\n<p><span style=\"font-weight: 400\">Podczas lockdown\u00f3w zwi\u0105zanych z COVID-19 polscy studenci wykorzystywali zaj\u0119cia online jako przestrze\u0144 symbolicznego protestu, zmieniaj\u0105c swoje zdj\u0119cia profilowe na czerwon\u0105 b\u0142yskawic\u0119<\/span> <a href=\"https:\/\/strajkkobiet.eu\/\" target=\"_blank\" rel=\"noopener\"><span style=\"font-weight: 400\">Strajku Kobiet<\/span><\/a> <span style=\"font-weight: 400\">(Polski Strajk Kobiet) po orzeczeniu w sprawie aborcji w 2020 roku. W jednym z przypadk\u00f3w<\/span> <a href=\"https:\/\/bip.brpo.gov.pl\/pl\/content\/rpo-profesorka-przerwala-wyklad-z-powodu-symbolu-strajku-kobiet\" target=\"_blank\" rel=\"noopener\"><span style=\"font-weight: 400\">na Uniwersytecie \u015al\u0105skim<\/span><\/a> <span style=\"font-weight: 400\">profesor przerwa\u0142 wyk\u0142ad, poniewa\u017c studentka pokaza\u0142a ten symbol. \u015awiadczy to o napi\u0119ciach mi\u0119dzy instytucjami akademickimi a wolno\u015bci\u0105 wypowiedzi studentek.<\/span><\/p>\n<p> <span style=\"font-weight: 400\">Trzecim czynnikiem jest skala. Niewielka populacja Malty i z\u017cyta spo\u0142eczno\u015b\u0107 sprawiaj\u0105, \u017ce dra\u017cliwe tematy szybko rozprzestrzeniaj\u0105 si\u0119 poczt\u0105 pantoflow\u0105 i w mediach. Z kolei wi\u0119ksza populacja i rozmiar geograficzny Polski sprawiaj\u0105, \u017ce opinie i aktywizm s\u0105 bardzo zr\u00f3\u017cnicowane w poszczeg\u00f3lnych regionach.<\/span><\/p>\n<blockquote>\n<p><em><span style=\"font-weight: 400\">\u201eDziecko wa\u017cy 485 g. Na razie, z powodu ustawy aborcyjnej, musz\u0119 le\u017ce\u0107 i nic nie mog\u0105 zrobi\u0107. Poczekaj\u0105, a\u017c umrze albo co\u015b si\u0119 zacznie, a je\u015bli nie, mog\u0119 spodziewa\u0107 si\u0119 sepsy\u201d. \u2013<\/span> <span style=\"font-weight: 400\">30-letnia Izabela<\/span><\/em><\/p>\n<\/blockquote>\n<p> <span style=\"font-weight: 400\">Niestety, nawet w nielicznych przypadkach, w kt\u00f3rych aborcja powinna zosta\u0107 przeprowadzona, nie zawsze jest to mo\u017cliwe.<\/span> <span style=\"font-weight: 400\">To by\u0142y jedne z ostatnich s\u0142\u00f3w<\/span> <a href=\"https:\/\/www.medonet.pl\/biznes-system-i-zdrowie\/trendy-w-ochronie-zdrowia,blagala-o-pomoc--tragiczna-smierc-ciezarnej-izabeli-z-pszczyny--lekarze-skazani,artykul,28021791.html\" target=\"_blank\" rel=\"noopener\"><span style=\"font-weight: 400\">30-letniej Izabeli<\/span><\/a> <span style=\"font-weight: 400\">, przyj\u0119tej do lokalnego szpitala w Pszczynie. Zmar\u0142a, zostawiaj\u0105c c\u00f3rk\u0119 bez matki.<\/span><\/p>\n<p> <a href=\"https:\/\/www.medonet.pl\/biznes-system-i-zdrowie\/trendy-w-ochronie-zdrowia,blagala-o-pomoc--tragiczna-smierc-ciezarnej-izabeli-z-pszczyny--lekarze-skazani,artykul,28021791.html\" target=\"_blank\" rel=\"noopener\"><span style=\"font-weight: 400\">Izabela<\/span><\/a> <span style=\"font-weight: 400\">jasno stwierdzi\u0142a, \u017ce \u200b\u200bchce \u017cy\u0107 i \u017ce ma dla kogo \u017cy\u0107. Mimo objaw\u00f3w, powiedziano jej jedynie, \u017ce musi czeka\u0107, poniewa\u017c serce p\u0142odu wci\u0105\u017c bije. W ko\u0144cu kontakt z ni\u0105 zosta\u0142 utracony. W szpitalu podano jej ju\u017c silne \u015brodki uspokajaj\u0105ce i nie by\u0142a w stanie m\u00f3wi\u0107, dzia\u0142a\u0107 ani prosi\u0107 o pomoc. Nie mogli\u015bmy interweniowa\u0107, poniewa\u017c byli\u015bmy ca\u0142kowicie odci\u0119ci zar\u00f3wno od informacji, jak i od niej.<\/span><\/p>\n<p> <span style=\"font-weight: 400\">\u015amier\u0107 Izabeli<\/span> <a href=\"https:\/\/time.com\/6320172\/poland-abortion-laws-maternal-health-care\/\" target=\"_blank\" rel=\"noopener\"><span style=\"font-weight: 400\">nie by\u0142a jedyn\u0105<\/span><\/a> <span style=\"font-weight: 400\">przyczyn\u0105 wprowadzenia nowych ogranicze\u0144, kt\u00f3re wywo\u0142a\u0142y protesty w ca\u0142ym kraju. W 2024 roku prawo zosta\u0142o doprecyzowane przez minister zdrowia Izabel\u0119 Leszczyn\u0119, kt\u00f3ra wprowadzi\u0142a dodatkowy przepis zezwalaj\u0105cy na przerwanie ci\u0105\u017cy w przypadku zagro\u017cenia \u017cycia lub zdrowia matki, w tym jej stanu psychicznego.<\/span><\/p>\n<p> <strong>W chwili, gdy piszemy ten artyku\u0142, stawk\u0105 jest \u017cycie innej kobiety.<\/strong><\/p>\n<p> <span style=\"font-weight: 400\">Lela, Gruzinka mieszkaj\u0105ca w Polsce, od grudnia 2025 r. regularnie przebywa w Wojew\u00f3dzkim Szpitalu Specjalistycznym w Olsztynie.<\/span><\/p>\n<p> <span style=\"font-weight: 400\">Od pocz\u0105tku ci\u0105\u017cy Lela cierpia\u0142a na silne objawy somatyczne. Obecnie jest w 15. tygodniu ci\u0105\u017cy, a jej stan sta\u0142 si\u0119 krytyczny pod koniec lutego. Z powodu przewlek\u0142ego stanu zapalnego i owrzodzenia prze\u0142yku Lela zacz\u0119\u0142a wymiotowa\u0107 krwi\u0105. Lekarze odstawili jej leki ze wzgl\u0119du na ci\u0105\u017c\u0119.<\/span><\/p>\n<blockquote>\n<p style=\"text-align: center\"> <a href=\"https:\/\/oko.press\/lela-czeka-na-aborcje\" target=\"_blank\" rel=\"noopener\"><i><span style=\"font-weight: 400\">Mam m\u0119\u017ca.<\/span><\/i><\/a><\/p>\n<p style=\"text-align: center\"> <a href=\"https:\/\/oko.press\/lela-czeka-na-aborcje\" target=\"_blank\" rel=\"noopener\"><i><span style=\"font-weight: 400\">Mam dzieci.<\/span><\/i><\/a><\/p>\n<p style=\"text-align: center\"> <a href=\"https:\/\/oko.press\/lela-czeka-na-aborcje\" target=\"_blank\" rel=\"noopener\"><i><span style=\"font-weight: 400\">Mam ludzi, dla kt\u00f3rych warto \u017cy\u0107.<\/span><\/i><\/a><\/p>\n<\/blockquote>\n<p> <span style=\"font-weight: 400\">Wed\u0142ug aktywistek Fundacji<\/span> <a href=\"https:\/\/www.google.com\/search?q=polish+feminist+grouo+full+name+FEDERA&amp;rlz=1C1GCEA_enMT1094MT1094&amp;oq=polish+feminist+grouo+full+name+FEDERA&amp;gs_lcrp=EgZjaHJvbWUyBggAEEUYOTIJCAEQIRgKGKABMgkIAhAhGAoYoAEyBwgDECEYjwIyBwgEECEYjwIyBwgFECEYjwLSAQg1ODg5ajBqN6gCALACAA&amp;sourceid=chrome&amp;ie=UTF-8#:~:text=FEDERA%20is%20the-,Foundation%20for%20Women%20and%20Family%20Planning,-(formerly%20the%20Federation\" target=\"_blank\" rel=\"noopener\"><span style=\"font-weight: 400\">na rzecz Kobiet i Planowania Rodziny<\/span><\/a> <span style=\"font-weight: 400\">(FEDERA), polskiej organizacji feministycznej, Lela przez co najmniej miesi\u0105c wielokrotnie zg\u0142asza\u0142a w szpitalu ch\u0119\u0107 przerwania ci\u0105\u017cy z powodu powa\u017cnych problem\u00f3w zdrowotnych, co jest zgodne z polskim prawem. Wys\u0142a\u0142a do szpitala oficjalny wniosek \u2013 zar\u00f3wno po polsku, jak i po gruzi\u0144sku \u2013 z pro\u015bb\u0105 o legaln\u0105 aborcj\u0119.<\/span><\/p>\n<p> <span style=\"font-weight: 400\">Pomimo wysi\u0142k\u00f3w aktywist\u00f3w, szpital nadal odmawia wykonania zabiegu, mimo \u017ce stan pacjentki si\u0119 pogarsza. Lela jest os\u0142abiona, nie mo\u017ce chodzi\u0107 ani samodzielnie je\u015b\u0107 i ci\u0105gle wymiotuje krwi\u0105.<\/span><\/p>\n<p><span style=\"font-weight: 400\">Historie takie jak Izabeli i Leli nie pozosta\u0142y bez odpowiedzi.<\/span> <span style=\"font-weight: 400\">Europejska<\/span> <a href=\"https:\/\/citizens-initiative.europa.eu\/_en\" target=\"_blank\" rel=\"noopener\"><span style=\"font-weight: 400\">Inicjatywa Obywatelska<\/span><\/a> <span style=\"font-weight: 400\">(EIO) \u201e<\/span> <a href=\"https:\/\/citizens-initiative.europa.eu\/my-voice-my-choice-safe-and-accessible-abortion_en\" target=\"_blank\" rel=\"noopener\"><span style=\"font-weight: 400\">M\u00f3j G\u0142os, M\u00f3j Wyb\u00f3r\u201d<\/span><\/a> <span style=\"font-weight: 400\">zjednoczy\u0142a ponad 14 kraj\u00f3w i 300 organizacji z ca\u0142ej UE, zbieraj\u0105c ponad 1,2 miliona podpis\u00f3w pod apelem do UE o zapewnienie bezpiecznej i dost\u0119pnej aborcji wszystkim obywatelom Europy. W ramach kampanii domagano si\u0119, aby UE stworzy\u0142a mechanizm finansowy, kt\u00f3ry pom\u00f3g\u0142by pa\u0144stwom cz\u0142onkowskim w dobrowolnym zapewnieniu bezpiecznej aborcji osobom, kt\u00f3re nie maj\u0105 do niej dost\u0119pu.<\/span><\/p>\n<p> <span style=\"font-weight: 400\">17 grudnia 2025 roku rezolucja<\/span> <a href=\"https:\/\/oeil.europarl.europa.eu\/oeil\/en\/document-summary?id=1880954\" target=\"_blank\" rel=\"noopener\"><span style=\"font-weight: 400\">Parlamentu Europejskiego<\/span><\/a> <span style=\"font-weight: 400\">zosta\u0142a przyj\u0119ta 358 g\u0142osami za, 202 przeciw i 79 wstrzymuj\u0105cymi si\u0119.<\/span> <span style=\"font-weight: 400\">Polscy pos\u0142owie do Parlamentu Europejskiego w wi\u0119kszo\u015bci g\u0142osowali<\/span> <a href=\"https:\/\/howtheyvote.eu\/votes\/182767\" target=\"_blank\" rel=\"noopener\"><span style=\"font-weight: 400\">za<\/span><\/a> <span style=\"font-weight: 400\">. Na przyk\u0142ad Robert Biedro\u0144 (S&amp;D) i Bartosz Ar\u0142ukowicz (EPP) poparli j\u0105, cho\u0107 niekt\u00f3rzy, jak Adam Bielan (ECR), g\u0142osowali przeciw.<\/span><\/p>\n<p> <span style=\"font-weight: 400\">Jednak wszyscy malta\u0144scy pos\u0142owie do Parlamentu Europejskiego g\u0142osowali przeciw lub wstrzymali si\u0119 od g\u0142osu, co stanowi istotn\u0105 r\u00f3\u017cnic\u0119 w por\u00f3wnaniu z Polsk\u0105, gdzie przynajmniej niekt\u00f3rzy pos\u0142owie poparli t\u0119 inicjatyw\u0119, pomimo restrykcyjnego stanowiska obu kraj\u00f3w w sprawie aborcji.<\/span> <span style=\"font-weight: 400\">Niedawno<\/span> <a href=\"https:\/\/www.bbc.com\/news\/articles\/cvgv92p6qzqo\" target=\"_blank\" rel=\"noopener\"><span style=\"font-weight: 400\">Komisja Europejska<\/span><\/a> <span style=\"font-weight: 400\">przyj\u0119\u0142a odpowied\u017a na Europejsk\u0105 Inicjatyw\u0119 Obywatelsk\u0105, zauwa\u017caj\u0105c, \u017ce w UE ka\u017cdego roku przeprowadza si\u0119 prawie 500 000 niebezpiecznych aborcji.<\/span><\/p>\n<p> <span style=\"font-weight: 400\">Komisarz UE ds. r\u00f3wno\u015bci,<\/span> <a href=\"https:\/\/www.facebook.com\/eudebates.tv\/videos\/my-voice-my-choice-europe-has-acted-hadja-lahbib-announces-eu-funding-path-for-w\/1443303873854816\/\" target=\"_blank\" rel=\"noopener\"><span style=\"font-weight: 400\">Hadja Lahbib<\/span><\/a> <span style=\"font-weight: 400\">, stwierdzi\u0142a, \u017ce<\/span> <em>\u200b\u200b\u201ebezpiecze\u0144stwo i wolno\u015b\u0107 nigdy nie powinny zale\u017ce\u0107 od kodu pocztowego i dochod\u00f3w\u201d.<\/em> <span style=\"font-weight: 400\">Co to oznacza dla kobiet mieszkaj\u0105cych na Malcie i w Polsce? Dzi\u0119ki tej inicjatywie kobiety uzyskaj\u0105 dost\u0119p do bezp\u0142atnego zakwaterowania i podr\u00f3\u017cy, aby podda\u0107 si\u0119 bezpiecznej i legalnej aborcji w innym pa\u0144stwie cz\u0142onkowskim.<\/span><\/p>\n<p> <span style=\"font-weight: 400\">Podsumowuj\u0105c, post\u0119py s\u0105 widoczne.<\/span> Inicjatywa <a href=\"https:\/\/citizens-initiative.europa.eu\/my-voice-my-choice-safe-and-accessible-abortion_en\" target=\"_blank\" rel=\"noopener\"><span style=\"font-weight: 400\">\u201eM\u00f3j G\u0142os, M\u00f3j Wyb\u00f3r\u201d<\/span><\/a> <span style=\"font-weight: 400\">oferuje ratunek, obiecuj\u0105c wsparcie finansowe dla kobiet zmuszonych do wyjazdu za granic\u0119 w celu uzyskania bezpiecznej i legalnej opieki. Po raz pierwszy UE uzna\u0142a, \u017ce \u200b\u200bdost\u0119p do aborcji nie powinien zale\u017ce\u0107 od miejsca zamieszkania.<\/span><\/p>\n<p> <span style=\"font-weight: 400\">Mimo to w obu krajach wci\u0105\u017c istnieje pi\u0119tno, a otwarte m\u00f3wienie o aborcji wci\u0105\u017c wi\u0105\u017ce si\u0119 z os\u0105dem i wstydem. Od kobiet oczekuje si\u0119, \u017ce b\u0119d\u0105 cierpie\u0107 w milczeniu, a te, kt\u00f3re prze\u0142ami\u0105 to milczenie, ryzykuj\u0105 wykluczenie spo\u0142eczne.<\/span> <span style=\"font-weight: 400\">Dzi\u015b, w Mi\u0119dzynarodowym Dniu Kobiet, miliony kobiet w UE wci\u0105\u017c nie mog\u0105 podejmowa\u0107 decyzji dotycz\u0105cych w\u0142asnego cia\u0142a bez obawy przed prze\u015bladowaniem, ub\u00f3stwem czy publicznym pot\u0119pieniem.<\/span><\/p>\n<p> <strong><em>R\u00f3wno\u015b\u0107 pozostaje fundamentaln\u0105 warto\u015bci\u0105 europejsk\u0105. Czas, by sta\u0142a si\u0119 rzeczywisto\u015bci\u0105.<\/em><\/strong><\/p><\/p>\n","protected":false},"excerpt":{"rendered":"<p>Gdyby spojrze\u0107 na Uni\u0119 Europejsk\u0105 jako ca\u0142o\u015b\u0107, mo\u017cna by pomy\u015ble\u0107, \u017ce prawa kobiet stoj\u0105 na czele warto\u015bci europejskich , a konkretnieprawo do aborcji. W ko\u0144cu r\u00f3wno\u015b\u0107 kobiet i m\u0119\u017cczyzn jest jedn\u0105 z zasad za\u0142o\u017cycielskich Unii [&hellip;]<\/p>\n","protected":false},"author":2550,"featured_media":86701,"comment_status":"closed","ping_status":"closed","sticky":false,"template":"","format":"standard","meta":{"_acf_changed":false,"footnotes":""},"categories":[8,21],"tags":[7217,18705,25373,11890,25375,7704,25379,18733,2756,25380,443,25378,856,268,18704,60,101,25377,4239,25376,41,25374,257,3782,805,25372,18706,25371,3560,1546],"post_formats":[655],"coauthors":[22020,25370,6831],"class_list":["post-86918","post","type-post","status-publish","format-standard","has-post-thumbnail","hentry","category-connecting-the-dots","category-current-affairs","tag-malta","tag-abortion-rights","tag-access-to-abortion","tag-activism","tag-bodily-autonomy","tag-civil-society","tag-conservative-backlash","tag-council-of-the-eu","tag-criminalisation","tag-cross-border-influence","tag-democratic-resilience","tag-disinformation-networks","tag-eu-values","tag-european-commission","tag-european-court-of-human-rights","tag-european-parliament","tag-european-union","tag-feminist-movements","tag-gender-equality","tag-healthcare-policy","tag-human-rights","tag-legal-restrictions","tag-poland","tag-protests","tag-public-health","tag-reproductive-healthcare","tag-reproductive-rights","tag-right-to-choose","tag-rule-of-law","tag-womens-rights","post_formats-artykuly"],"acf":[],"_links":{"self":[{"href":"https:\/\/www.pulse-z.eu\/pl\/wp-json\/wp\/v2\/posts\/86918","targetHints":{"allow":["GET"]}}],"collection":[{"href":"https:\/\/www.pulse-z.eu\/pl\/wp-json\/wp\/v2\/posts"}],"about":[{"href":"https:\/\/www.pulse-z.eu\/pl\/wp-json\/wp\/v2\/types\/post"}],"author":[{"embeddable":true,"href":"https:\/\/www.pulse-z.eu\/pl\/wp-json\/wp\/v2\/users\/2550"}],"replies":[{"embeddable":true,"href":"https:\/\/www.pulse-z.eu\/pl\/wp-json\/wp\/v2\/comments?post=86918"}],"version-history":[{"count":8,"href":"https:\/\/www.pulse-z.eu\/pl\/wp-json\/wp\/v2\/posts\/86918\/revisions"}],"predecessor-version":[{"id":87072,"href":"https:\/\/www.pulse-z.eu\/pl\/wp-json\/wp\/v2\/posts\/86918\/revisions\/87072"}],"wp:featuredmedia":[{"embeddable":true,"href":"https:\/\/www.pulse-z.eu\/pl\/wp-json\/wp\/v2\/media\/86701"}],"wp:attachment":[{"href":"https:\/\/www.pulse-z.eu\/pl\/wp-json\/wp\/v2\/media?parent=86918"}],"wp:term":[{"taxonomy":"category","embeddable":true,"href":"https:\/\/www.pulse-z.eu\/pl\/wp-json\/wp\/v2\/categories?post=86918"},{"taxonomy":"post_tag","embeddable":true,"href":"https:\/\/www.pulse-z.eu\/pl\/wp-json\/wp\/v2\/tags?post=86918"},{"taxonomy":"post_formats","embeddable":true,"href":"https:\/\/www.pulse-z.eu\/pl\/wp-json\/wp\/v2\/post_formats?post=86918"},{"taxonomy":"author","embeddable":true,"href":"https:\/\/www.pulse-z.eu\/pl\/wp-json\/wp\/v2\/coauthors?post=86918"}],"curies":[{"name":"wp","href":"https:\/\/api.w.org\/{rel}","templated":true}]}}