{"id":8633,"date":"2025-06-10T08:00:20","date_gmt":"2025-06-10T08:00:20","guid":{"rendered":"https:\/\/www.pulse-z.eu\/from-brexit-to-breakthrough-eu-and-uk-launch-bold-new-era-of-cooperation-2\/"},"modified":"2025-06-13T09:25:58","modified_gmt":"2025-06-13T09:25:58","slug":"od-brexitu-do-przelomu-ue-i-wielka-brytania-rozpoczynaja-smiala-nowa-ere-wspolpracy","status":"publish","type":"post","link":"https:\/\/www.pulse-z.eu\/pl\/od-brexitu-do-przelomu-ue-i-wielka-brytania-rozpoczynaja-smiala-nowa-ere-wspolpracy\/","title":{"rendered":"Od Brexitu do prze\u0142omu: UE i Wielka Brytania rozpoczynaj\u0105 \u015bmia\u0142\u0105 now\u0105 er\u0119 wsp\u00f3\u0142pracy"},"content":{"rendered":"<br \/>\n<h3><b>Punkt zwrotny w stosunkach UE\u2013Wielka Brytania<\/b><\/h3>\n<p> <span style=\"font-weight: 400;\">Szczyt<\/span> <a href=\"https:\/\/www.consilium.europa.eu\/en\/meetings\/international-summit\/2025\/05\/19\/\" target=\"_blank\" rel=\"noopener\"><span style=\"font-weight: 400;\">w Londynie<\/span><\/a> <span style=\"font-weight: 400;\">, kt\u00f3ry odby\u0142 si\u0119 19 maja, oznacza\u0142 prawdopodobnie historyczny moment w stosunkach UE\u2013Wielka Brytania. Przewodnicz\u0105ca Komisji Europejskiej Ursula von der Leyen, przewodnicz\u0105cy Rady Europejskiej Ant\u00f3nio Costa i premier Wielkiej Brytanii Keir Starmer spotkali si\u0119 w stolicy Wielkiej Brytanii, aby og\u0142osi\u0107 now\u0105 er\u0119 wsp\u00f3\u0142pracy.<\/span><\/p>\n<p> <span style=\"font-weight: 400;\">Przyw\u00f3dcy przedstawili zestaw \u015bmia\u0142ych<\/span> <a href=\"https:\/\/www.consilium.europa.eu\/en\/press\/press-releases\/2025\/05\/19\/eu-uk-summit-2025-outcome-documents\/\" target=\"_blank\" rel=\"noopener\"><span style=\"font-weight: 400;\">porozumie\u0144<\/span><\/a> <span style=\"font-weight: 400;\">maj\u0105cych na celu przyniesienie korzy\u015bci obu stronom kana\u0142u La Manche, udowadniaj\u0105c, \u017ce Brexit nie oznacza ko\u0144ca strategicznego partnerstwa.<\/span><\/p>\n<p> Wsp\u00f3\u0142praca w zakresie bezpiecze\u0144stwa i obrony <\/p>\n<p><span style=\"font-weight: 400;\">Jednym z najwa\u017cniejszych rezultat\u00f3w by\u0142o nowe<\/span> <a href=\"https:\/\/www.eeas.europa.eu\/eeas\/security-and-defence-eu-and-uk-conclude-security-and-defence-partnership_en\" target=\"_blank\" rel=\"noopener\"><b>Partnerstwo Bezpiecze\u0144stwa i Obrony<\/b><\/a> . W ramach tego planu Wielka Brytania b\u0119dzie mog\u0142a uczestniczy\u0107 w projektach zam\u00f3wie\u0144 publicznych UE <b>w<\/b> <span style=\"font-weight: 400;\">dziedzinie obronno\u015bci poprzez inicjatyw\u0119 SAFE \u2013 program umo\u017cliwiaj\u0105cy Komisji Europejskiej zebranie do 150 mld euro na wsp\u00f3lne inwestycje w obronno\u015b\u0107.<\/span><\/p>\n<p> <span style=\"font-weight: 400;\">Chocia\u017c Wielka Brytania nie jest ju\u017c cz\u0142onkiem UE, b\u0119dzie mog\u0142a teraz bra\u0107 udzia\u0142 w przetargach i projektach, co pozwoli jej poprawi\u0107 interoperacyjno\u015b\u0107 z europejskimi sojusznikami i obni\u017cy\u0107 koszty w\u0142asnych wydatk\u00f3w na obronno\u015b\u0107.<\/span><\/p>\n<p> <span style=\"font-weight: 400;\">Obie strony zgodzi\u0142y si\u0119 r\u00f3wnie\u017c rozwa\u017cy\u0107 mo\u017cliwo\u015b\u0107 zawarcia specjalnej umowy umo\u017cliwiaj\u0105cej brytyjskim przedsi\u0119biorstwom dost\u0119p do rynku zam\u00f3wie\u0144 publicznych w zakresie obronno\u015bci UE \u2013 posuni\u0119cie to podkre\u015bla zar\u00f3wno otwarto\u015b\u0107 UE, jak i si\u0142\u0119 przemys\u0142ow\u0105 Wielkiej Brytanii.<\/span><\/p>\n<p> Zjednoczeni dla Ukrainy <\/p>\n<p><span style=\"font-weight: 400;\">Na konferencji prasowej zamykaj\u0105cej wydarzenie przewodnicz\u0105ca von der Leyen podkre\u015bli\u0142a, \u017ce \u200b\u200bzacie\u015bniona wsp\u00f3\u0142praca w zakresie bezpiecze\u0144stwa wykracza poza formalno\u015bci \u2013 chodzi o konkretne dzia\u0142ania, zw\u0142aszcza w zakresie wsparcia Ukrainy.<\/span><\/p>\n<p> <span style=\"font-weight: 400;\">Partnerstwo UE\u2013Wielka Brytania b\u0119dzie obejmowa\u0107 wsp\u00f3lne zakupy broni dla Ukrainy i inwestycje w krajowy przemys\u0142 obronny.<\/span><\/p>\n<blockquote>\n<p> <span style=\"font-weight: 400;\">\u201eChodzi o prawdziwe mo\u017cliwo\u015bci\u201d \u2013<\/span> <a href=\"https:\/\/newsroom.consilium.europa.eu\/events\/20250519-eu-uk-summit\/148952-2-joint-press-conference-president-von-der-leyen-20250519\" target=\"_blank\" rel=\"noopener\"><span style=\"font-weight: 400;\">powiedzia\u0142a<\/span><\/a> von der Leyen <span style=\"font-weight: 400;\">. \u201eChcemy, aby Ukraina nie tylko przetrwa\u0142a, ale tak\u017ce zbudowa\u0142a d\u0142ugoterminow\u0105 zdolno\u015b\u0107 obronn\u0105. Stoimy zjednoczeni za sprawiedliwym i trwa\u0142ym pokojem opartym na bezwarunkowym zawieszeniu broni\u201d.<\/span><\/p>\n<\/blockquote>\n<p> <span style=\"font-weight: 400;\">Deklaracja ta pojawia si\u0119 w momencie narastaj\u0105cych mi\u0119dzynarodowych apeli o bardziej skoordynowan\u0105 pomoc dla Kijowa \u2013 i stanowi silny sygna\u0142 jedno\u015bci, pomimo napi\u0119\u0107 zwi\u0105zanych z Brexitem.<\/span><\/p>\n<p> Nowe oferty w handlu i rybo\u0142\u00f3wstwie <\/p>\n<p><span style=\"font-weight: 400;\">Opr\u00f3cz obronno\u015bci szczyt przyni\u00f3s\u0142 r\u00f3wnie\u017c kluczowe porozumienia gospodarcze. Jednym z najbardziej znacz\u0105cych jest decyzja o utrzymaniu wzajemnego dost\u0119pu do w\u00f3d rybackich do 2038 r. \u2013 posuni\u0119cie, kt\u00f3re oferuje d\u0142ugoterminow\u0105 stabilno\u015b\u0107 lokalnym spo\u0142eczno\u015bciom rybackim po obu stronach.<\/span><\/p>\n<p> <span style=\"font-weight: 400;\">Kolejnym prze\u0142omem by\u0142o utrzymanie bezc\u0142owego handlu wyrobami stalowymi \u2013 co jest szczeg\u00f3lnie wa\u017cne w obliczu rosn\u0105cych koszt\u00f3w produkcji i waha\u0144 na rynkach.<\/span><\/p>\n<p> <span style=\"font-weight: 400;\">Rozpocz\u0119to r\u00f3wnie\u017c negocjacje dotycz\u0105ce uproszczenia procedur granicznych dla produkt\u00f3w zwierz\u0119cych i ro\u015blinnych. Planowane porozumienie w sprawie \u015brodk\u00f3w sanitarnych i fitosanitarnych (SPS) pomog\u0142oby usun\u0105\u0107 cz\u0119\u015b\u0107 frustruj\u0105cych kontroli celnych, kt\u00f3re obci\u0105\u017ca\u0142y eksporter\u00f3w od czasu Brexitu.<\/span><\/p>\n<p> Energia i klimat: wsp\u00f3lne systemy, wsp\u00f3lne ambicje <\/p>\n<p><span style=\"font-weight: 400;\">Wielka Brytania i UE wyrazi\u0142y r\u00f3wnie\u017c du\u017ce zainteresowanie pog\u0142\u0119bianiem wsp\u00f3\u0142pracy w zakresie polityki energetycznej i klimatycznej. Jeden wielki pomys\u0142 na stole: przyst\u0105pienie Wielkiej Brytanii do rynku energii elektrycznej UE. Mo\u017ce to oznacza\u0107 wi\u0119ksz\u0105 stabilno\u015b\u0107 cen i bezpiecze\u0144stwo energetyczne, zw\u0142aszcza gdy Europa przechodzi na bardziej ekologiczne \u017ar\u00f3d\u0142a.<\/span><\/p>\n<p> <span style=\"font-weight: 400;\">Dyskutowane jest r\u00f3wnie\u017c potencjalne powi\u0105zanie mi\u0119dzy systemami handlu emisjami UE i Wielkiej Brytanii. Je\u015bli zostanie to osi\u0105gni\u0119te, mo\u017ce to otworzy\u0107 drzwi do zwolnie\u0144 z dostosowa\u0144 granicznych dotycz\u0105cych emisji dwutlenku w\u0119gla, u\u0142atwiaj\u0105c bran\u017com zachowanie konkurencyjno\u015bci przy jednoczesnym spe\u0142nianiu cel\u00f3w klimatycznych.<\/span><\/p>\n<p> Erasmus+ powraca: inwestowanie w \u0142\u0105czno\u015b\u0107 z m\u0142odzie\u017c\u0105 <\/p>\n<p><span style=\"font-weight: 400;\">Jednym z najserdeczniej przyj\u0119tych og\u0142osze\u0144 by\u0142o to dotycz\u0105ce mobilno\u015bci m\u0142odzie\u017cy. Ursula von der Leyen potwierdzi\u0142a, \u017ce \u200b\u200bWielka Brytania i UE osi\u0105gn\u0119\u0142y porozumienie w sprawie ponownego przyst\u0105pienia Wielkiej Brytanii do programu Erasmus+, cho\u0107 w bardziej ograniczonej formie.<\/span><\/p>\n<p> <span style=\"font-weight: 400;\">Tworzony jest r\u00f3wnie\u017c nowy program wymiany m\u0142odzie\u017cy, kt\u00f3ry ma da\u0107 m\u0142odym ludziom szans\u0119 na nauk\u0119 lub prac\u0119 po drugiej stronie kana\u0142u La Manche. Krok ten postrzegany jest jako wa\u017cny krok w odbudowie wi\u0119zi mi\u0119dzyludzkich.<\/span><\/p>\n<blockquote>\n<p> <span style=\"font-weight: 400;\">\u201eMiliony rodzin i przyjaci\u00f3\u0142 mieszkaj\u0105 po obu stronach\u201d \u2013<\/span> <a href=\"https:\/\/newsroom.consilium.europa.eu\/events\/20250519-eu-uk-summit\/148952-2-joint-press-conference-president-von-der-leyen-20250519\" target=\"_blank\" rel=\"noopener\"><span style=\"font-weight: 400;\">powiedzia\u0142a<\/span><\/a> von der Leyen <span style=\"font-weight: 400;\">. \u201eMusimy da\u0107 m\u0142odszemu pokoleniu szans\u0119 na zbudowanie trwa\u0142ych wi\u0119zi i przyja\u017ani, kt\u00f3re przetrwaj\u0105 pr\u00f3b\u0119 czasu\u201d.<\/span><\/p>\n<\/blockquote>\n<p> <span style=\"font-weight: 400;\">Cho\u0107 nowy program b\u0119dzie mia\u0142<\/span> <b>ograniczenia wiekowe i czasowe<\/b> <span style=\"font-weight: 400;\">, stanowi on pot\u0119\u017cny symboliczny powr\u00f3t do wzajemnej wymiany i mo\u017cliwo\u015bci.<\/span><\/p>\n<p> Zinstytucjonalizowany Dialog \u2013 Partnerstwo odporne na przysz\u0142o\u015b\u0107 <\/p>\n<p><span style=\"font-weight: 400;\">Aby utrzyma\u0107 dynamik\u0119, obie strony zobowi\u0105za\u0142y si\u0119 do regularnych, ustrukturyzowanych konsultacji. Od teraz najwy\u017csi przyw\u00f3dcy b\u0119d\u0105 spotyka\u0107 si\u0119 co najmniej raz w roku, a ministrowie spraw zagranicznych i obrony b\u0119d\u0105 spotyka\u0107 si\u0119 co sze\u015b\u0107 miesi\u0119cy. Wysoki Przedstawiciel UE ds. zagranicznych r\u00f3wnie\u017c b\u0119dzie uczestniczy\u0142.<\/span><\/p>\n<p> <span style=\"font-weight: 400;\">Ten uk\u0142ad instytucjonalny ma zapobiec ponownemu zamro\u017ceniu stosunk\u00f3w i zapewni\u0107 obu stronom mo\u017cliwo\u015b\u0107 szybkiej reakcji na zmiany globalne i regionalne.<\/span><\/p>\n<h3><b>Strategiczny powr\u00f3t<\/b><\/h3>\n<p> <span style=\"font-weight: 400;\">Szczyt w Londynie wyra\u017anie pokaza\u0142, \u017ce pomimo burzliwej przesz\u0142o\u015bci wsp\u00f3\u0142praca UE\u2013Wielka Brytania jest nie tylko mo\u017cliwa, ale i niezb\u0119dna. W obliczu rosn\u0105cych globalnych wyzwa\u0144 powr\u00f3t do strategicznego partnerstwa jest nie tylko m\u0105dry \u2013 jest konieczny.<\/span><\/p>\n<p> <span style=\"font-weight: 400;\">Dla m\u0142odych ludzi w ca\u0142ej Europie ta zmiana mo\u017ce oznacza\u0107 wi\u0119cej mo\u017cliwo\u015bci, wi\u0119ksz\u0105 mobilno\u015b\u0107 i silniejsze poczucie jedno\u015bci w obliczu globalnej niepewno\u015bci.<\/span><\/p>\n","protected":false},"excerpt":{"rendered":"<p>Punkt zwrotny w stosunkach UE\u2013Wielka Brytania Szczyt w Londynie , kt\u00f3ry odby\u0142 si\u0119 19 maja, oznacza\u0142 prawdopodobnie historyczny moment w stosunkach UE\u2013Wielka Brytania. Przewodnicz\u0105ca Komisji Europejskiej Ursula von der Leyen, przewodnicz\u0105cy Rady Europejskiej Ant\u00f3nio Costa [&hellip;]<\/p>\n","protected":false},"author":158,"featured_media":7336,"comment_status":"closed","ping_status":"closed","sticky":false,"template":"","format":"standard","meta":{"_acf_changed":false,"footnotes":""},"categories":[1,706],"tags":[],"post_formats":[655],"coauthors":[],"class_list":["post-8633","post","type-post","status-publish","format-standard","has-post-thumbnail","hentry","category-general","category-sprawy-biezace","post_formats-artykuly"],"acf":[],"_links":{"self":[{"href":"https:\/\/www.pulse-z.eu\/pl\/wp-json\/wp\/v2\/posts\/8633","targetHints":{"allow":["GET"]}}],"collection":[{"href":"https:\/\/www.pulse-z.eu\/pl\/wp-json\/wp\/v2\/posts"}],"about":[{"href":"https:\/\/www.pulse-z.eu\/pl\/wp-json\/wp\/v2\/types\/post"}],"author":[{"embeddable":true,"href":"https:\/\/www.pulse-z.eu\/pl\/wp-json\/wp\/v2\/users\/158"}],"replies":[{"embeddable":true,"href":"https:\/\/www.pulse-z.eu\/pl\/wp-json\/wp\/v2\/comments?post=8633"}],"version-history":[{"count":3,"href":"https:\/\/www.pulse-z.eu\/pl\/wp-json\/wp\/v2\/posts\/8633\/revisions"}],"predecessor-version":[{"id":12133,"href":"https:\/\/www.pulse-z.eu\/pl\/wp-json\/wp\/v2\/posts\/8633\/revisions\/12133"}],"wp:featuredmedia":[{"embeddable":true,"href":"https:\/\/www.pulse-z.eu\/pl\/wp-json\/wp\/v2\/media\/7336"}],"wp:attachment":[{"href":"https:\/\/www.pulse-z.eu\/pl\/wp-json\/wp\/v2\/media?parent=8633"}],"wp:term":[{"taxonomy":"category","embeddable":true,"href":"https:\/\/www.pulse-z.eu\/pl\/wp-json\/wp\/v2\/categories?post=8633"},{"taxonomy":"post_tag","embeddable":true,"href":"https:\/\/www.pulse-z.eu\/pl\/wp-json\/wp\/v2\/tags?post=8633"},{"taxonomy":"post_formats","embeddable":true,"href":"https:\/\/www.pulse-z.eu\/pl\/wp-json\/wp\/v2\/post_formats?post=8633"},{"taxonomy":"author","embeddable":true,"href":"https:\/\/www.pulse-z.eu\/pl\/wp-json\/wp\/v2\/coauthors?post=8633"}],"curies":[{"name":"wp","href":"https:\/\/api.w.org\/{rel}","templated":true}]}}