{"id":75503,"date":"2025-12-14T10:07:02","date_gmt":"2025-12-14T10:07:02","guid":{"rendered":"https:\/\/www.pulse-z.eu\/from-the-world-of-influencers-interview-with-samuel-miskov-part-1\/"},"modified":"2025-12-21T10:17:14","modified_gmt":"2025-12-21T10:17:14","slug":"ze-swiata-influencerow-wywiad-z-samuelem-miskovem-czesc-1","status":"publish","type":"post","link":"https:\/\/www.pulse-z.eu\/pl\/ze-swiata-influencerow-wywiad-z-samuelem-miskovem-czesc-1\/","title":{"rendered":"Ze \u015bwiata influencer\u00f3w: wywiad z Samuelem Mi\u0161kovem, cz\u0119\u015b\u0107 1"},"content":{"rendered":"\n<p><span data-slate-fragment=\"JTVCJTdCJTIydHlwZSUyMiUzQSUyMnBhcmFncmFwaCUyMiUyQyUyMmNoaWxkcmVuJTIyJTNBJTVCJTdCJTIydGV4dCUyMiUzQSUyMldoYXQlMjBpcyUyMFNhbW8ncyUyMHNjcmVlbnRpbWUlMjBsaWtlJTNGJTIwV291bGQlMjBoaXMlMjBzb2NpYWwlMjBuZXR3b3JrcyUyMHN1ZmZlciUyMGlmJTIwdGhlaXIlMjBiYW4lMjBmb3IlMjBwZW9wbGUlMjB1bmRlciUyMDE2JTIwd2VyZSUyMHRvJTIwcGFzcyUzRiUyMFdvdWxkJTIwaGUlMjBzdXBwb3J0JTIwYW55b25lJTIwaW4lMjBwb2xpdGljcyUyMGFuZCUyMGlzJTIwaGUlMjBldmVuJTIwaW50ZXJlc3RlZCUyMGluJTIwaXQlM0YlMjIlN0QlNUQlN0QlNUQ=\">What is Samo&#8217;s screentime like? Would his social networks suffer if their ban for people under 16 were to pass? Would he support anyone in politics and is he even interested in it?<\/span><\/p>\n<p><span data-slate-node=\"text\"><span class=\"sc-gbwXoZ cetDdh\" data-slate-leaf=\"true\">You can find the answers to these and many other questions in the first part of this PulseZ podcast interview with <\/span><\/span><a class=\"e-91090-text-link e-91090-baseline e-91090-overflow-wrap-anywhere encore-internal-color-text-announcement e-91090-text-link--use-focus sc-fqujGp dQOGun\" href=\"https:\/\/www.instagram.com\/samo_zvany\/\" data-encore-id=\"textLink\" data-slate-node=\"element\" data-slate-inline=\"true\" target=\"_blank\" rel=\"noopener\"><span contenteditable=\"false\">\u2060<\/span><span data-slate-node=\"text\"><span class=\"sc-gbwXoZ cetDdh\" data-slate-leaf=\"true\">samo_zvany<\/span><\/span><span contenteditable=\"false\">\u2060<\/span><\/a><span data-slate-node=\"text\" data-slate-fragment=\"JTVCJTdCJTIydHlwZSUyMiUzQSUyMnBhcmFncmFwaCUyMiUyQyUyMmNoaWxkcmVuJTIyJTNBJTVCJTdCJTIydGV4dCUyMiUzQSUyMllvdSUyMGNhbiUyMGZpbmQlMjB0aGUlMjBhbnN3ZXJzJTIwdG8lMjB0aGVzZSUyMGFuZCUyMG1hbnklMjBvdGhlciUyMHF1ZXN0aW9ucyUyMGluJTIwdGhlJTIwZmlyc3QlMjBwYXJ0JTIwb2YlMjB0aGlzJTIwUHVsc2VaJTIwcG9kY2FzdCUyMGVwaXNvZGUlMjB3aXRoJTIwJTIyJTdEJTJDJTdCJTIydHlwZSUyMiUzQSUyMmxpbmslMjIlMkMlMjJ1cmwlMjIlM0ElMjJodHRwcyUzQSUyRiUyRnd3dy5pbnN0YWdyYW0uY29tJTJGc2Ftb196dmFueSUyRiUyMiUyQyUyMnRhcmdldCUyMiUzQSUyMl9ibGFuayUyMiUyQyUyMnJlbCUyMiUzQSUyMnVnYyUyMG5vb3BlbmVyJTIwbm9yZWZlcnJlciUyMiUyQyUyMmNoaWxkcmVuJTIyJTNBJTVCJTdCJTIydGV4dCUyMiUzQSUyMnNhbW9fenZhbnklMjIlN0QlNUQlN0QlMkMlN0IlMjJ0ZXh0JTIyJTNBJTIyJTIwLSUyMFNhbSUyME1pJUM1JUExa292LiUyMiU3RCU1RCU3RCU1RA==\"><span class=\"sc-gbwXoZ cetDdh\" data-slate-leaf=\"true\"> &#8211; Sam Mi\u0161kov.<\/span><\/span><\/p>\n<p>This podcast episode is in Slovak.<\/p>\n","protected":false},"excerpt":{"rendered":"<p>What is Samo&#8217;s screentime like? Would his social networks suffer if their ban for people under 16 were to pass? Would he support anyone in politics and is he even interested in it? You can [&hellip;]<\/p>\n","protected":false},"author":457,"featured_media":0,"comment_status":"closed","ping_status":"closed","sticky":false,"template":"","format":"standard","meta":{"_acf_changed":false,"footnotes":""},"categories":[647,711],"tags":[7819,19760,19761,19762,19763,19764,4090,19765,19766,4092,1755,19767,19768,19769,19770,4094,19771,18626,8855,1757],"post_formats":[759],"coauthors":[4435],"class_list":["post-75503","post","type-post","status-publish","format-standard","hentry","category-laczac-kropki","category-mlodziez","tag-ban-pl","tag-billboard","tag-content","tag-content-creators","tag-creators","tag-impact","tag-influencers-pl","tag-negative","tag-opinions","tag-podcast-pl","tag-politics-pl","tag-positive","tag-samo_zvany","tag-samuel-miskov","tag-screentime","tag-social-media-pl","tag-social-networks","tag-society","tag-young-people-pl","tag-youth-pl","post_formats-podcast-pl"],"acf":[],"_links":{"self":[{"href":"https:\/\/www.pulse-z.eu\/pl\/wp-json\/wp\/v2\/posts\/75503","targetHints":{"allow":["GET"]}}],"collection":[{"href":"https:\/\/www.pulse-z.eu\/pl\/wp-json\/wp\/v2\/posts"}],"about":[{"href":"https:\/\/www.pulse-z.eu\/pl\/wp-json\/wp\/v2\/types\/post"}],"author":[{"embeddable":true,"href":"https:\/\/www.pulse-z.eu\/pl\/wp-json\/wp\/v2\/users\/457"}],"replies":[{"embeddable":true,"href":"https:\/\/www.pulse-z.eu\/pl\/wp-json\/wp\/v2\/comments?post=75503"}],"version-history":[{"count":2,"href":"https:\/\/www.pulse-z.eu\/pl\/wp-json\/wp\/v2\/posts\/75503\/revisions"}],"predecessor-version":[{"id":75505,"href":"https:\/\/www.pulse-z.eu\/pl\/wp-json\/wp\/v2\/posts\/75503\/revisions\/75505"}],"wp:attachment":[{"href":"https:\/\/www.pulse-z.eu\/pl\/wp-json\/wp\/v2\/media?parent=75503"}],"wp:term":[{"taxonomy":"category","embeddable":true,"href":"https:\/\/www.pulse-z.eu\/pl\/wp-json\/wp\/v2\/categories?post=75503"},{"taxonomy":"post_tag","embeddable":true,"href":"https:\/\/www.pulse-z.eu\/pl\/wp-json\/wp\/v2\/tags?post=75503"},{"taxonomy":"post_formats","embeddable":true,"href":"https:\/\/www.pulse-z.eu\/pl\/wp-json\/wp\/v2\/post_formats?post=75503"},{"taxonomy":"author","embeddable":true,"href":"https:\/\/www.pulse-z.eu\/pl\/wp-json\/wp\/v2\/coauthors?post=75503"}],"curies":[{"name":"wp","href":"https:\/\/api.w.org\/{rel}","templated":true}]}}