{"id":71833,"date":"2025-11-16T07:50:18","date_gmt":"2025-11-16T07:50:18","guid":{"rendered":"https:\/\/www.pulse-z.eu\/fighting-fake-news-lessons-from-the-nazi-propaganda-machine\/"},"modified":"2025-12-08T15:02:59","modified_gmt":"2025-12-08T15:02:59","slug":"walka-z-fake-newsami-lekcje-wyciagniete-z-nazistowskiej-machiny-propagandowej","status":"publish","type":"post","link":"https:\/\/www.pulse-z.eu\/pl\/walka-z-fake-newsami-lekcje-wyciagniete-z-nazistowskiej-machiny-propagandowej\/","title":{"rendered":"Walka z fake newsami: lekcje wyci\u0105gni\u0119te z nazistowskiej machiny propagandowej"},"content":{"rendered":"\n<p><span style=\"font-weight: 400;\">W walce z fake newsami (lub fake newsami, jak wielu ekspert\u00f3w w dziedzinie edukacji medialnej nazwa\u0142oby to zjawisko) historia dostarcza przera\u017caj\u0105cego przyk\u0142adu. Za nazistowskiego re\u017cimu Adolfa Hitlera \u015brodki masowego przekazu by\u0142y wykorzystywane do szerzenia dezinformacji, kontrolowania opinii publicznej i t\u0142umienia sprzeciwu. Machina propagandowa nazistowskich Niemiec ujawnia, jak fake newsy, pozostawione bez kontroli, mog\u0105 kszta\u0142towa\u0107 rzeczywisto\u015b\u0107 i pod\u017cega\u0107 do okrucie\u0144stw. To wci\u0105\u017c ostrze\u017cenie na dzi\u015b.<\/span><\/p>\n<h3> <b>Media kontrolowane przez pa\u0144stwo<\/b><\/h3>\n<p> <span style=\"font-weight: 400;\">W 1933 roku Hitler <a href=\"https:\/\/www.theholocaustexplained.org\/the-reich-ministry-of-public-enlightenment-and-propaganda\/\" target=\"_blank\" rel=\"noopener\">utworzy\u0142<\/a> Ministerstwo O\u015bwiecenia Publicznego i Propagandy pod kierownictwem Josepha Goebbelsa. Jego cel by\u0142 jasny: kontrola nad wszelk\u0105 komunikacj\u0105 i propagowanie ideologii nazistowskiej. Do po\u0142owy lat 30. XX wieku wi\u0119kszo\u015b\u0107 gazet zosta\u0142a zamkni\u0119ta lub przej\u0119ta. Niezale\u017cne dziennikarstwo zosta\u0142o zast\u0105pione przez surow\u0105 narracj\u0119 pa\u0144stwow\u0105 (United States Holocaust Memorial Museum, 2023). Redaktorzy otrzymywali codzienne instrukcje z Ministerstwa Propagandy, dyktuj\u0105ce nag\u0142\u00f3wki i w\u0105tki. Wiadomo\u015bci nie skupia\u0142y si\u0119 ju\u017c na faktach, lecz na wzmacnianiu ideologii partyjnej.<\/span><\/p>\n<h3> <b>K\u0142amstwa w druku<\/b><\/h3>\n<p> <span style=\"font-weight: 400;\">Antysemicki tabloid<\/span> <i><span style=\"font-weight: 400;\">\u201eDer St\u00fcrmer\u201d<\/span><\/i> <span style=\"font-weight: 400;\">rozpowszechnia\u0142 groteskowe mity, mi\u0119dzy innymi twierdzenia, \u017ce \u200b\u200b\u017bydzi porywali chrze\u015bcija\u0144skie dzieci na rytualne ofiary. Karykatury przedstawia\u0142y \u017byd\u00f3w jako chciwych, niebezpiecznych i odra\u017caj\u0105cych fizycznie. Te fa\u0142szywe historie by\u0142y umieszczane w publicznych gablotach zwanych<\/span> <i><span style=\"font-weight: 400;\">\u201eSt\u00fcrmerkasten\u201d<\/span><\/i> <span style=\"font-weight: 400;\">, cz\u0119sto ustawionych przed szko\u0142ami i urz\u0119dami pocztowymi. Dzieci dorasta\u0142y, czytaj\u0105c je codziennie.<\/span><\/p>\n<p> <span style=\"font-weight: 400;\">Nazi\u015bci r\u00f3wnie\u017c wykorzystywali dezinformacj\u0119 do uzasadnienia wojny. W 1939 roku <a href=\"https:\/\/www.nationalww2museum.org\/war\/articles\/invasion-poland-september-1939\" target=\"_blank\" rel=\"noopener\">zainscenizowali<\/a> incydent w Gliwicach, gdzie funkcjonariusze SS przebrani za polskich \u017co\u0142nierzy zaatakowali niemieck\u0105 radiostacj\u0119. Aby uwiarygodni\u0107 mistyfikacj\u0119, pozostawili zamordowanego wi\u0119\u017ania w polskim mundurze. To sfingowane wydarzenie pos\u0142u\u017cy\u0142o za pretekst do inwazji na Polsk\u0119 i rozpocz\u0119cia II wojny \u015bwiatowej (Kershaw, 2008).<\/span><\/p>\n<h3> <b>Kontrolowanie fal radiowych<\/b><\/h3>\n<p> <span style=\"font-weight: 400;\">Radio sta\u0142o si\u0119 najskuteczniejszym narz\u0119dziem szerzenia nazistowskiej propagandy.<\/span> <i><span style=\"font-weight: 400;\">Volksempf\u00e4nger<\/span><\/i> <span style=\"font-weight: 400;\">(\u201eodbiornik ludowy\u201d) by\u0142 produkowany masowo, aby by\u0142 tani i m\u00f3g\u0142 odbiera\u0107 wy\u0142\u0105cznie niemieckie cz\u0119stotliwo\u015bci. Do 1939 roku ponad 70% gospodarstw domowych posiada\u0142o radio. S\u0142uchanie audycji zagranicznych, zw\u0142aszcza BBC, by\u0142o nielegalne i surowo karane. Organizowano publiczne pods\u0142uchy, aby nag\u0142o\u015bni\u0107 przem\u00f3wienia Hitlera, co praktycznie uniemo\u017cliwia\u0142o ucieczk\u0119 od nazistowskich przes\u0142a\u0144. System ten stworzy\u0142 zamkni\u0119te \u015brodowisko medialne, w kt\u00f3rym alternatywne pogl\u0105dy by\u0142y ca\u0142kowicie ignorowane (British Library, 2014).<\/span><\/p>\n<p> <span style=\"font-weight: 400;\"><img loading=\"lazy\" decoding=\"async\" class=\"alignleft\" src=\"https:\/\/c8.alamy.com\/compes\/2haje48\/ww2-cartel-holandes-antisemita-del-judio-eterno-1940-cartel-que-anuncia-la-pelicula-antisemitica-der-ewige-jude-el-judio-eterno-ca-1940-fritz-hippler-presidente-de-la-camara-de-cine-del-reich-dirigio-esta-pelicula-con-la-intervencion-del-ministro-aleman-de-propaganda-joseph-goebbels-un-pseudo-documental-incluyo-escenas-de-judios-disparados-en-los-guetos-de-varsovia-y-lodz-por-equipos-de-la-compania-de-propaganda-adscrito-al-ejercito-aleman-2haje48.jpg\" alt=\"Plakat dla wiecznego \u017cyda Zdj\u0119cie stockowe - Alamy\" width=\"176\" height=\"285\" \/><\/span><\/p>\n<h3><\/h3>\n<h3> <b>Propaganda w obrazach<\/b><\/h3>\n<p> <span style=\"font-weight: 400;\">Media wizualne by\u0142y wykorzystywane do emocjonalnej manipulacji opini\u0105 publiczn\u0105. Film<\/span> <i><span style=\"font-weight: 400;\">\u201eWieczny \u017byd\u201d<\/span><\/i> z 1940 roku <span style=\"font-weight: 400;\">zr\u00f3wna\u0142 \u017byd\u00f3w ze szczurami, przedstawiaj\u0105c ich jako zagro\u017cenie publiczne za pomoc\u0105 drastycznych scen z rze\u017ani. Wystawa objazdowa<\/span> <i><span style=\"font-weight: 400;\">\u201eDer Ewige Jude\u201d<\/span><\/i> <span style=\"font-weight: 400;\">wykorzystywa\u0142a wykresy, statystyki i przerobione zdj\u0119cia, aby \u201eudowodni\u0107\u201d \u017cydowsk\u0105 korupcj\u0119. Wystawa \u201eSztuka zdegenerowana\u201d z 1937 roku wy\u015bmiewa\u0142a sztuk\u0119 modernistyczn\u0105, \u0142\u0105cz\u0105c j\u0105 z upadkiem moralnym i chorob\u0105 psychiczn\u0105. Ponad dwa miliony os\u00f3b obejrza\u0142o wystaw\u0119, wzmacniaj\u0105c kulturowe przes\u0142anie re\u017cimu o czysto\u015bci rasowej i ideologicznej (Yad Vashem, 2023).<\/span><\/p>\n<h3><\/h3>\n<h3> <b>Wp\u0142yw i wsp\u00f3\u0142czesne paralele<\/b><\/h3>\n<p> <span style=\"font-weight: 400;\">Poprzez powtarzanie i strach propaganda zmienia\u0142a przekonania spo\u0142eczne. Hitler by\u0142 postrzegany jako mesjanistyczny przyw\u00f3dca; wrogowie byli wsz\u0119dzie. Kampania z 1943 roku zach\u0119ca\u0142a obywateli do zg\u0142aszania \u201edefetystycznych plotek\u201d, zamieniaj\u0105c s\u0105siad\u00f3w w informator\u00f3w. Re\u017cim stworzy\u0142 atmosfer\u0119, w kt\u00f3rej k\u0142amstwa stawa\u0142y si\u0119 rzeczywisto\u015bci\u0105, a ich kwestionowanie \u2013 niebezpieczne.<\/span><\/p>\n<p> <span style=\"font-weight: 400;\">Dzi\u015b dezinformacja rozprzestrzenia si\u0119 szybciej ni\u017c kiedykolwiek za po\u015brednictwem medi\u00f3w spo\u0142eczno\u015bciowych, tre\u015bci generowanych przez sztuczn\u0105 inteligencj\u0119 i algorytmicznych kom\u00f3r echa. Przyk\u0142ad nazist\u00f3w pokazuje, \u017ce walka z fake newsami wymaga czego\u015b wi\u0119cej ni\u017c tylko weryfikacji fakt\u00f3w. Wymaga edukacji, umiej\u0119tno\u015bci korzystania z medi\u00f3w i silnej, niezale\u017cnej prasy.<\/span><\/p>\n<p> <span style=\"font-weight: 400;\">Niekontrolowana propaganda nie tylko wprowadza w b\u0142\u0105d, ale wr\u0119cz umo\u017cliwia ucisk. Pami\u0119\u0107 o historii nie wystarczy; musimy zastosowa\u0107 jej nauki, aby chroni\u0107 prawd\u0119 i demokracj\u0119 r\u00f3wnie\u017c dzi\u015b.<\/span><\/p>\n<h3><b>Odniesienia<\/b><\/h3>\n<ul>\n<li style=\"font-weight: 400;\"> <span style=\"font-weight: 400;\">Muzeum Holokaustu w Stanach Zjednoczonych. (2023).<\/span> <i><span style=\"font-weight: 400;\">Propaganda nazistowska<\/span><\/i> <span style=\"font-weight: 400;\">.<\/span> <a href=\"https:\/\/encyclopedia.ushmm.org\/\" target=\"_blank\" rel=\"noopener\"><span style=\"font-weight: 400;\">https:\/\/encyclopedia.ushmm.org<\/span><\/a><\/li>\n<li style=\"font-weight: 400;\"> <span style=\"font-weight: 400;\">Fragmenty z Kershaw, I. (2008).<\/span> <i><span style=\"font-weight: 400;\">Hitler: Biografia<\/span><\/i> <span style=\"font-weight: 400;\">. WW Norton &amp; Company.<\/span><\/li>\n<li style=\"font-weight: 400;\"> <span style=\"font-weight: 400;\">Biblioteka Brytyjska. (2014).<\/span> <i><span style=\"font-weight: 400;\">Propaganda jako bro\u0144<\/span><\/i> <span style=\"font-weight: 400;\">.<\/span> <a href=\"https:\/\/www.bl.uk\/world-war-one\/articles\/propaganda-as-a-weapon\" target=\"_blank\" rel=\"noopener\"><span style=\"font-weight: 400;\">https:\/\/www.bl.uk\/world-war-one\/articles\/propaganda-as-a-weapon<\/span><\/a><\/li>\n<li style=\"font-weight: 400;\"> <span style=\"font-weight: 400;\">Yad Vashem. (2023).<\/span> <i><span style=\"font-weight: 400;\">Antysemityzm i propaganda nazistowska<\/span><\/i> <span style=\"font-weight: 400;\">.<\/span> <a href=\"https:\/\/www.yadvashem.org\/\" target=\"_blank\" rel=\"noopener\"><span style=\"font-weight: 400;\">https:\/\/www.yadvashem.org<\/span><\/a><\/li>\n<\/ul>\n","protected":false},"excerpt":{"rendered":"<p>W walce z fake newsami (lub fake newsami, jak wielu ekspert\u00f3w w dziedzinie edukacji medialnej nazwa\u0142oby to zjawisko) historia dostarcza przera\u017caj\u0105cego przyk\u0142adu. Za nazistowskiego re\u017cimu Adolfa Hitlera \u015brodki masowego przekazu by\u0142y wykorzystywane do szerzenia dezinformacji, [&hellip;]<\/p>\n","protected":false},"author":107,"featured_media":0,"comment_status":"closed","ping_status":"closed","sticky":false,"template":"","format":"standard","meta":{"_acf_changed":false,"footnotes":""},"categories":[709,647,707],"tags":[],"post_formats":[655],"coauthors":[16943],"class_list":["post-71833","post","type-post","status-publish","format-standard","hentry","category-dezinformacja","category-laczac-kropki","category-roznorodnosc-i-wlaczenie","post_formats-artykuly"],"acf":[],"_links":{"self":[{"href":"https:\/\/www.pulse-z.eu\/pl\/wp-json\/wp\/v2\/posts\/71833","targetHints":{"allow":["GET"]}}],"collection":[{"href":"https:\/\/www.pulse-z.eu\/pl\/wp-json\/wp\/v2\/posts"}],"about":[{"href":"https:\/\/www.pulse-z.eu\/pl\/wp-json\/wp\/v2\/types\/post"}],"author":[{"embeddable":true,"href":"https:\/\/www.pulse-z.eu\/pl\/wp-json\/wp\/v2\/users\/107"}],"replies":[{"embeddable":true,"href":"https:\/\/www.pulse-z.eu\/pl\/wp-json\/wp\/v2\/comments?post=71833"}],"version-history":[{"count":9,"href":"https:\/\/www.pulse-z.eu\/pl\/wp-json\/wp\/v2\/posts\/71833\/revisions"}],"predecessor-version":[{"id":71867,"href":"https:\/\/www.pulse-z.eu\/pl\/wp-json\/wp\/v2\/posts\/71833\/revisions\/71867"}],"wp:attachment":[{"href":"https:\/\/www.pulse-z.eu\/pl\/wp-json\/wp\/v2\/media?parent=71833"}],"wp:term":[{"taxonomy":"category","embeddable":true,"href":"https:\/\/www.pulse-z.eu\/pl\/wp-json\/wp\/v2\/categories?post=71833"},{"taxonomy":"post_tag","embeddable":true,"href":"https:\/\/www.pulse-z.eu\/pl\/wp-json\/wp\/v2\/tags?post=71833"},{"taxonomy":"post_formats","embeddable":true,"href":"https:\/\/www.pulse-z.eu\/pl\/wp-json\/wp\/v2\/post_formats?post=71833"},{"taxonomy":"author","embeddable":true,"href":"https:\/\/www.pulse-z.eu\/pl\/wp-json\/wp\/v2\/coauthors?post=71833"}],"curies":[{"name":"wp","href":"https:\/\/api.w.org\/{rel}","templated":true}]}}