{"id":66387,"date":"2025-11-18T20:00:39","date_gmt":"2025-11-18T20:00:39","guid":{"rendered":"https:\/\/www.pulse-z.eu\/democracy-without-streets\/"},"modified":"2025-11-18T20:01:04","modified_gmt":"2025-11-18T20:01:04","slug":"jaka-to-demokracja-bez-ulic","status":"publish","type":"post","link":"https:\/\/www.pulse-z.eu\/pl\/jaka-to-demokracja-bez-ulic\/","title":{"rendered":"Jaka to demokracja bez ulic?"},"content":{"rendered":"\n<p><span style=\"font-weight: 400\">Prawo do protestu jest kamieniem w\u0119gielnym europejskiej demokracji. Mo\u017cliwo\u015b\u0107 wyj\u015bcia na ulice i wysuwania \u017c\u0105da\u0144 jest istot\u0105 demokracji \u2013 i bynajmniej nie jest to dekoracyjny przywilej. Wr\u0119cz przeciwnie, jest to ponadczasowy spos\u00f3b wywierania presji na instytucje, kt\u00f3re nie s\u0142uchaj\u0105. Niemniej jednak w ca\u0142ej<\/span> <a href=\"https:\/\/www.liberties.eu\/en\/stories\/rule-of-law-2025-protests\/45384\" target=\"_blank\" rel=\"noopener\"><span style=\"font-weight: 400\">Europie<\/span><\/a> <span style=\"font-weight: 400\">prawo to wydaje si\u0119 kurcz\u0105ce, a t\u0142umienie pokojowych zgromadze\u0144 staje si\u0119 trendem w zakresie bezpiecze\u0144stwa wewn\u0119trznego, kt\u00f3ry jest ustanawiany pod surowymi zakazami, a nawet zmianami legislacyjnymi kryminalizuj\u0105cymi sam protest. W\u0142ochy s\u0105 obecnie na czele tej zmiany.<\/span> <span style=\"font-weight: 400\">Oczywi\u015bcie, kwestia ta idzie w parze z trendem \u201e<\/span> <a href=\"https:\/\/www.euractiv.com\/news\/rapporteur-the-dangers-of-urgency-mindset\/\" target=\"_blank\" rel=\"noopener\"><span style=\"font-weight: 400\">pilno\u015bci<\/span><\/a> <span style=\"font-weight: 400\">\u201d w czasach, gdy obywatele na ca\u0142ym kontynencie wychodz\u0105 na ulice, a rz\u0105dy coraz cz\u0119\u015bciej m\u00f3wi\u0105 j\u0119zykiem \u201epilnej potrzeby\u201d. Przewodnicz\u0105ca Komisji, Ursula von der Leyen, apeluje o \u201epoczucie pilno\u015bci\u201d w polityce UE, co mo\u017ce omin\u0105\u0107 w\u0142a\u015bnie te procesy demokratyczne, kt\u00f3re chroni\u0105 pluralizm i g\u0142osy krytyki.<\/span><\/p>\n<p><span style=\"font-weight: 400\">We W\u0142oszech, 22 wrze\u015bnia 2025 roku, tysi\u0105ce ludzi wysz\u0142o na ulice od Mediolanu po Sycyli\u0119, aby<\/span> <a href=\"https:\/\/www.theguardian.com\/world\/2025\/sep\/22\/disruption-across-italy-as-tens-of-thousands-protest-against-gaza-war\" target=\"_blank\" rel=\"noopener\"><span style=\"font-weight: 400\">zaprotestowa\u0107<\/span><\/a> <span style=\"font-weight: 400\">przeciwko ludob\u00f3jstwu w Strefie Gazy. Sytuacja sparali\u017cowa\u0142a kraj, zamkni\u0119to dworce kolejowe, szko\u0142y i porty, takie jak Genua i Livorno, a dokerzy zablokowali ruch towarowy, poniewa\u017c \u201eW\u0142ochy s\u0105 wykorzystywane jako w\u0119ze\u0142 komunikacyjny w transporcie broni do Izraela\u201d. W Rzymie ponad 20 000 os\u00f3b skandowa\u0142o \u201eWolna Palestyna\u201d przed dworcem Termini. Napi\u0119cie na demonstracjach wzros\u0142o, a grupy ubranych na czarno os\u00f3b pr\u00f3bowa\u0142y sforsowa\u0107 g\u0142\u00f3wne wej\u015bcie na dworzec w Mediolanie, rzucano bombami dymnymi i kamieniami, a policja odpowiedzia\u0142a gazem pieprzowym, co doprowadzi\u0142o do 10 aresztowa\u0144 i 60 rannych funkcjonariuszy. Premier Giorgia Meloni pot\u0119pi\u0142a te incydenty, przypisuj\u0105c je \u201ebrutalnym mniejszo\u015bciom niezwi\u0105zanym z solidarno\u015bci\u0105\u201d.<\/span><\/p>\n<p> <span style=\"font-weight: 400\">Na pocz\u0105tku pa\u017adziernika, po starciach, w\u0142adze lokalne w Bolonii<\/span> <a href=\"https:\/\/www.reuters.com\/world\/middle-east\/italy-bans-pro-palestinian-october-7-demonstration-bologna-tensions-rise-2025-10-06\/\" target=\"_blank\" rel=\"noopener\"><span style=\"font-weight: 400\">zakaza\u0142y<\/span><\/a> <span style=\"font-weight: 400\">demonstracji propalesty\u0144skiej, argumentuj\u0105c, \u017ce istnieje \u201epowa\u017cne ryzyko niepokoj\u00f3w\u201d. Organizacja Giovani Palestinesi og\u0142osi\u0142a, \u017ce \u200b\u200bpomimo zakazu podejmie pr\u00f3b\u0119 zorganizowania zgromadzenia, a ambasador Izraela we W\u0142oszech o\u015bwiadczy\u0142, \u017ce \u201ewydarzenie to u\u015bwietni 7 pa\u017adziernika\u201d i \u017ce \u201ewsp\u00f3\u0142pracowa\u0142 z w\u0142adzami\u201d w celu jego odwo\u0142ania. W<\/span> <a href=\"https:\/\/www.amnesty.org\/en\/latest\/news\/2025\/05\/italy-draconian-new-law-criminalizing-peaceful-protest-while-expanding-police-powers-must-be-rejected\/\" target=\"_blank\" rel=\"noopener\"><span style=\"font-weight: 400\">maju<\/span><\/a> <span style=\"font-weight: 400\">2025 roku w\u0142oski rz\u0105d wni\u00f3s\u0142 do parlamentu projekt ustawy, kt\u00f3ra kryminalizuje nawet tradycyjne formy obywatelskiego niepos\u0142usze\u0144stwa. Dekret z moc\u0105 ustawy 48\/2025 kryminalizuje \u201enielegalne zajmowanie nieruchomo\u015bci\u201d kar\u0105 do siedmiu lat wi\u0119zienia, a utrudnianie ruchu drogowego kar\u0105 do dw\u00f3ch lat wi\u0119zienia. Ustawa rozszerza r\u00f3wnie\u017c uprawnienia policji i zapewnia wsparcie finansowe funkcjonariuszom przekraczaj\u0105cym swoje obowi\u0105zki. W odpowiedzi organizacja Amnesty International okre\u015bli\u0142a projekt ustawy jako \u201edrako\u0144ski, tworz\u0105cy wrog\u0105 atmosfer\u0119 i maj\u0105cy na celu uciszenie sprzeciwu\u201d w\u015br\u00f3d aktywist\u00f3w na rzecz ochrony \u015brodowiska, os\u00f3b \u017cyj\u0105cych w ub\u00f3stwie oraz spo\u0142eczno\u015bci rasowych, kt\u00f3re w nieproporcjonalnym stopniu odczuwaj\u0105 konsekwencje ustawy.<\/span><\/p>\n<p><span style=\"font-weight: 400\">Rz\u0105d Meloniego pr\u00f3buje wynie\u015b\u0107 koncepcj\u0119 \u201ebezpiecze\u0144stwa\u201d do rangi fundamentalnej zasady politycznej, a jej<\/span> sednem jest <a href=\"https:\/\/www.reuters.com\/world\/italy-cracks-down-protests-squatters-cannabis-2025-06-04\/?\" target=\"_blank\" rel=\"noopener\"><span style=\"font-weight: 400\">dekret<\/span><\/a> <span style=\"font-weight: 400\">48\/2025, zgodnie z kt\u00f3rym pokojowe protesty, bierny op\u00f3r i blokady dr\u00f3g\/kolej s\u0105 obecnie traktowane jako potencjalne przest\u0119pstwa, co oznacza przej\u015bcie \u201esfery publicznej\u201d z przestrzeni konsultacji do przestrzeni kontroli, gdzie protest jest \u2013 zgodnie z prawem \u2013 uznawany za problem \u201eporz\u0105dku publicznego\u201d. Jednocze\u015bnie zapewnienie policji ochrony finansowej i prawnej (np. prawo do 10 000 euro koszt\u00f3w obrony prawnej) podkre\u015bla ide\u0119 stoj\u0105c\u0105 za ustaw\u0105, w kt\u00f3rej rz\u0105d nak\u0142ada na policj\u0119 nadmiern\u0105 ochron\u0119 i uprzywilejowuje j\u0105 w korzystaniu z ochrony wynikaj\u0105cej z samego prawa. W kontek\u015bcie \u201eeuropejskiego stanu wyj\u0105tkowego\u201d w\u0142oski rz\u0105d, wykorzystuj\u0105c powszechne s\u0142ownictwo jako strategi\u0119 polityczn\u0105, zw\u0142aszcza w czasach kryzysu (politycznego, gospodarczego, mi\u0119dzynarodowego), daje Meloniemu mo\u017cliwo\u015b\u0107 przyspieszenia procesu decyzyjnego, pr\u00f3buj\u0105c w ten spos\u00f3b omin\u0105\u0107 konsultacje.<\/span><\/p>\n<p><span style=\"font-weight: 400\">W\u0142ochy jednak nie s\u0105 wyj\u0105tkiem, ale raczej wska\u017anikiem trendu. Tegoroczny<\/span> <a href=\"https:\/\/www.liberties.eu\/en\/stories\/rule-of-law-2025-protests\/45384\" target=\"_blank\" rel=\"noopener\"><span style=\"font-weight: 400\">raport<\/span><\/a> o praworz\u0105dno\u015bci <span style=\"font-weight: 400\">odnotowa\u0142 wzrost ogranicze\u0144 protest\u00f3w we wszystkich pa\u0144stwach &#8211; od zakaz\u00f3w prewencyjnych po nieproporcjonaln\u0105 przemoc i represyjne reformy legislacyjne. W Niemczech w Berlinie wprowadzono tymczasowy og\u00f3lny zakaz demonstracji propalesty\u0144skich; w Estonii policja zakaza\u0142a demonstracji, kt\u00f3r\u0105 p\u00f3\u017aniej uznano za nielegaln\u0105; w Belgii na\u0142o\u017cono grzywny i kary administracyjne za samo posiadanie flagi palesty\u0144skiej, podczas gdy na W\u0119grzech, obecnie uznawanych za europejski eksperyment w zakresie praktyk autorytarnych, 15 pr\u00f3b organizacji protest\u00f3w zosta\u0142o kolejno zakazanych ze wzgl\u0119du na \u201ebezpiecze\u0144stwo publiczne\u201d. Chocia\u017c W\u0142ochy nie s\u0105 jedynym krajem wdra\u017caj\u0105cym te praktyki, nie jest to jedyny kraj, kt\u00f3ry &#8211; na szcz\u0119\u015bcie &#8211; reaguje na ograniczenia. Konflikt spo\u0142eczny w Europie tworzy paradoks: podczas gdy rz\u0105dy coraz bardziej ograniczaj\u0105 prawo do protestu, mobilizacja spo\u0142eczna nie tylko trwa, ale wr\u0119cz si\u0119 rozszerza. Europa przechodzi okres<\/span> <a href=\"https:\/\/www.youtube.com\/watch?v=nw2EJ2V02Zo&amp;t=756s\" target=\"_blank\" rel=\"noopener\"><span style=\"font-weight: 400\">\u201edemokratycznego regresu, ale i silnego oporu\u201d<\/span><\/a> <span style=\"font-weight: 400\">; a solidarno\u015b\u0107 z Gaz\u0105 wywo\u0142a\u0142a \u201eszerok\u0105 fal\u0119\u201d aktywizmu, kt\u00f3ra cz\u0119sto spotyka si\u0119 z \u201esilnymi represjami\u201d.<\/span><\/p>\n<p> <span style=\"font-weight: 400\">Protesty mog\u0142y nie powstrzyma\u0107 na przyk\u0142ad ludob\u00f3jstwa, a ich zadaniem \u2013 a nie rz\u0105d\u00f3w \u2013 nie jest sprawowanie kontroli i egzekwowanie prawa mi\u0119dzynarodowego, a nie ograniczanie popytu i sposobu jego wyra\u017cania. Dzia\u0142ania te zmieni\u0142y co\u015b g\u0142\u0119bszego: spos\u00f3b, w jaki zwykli ludzie wchodz\u0105 do polityki poprzez szok moralny i odzyskuj\u0105 odpowiedzialno\u015b\u0107 za demokracj\u0119. G\u0142osy na ulicach wci\u0105\u017c s\u0105 s\u0142yszalne, sprawiaj\u0105c, \u017ce demokracja i jej odruchy s\u0105 istotne i aktywne, pomimo reakcji na jej pogarszanie si\u0119, przy czym to ostatnie jest powodowane raczej przez tych, kt\u00f3rzy chc\u0105 j\u0105 zepsu\u0107, ni\u017c przez tych, kt\u00f3rzy jej szukaj\u0105.<\/span><\/p>\n","protected":false},"excerpt":{"rendered":"<p>Prawo do protestu jest kamieniem w\u0119gielnym europejskiej demokracji. Mo\u017cliwo\u015b\u0107 wyj\u015bcia na ulice i wysuwania \u017c\u0105da\u0144 jest istot\u0105 demokracji \u2013 i bynajmniej nie jest to dekoracyjny przywilej. Wr\u0119cz przeciwnie, jest to ponadczasowy spos\u00f3b wywierania presji na [&hellip;]<\/p>\n","protected":false},"author":355,"featured_media":61695,"comment_status":"closed","ping_status":"closed","sticky":false,"template":"","format":"standard","meta":{"_acf_changed":false,"footnotes":""},"categories":[8,21,1],"tags":[12863,17134,17135,17136,3713,6993,13970,4926,1969,1794,17137,17138,2595,3377,17139,17140,3722,17141,1093,17142,3723,17143,11810,17144,17145],"post_formats":[655],"coauthors":[4037],"class_list":["post-66387","post","type-post","status-publish","format-standard","has-post-thumbnail","hentry","category-connecting-the-dots","category-current-affairs","category-general","tag-activism-pl","tag-authoritarian-drift","tag-civil-disobedience","tag-civil-rights","tag-democracy-pl","tag-democratic-backsliding-pl","tag-dissent-pl","tag-eu-politics-pl","tag-europe-pl","tag-european-commission-pl","tag-freedom-of-assembly","tag-gaza-protests","tag-human-rights-pl","tag-italy-pl","tag-meloni","tag-police-powers","tag-protest-pl","tag-public-order","tag-public-space-pl","tag-repression","tag-rule-of-law-pl","tag-security-policy","tag-social-movements-pl","tag-solidarity","tag-street-politics","post_formats-artykuly"],"acf":[],"_links":{"self":[{"href":"https:\/\/www.pulse-z.eu\/pl\/wp-json\/wp\/v2\/posts\/66387","targetHints":{"allow":["GET"]}}],"collection":[{"href":"https:\/\/www.pulse-z.eu\/pl\/wp-json\/wp\/v2\/posts"}],"about":[{"href":"https:\/\/www.pulse-z.eu\/pl\/wp-json\/wp\/v2\/types\/post"}],"author":[{"embeddable":true,"href":"https:\/\/www.pulse-z.eu\/pl\/wp-json\/wp\/v2\/users\/355"}],"replies":[{"embeddable":true,"href":"https:\/\/www.pulse-z.eu\/pl\/wp-json\/wp\/v2\/comments?post=66387"}],"version-history":[{"count":14,"href":"https:\/\/www.pulse-z.eu\/pl\/wp-json\/wp\/v2\/posts\/66387\/revisions"}],"predecessor-version":[{"id":66512,"href":"https:\/\/www.pulse-z.eu\/pl\/wp-json\/wp\/v2\/posts\/66387\/revisions\/66512"}],"wp:featuredmedia":[{"embeddable":true,"href":"https:\/\/www.pulse-z.eu\/pl\/wp-json\/wp\/v2\/media\/61695"}],"wp:attachment":[{"href":"https:\/\/www.pulse-z.eu\/pl\/wp-json\/wp\/v2\/media?parent=66387"}],"wp:term":[{"taxonomy":"category","embeddable":true,"href":"https:\/\/www.pulse-z.eu\/pl\/wp-json\/wp\/v2\/categories?post=66387"},{"taxonomy":"post_tag","embeddable":true,"href":"https:\/\/www.pulse-z.eu\/pl\/wp-json\/wp\/v2\/tags?post=66387"},{"taxonomy":"post_formats","embeddable":true,"href":"https:\/\/www.pulse-z.eu\/pl\/wp-json\/wp\/v2\/post_formats?post=66387"},{"taxonomy":"author","embeddable":true,"href":"https:\/\/www.pulse-z.eu\/pl\/wp-json\/wp\/v2\/coauthors?post=66387"}],"curies":[{"name":"wp","href":"https:\/\/api.w.org\/{rel}","templated":true}]}}