{"id":65291,"date":"2025-11-13T12:39:03","date_gmt":"2025-11-13T12:39:03","guid":{"rendered":"https:\/\/www.pulse-z.eu\/pacification-or-liberation-palestine-with-cleo-alexopoulou\/"},"modified":"2025-11-13T12:47:54","modified_gmt":"2025-11-13T12:47:54","slug":"pacyfikacja-czy-wyzwolenie-palestyna-z-cleo-alexopoulou","status":"publish","type":"post","link":"https:\/\/www.pulse-z.eu\/pl\/pacyfikacja-czy-wyzwolenie-palestyna-z-cleo-alexopoulou\/","title":{"rendered":"Pacyfikacja czy wyzwolenie? Palestyna z Cleo Alexopoulou"},"content":{"rendered":"\n<p><iframe loading=\"lazy\" style=\"border-radius: 12px;\" src=\"https:\/\/open.spotify.com\/embed\/episode\/0l3utATPGG4H7CxrWGtBzg?utm_source=generator\" width=\"100%\" height=\"152\" frameborder=\"0\" allowfullscreen=\"allowfullscreen\" data-testid=\"embed-iframe\"><\/iframe><\/p>\n<p> Pacyfikacja czy wyzwolenie? <\/p>\n<p><span style=\"font-weight: 400;\">Co oznacza wyzwolenie, gdy humanitaryzm zderza si\u0119 z systemami dominacji?<\/span><\/p>\n<p> <span style=\"font-weight: 400;\">W tym odcinku go\u015bcinnie wyst\u0105pi\u0142a<\/span> <a href=\"https:\/\/en.wikipedia.org\/wiki\/Kleoniki_Alexopoulou\" target=\"_blank\" rel=\"noopener\">Cleo Alexopoulou<\/a> <span style=\"font-weight: 400;\">\u2014 historyczka, badaczka i cz\u0142onkini Global Sumud Flotilla \u2014 aby przyjrze\u0107 si\u0119 bli\u017cej temu, w jaki spos\u00f3b solidarno\u015b\u0107, op\u00f3r i prawo mi\u0119dzynarodowe \u0142\u0105cz\u0105 si\u0119 w walce Palestyny \u200b\u200bo samostanowienie.<\/span><\/p>\n<p> <span style=\"font-weight: 400;\">Przechodzimy od teorii dekolonialnej do do\u015bwiadczenia \u017cyciowego: od polityki uznania i granic \u201eakceptowalnych rozm\u00f3wc\u00f3w\u201d, po uwi\u0119zienie Cleo po misji flotylli do Gazy. Cleo zastanawia si\u0119 nad tym, co znaczy s\u0142ysze\u0107 bomby z \u0142odzi oddalonej o 65 kilometr\u00f3w od wybrze\u017ca, jak inicjatywy humanitarne staj\u0105 si\u0119 ruchami na rzecz praw cz\u0142owieka i dlaczego nawet w wi\u0119zieniu piosenki, rysunki i przes\u0142ania ukryte w \u015bcianach staj\u0105 si\u0119 cichym archiwum nadziei.<\/span><\/p>\n<p> <span style=\"font-weight: 400;\">Ta rozmowa podwa\u017ca s\u0142ownik pokoju, globalne struktury normalizuj\u0105ce bezkarno\u015b\u0107 oraz emocjonalny ci\u0119\u017car, jaki nios\u0105 ze sob\u0105 ci, kt\u00f3rzy nie odwracaj\u0105 wzroku. Przede wszystkim przypomina nam, \u017ce sprawiedliwo\u015b\u0107 nie jest abstrakcyjn\u0105 przysz\u0142o\u015bci\u0105 \u2013 to codzienna praca spo\u0142eczno\u015bci walcz\u0105cych o swoj\u0105 godno\u015b\u0107.<\/span><\/p>\n<p> <span style=\"font-weight: 400;\">\ud83c\udf99\ufe0f Wyprodukowane przez Georgiosa Karagiorgosa dla European Youth Press i Pulse-Z<\/span><\/p>\n<\/p>\n<p> Czym jest Vox Civica? <\/p>\n<p><a href=\"https:\/\/open.spotify.com\/show\/7Cjs8AE7zUhx6Pa7Gz6VIS?si=ffa0490f0a6b4e47\" target=\"_blank\" rel=\"noopener\"><span style=\"font-weight: 400;\">Vox Civica \u2013 Where Democracy has a Voice<\/span><\/a> <span style=\"font-weight: 400;\">to podcast o tym, jak demokracja jest prze\u017cywana, testowana i na nowo definiowana we wsp\u00f3\u0142czesnym \u015bwiecie. Przybli\u017ca s\u0142uchaczom rozmowy i konflikty, kt\u00f3re definiuj\u0105 dzisiejsze \u017cycie obywatelskie \u2013 od ulic, gdzie rozpoczynaj\u0105 si\u0119 protesty, po instytucje, w kt\u00f3rych kszta\u0142tuj\u0105 si\u0119 strategie. W ka\u017cdym odcinku wypowiadaj\u0105 si\u0119 przedstawiciele dziennikarstwa, aktywizmu, \u015brodowiska akademickiego i ruch\u00f3w na rzecz praw cyfrowych, badaj\u0105c, jak ludzie stawiaj\u0105 czo\u0142a w\u0142adzy, broni\u0105 wolno\u015bci i dostosowuj\u0105 warto\u015bci demokratyczne do epoki inwigilacji, dezinformacji i szybkich zmian technologicznych. Kr\u00f3tko m\u00f3wi\u0105c, to przestrze\u0144, w kt\u00f3rej krytyczne my\u015blenie spotyka si\u0119 z obywatelsk\u0105 wyobra\u017ani\u0105 \u2013 \u015bledz\u0105c zmagania, idee i wsp\u00f3\u0142prac\u0119, kt\u00f3re podtrzymuj\u0105 demokracj\u0119 przy \u017cyciu w XXI wieku.<\/span><\/p>\n<p><b>O go\u015bciu:<\/b><\/p>\n<p> <span style=\"font-weight: 400;\">Kleoniki Alexopoulou jest historyczk\u0105 ekonomiczn\u0105 i spo\u0142eczn\u0105, specjalizuj\u0105c\u0105 si\u0119 w Globalnym Po\u0142udniu. Obecnie jest profesorem wizytuj\u0105cym na Uniwersytecie Narodowym im. Kapodistriasa w Atenach, a przez ostatni rok by\u0142a stypendystk\u0105 podoktorsk\u0105 w Instytucie Studi\u00f3w Mi\u0119dzynarodowych i Regionalnych w Princeton. Jej badania dotycz\u0105 formowania si\u0119 pa\u0144stw kolonialnych, system\u00f3w fiskalnych, rynku pracy i rozwoju opieki spo\u0142ecznej w kontekstach peryferyjnych. Jej prace by\u0142y prezentowane na konferencjach mi\u0119dzynarodowych oraz publikowane w recenzowanych czasopismach i tomach zbiorowych, opieraj\u0105c si\u0119 na obszernych badaniach terenowych w wielu regionach Afryki. Jednocze\u015bnie zasiada w komitecie steruj\u0105cym Global Sumud Flotilla.<\/span><\/p>\n","protected":false},"excerpt":{"rendered":"<p>Pacyfikacja czy wyzwolenie? Co oznacza wyzwolenie, gdy humanitaryzm zderza si\u0119 z systemami dominacji? W tym odcinku go\u015bcinnie wyst\u0105pi\u0142a Cleo Alexopoulou \u2014 historyczka, badaczka i cz\u0142onkini Global Sumud Flotilla \u2014 aby przyjrze\u0107 si\u0119 bli\u017cej temu, w [&hellip;]<\/p>\n","protected":false},"author":355,"featured_media":60856,"comment_status":"closed","ping_status":"closed","sticky":false,"template":"","format":"standard","meta":{"_acf_changed":false,"footnotes":""},"categories":[647,569,706],"tags":[16594,12863,14433,16595,16596,16597,16598,16599,16600,16601,16602,2595,16603,2196,16604,16605,16606,16607,8454,16608,16609,16610,11810,16611],"post_formats":[759],"coauthors":[4037],"class_list":["post-65291","post","type-post","status-publish","format-standard","has-post-thumbnail","hentry","category-laczac-kropki","category-ogolne","category-sprawy-biezace","tag-academic-research-pl","tag-activism-pl","tag-civil-society-pl","tag-cleo-alexopoulou-pl","tag-colonial-legacies-pl","tag-decolonial-theory-pl","tag-detention-pl","tag-gaza-flotilla-pl","tag-global-justice-pl","tag-global-south-pl","tag-global-sumud-flotilla-pl","tag-human-rights-pl","tag-humanitarian-missions-pl","tag-international-law-pl","tag-liberation-movements-pl","tag-mediterranean-politics-pl","tag-middle-east-politics-pl","tag-occupation-pl","tag-palestine-pl","tag-political-recognition-pl","tag-resistance-pl","tag-self-determination-pl","tag-social-movements-pl","tag-solidarity-movements-pl","post_formats-podcast-pl"],"acf":[],"_links":{"self":[{"href":"https:\/\/www.pulse-z.eu\/pl\/wp-json\/wp\/v2\/posts\/65291","targetHints":{"allow":["GET"]}}],"collection":[{"href":"https:\/\/www.pulse-z.eu\/pl\/wp-json\/wp\/v2\/posts"}],"about":[{"href":"https:\/\/www.pulse-z.eu\/pl\/wp-json\/wp\/v2\/types\/post"}],"author":[{"embeddable":true,"href":"https:\/\/www.pulse-z.eu\/pl\/wp-json\/wp\/v2\/users\/355"}],"replies":[{"embeddable":true,"href":"https:\/\/www.pulse-z.eu\/pl\/wp-json\/wp\/v2\/comments?post=65291"}],"version-history":[{"count":8,"href":"https:\/\/www.pulse-z.eu\/pl\/wp-json\/wp\/v2\/posts\/65291\/revisions"}],"predecessor-version":[{"id":65362,"href":"https:\/\/www.pulse-z.eu\/pl\/wp-json\/wp\/v2\/posts\/65291\/revisions\/65362"}],"wp:featuredmedia":[{"embeddable":true,"href":"https:\/\/www.pulse-z.eu\/pl\/wp-json\/wp\/v2\/media\/60856"}],"wp:attachment":[{"href":"https:\/\/www.pulse-z.eu\/pl\/wp-json\/wp\/v2\/media?parent=65291"}],"wp:term":[{"taxonomy":"category","embeddable":true,"href":"https:\/\/www.pulse-z.eu\/pl\/wp-json\/wp\/v2\/categories?post=65291"},{"taxonomy":"post_tag","embeddable":true,"href":"https:\/\/www.pulse-z.eu\/pl\/wp-json\/wp\/v2\/tags?post=65291"},{"taxonomy":"post_formats","embeddable":true,"href":"https:\/\/www.pulse-z.eu\/pl\/wp-json\/wp\/v2\/post_formats?post=65291"},{"taxonomy":"author","embeddable":true,"href":"https:\/\/www.pulse-z.eu\/pl\/wp-json\/wp\/v2\/coauthors?post=65291"}],"curies":[{"name":"wp","href":"https:\/\/api.w.org\/{rel}","templated":true}]}}