{"id":64560,"date":"2025-11-10T14:55:54","date_gmt":"2025-11-10T14:55:54","guid":{"rendered":"https:\/\/www.pulse-z.eu\/latvia-parliament-votes-to-withdraw-from-istanbul-convention-blow-to-womens-rights-protection\/"},"modified":"2025-12-03T14:56:27","modified_gmt":"2025-12-03T14:56:27","slug":"lotwa-wycofanie-sie-z-konwencji-stambulskiej-wstrzymane-po-wecie-prezydenckim-i-masowych-protestach","status":"publish","type":"post","link":"https:\/\/www.pulse-z.eu\/pl\/lotwa-wycofanie-sie-z-konwencji-stambulskiej-wstrzymane-po-wecie-prezydenckim-i-masowych-protestach\/","title":{"rendered":"\u0141otwa: Wycofanie si\u0119 z Konwencji Stambulskiej wstrzymane po wecie prezydenckim i masowych protestach"},"content":{"rendered":"\n<p><span style=\"font-weight: 400;\">\u0141otwa sta\u0142a si\u0119 centrum intensywnej konfrontacji politycznej i spo\u0142ecznej dotycz\u0105cej praw kobiet, zobowi\u0105za\u0144 mi\u0119dzynarodowych i wp\u0142ywu ruch\u00f3w antygenderowych. Pod koniec pa\u017adziernika 2025 roku parlament \u0141otwy niewielk\u0105 wi\u0119kszo\u015bci\u0105 g\u0142os\u00f3w opowiedzia\u0142 si\u0119 za rozpocz\u0119ciem procesu wycofywania si\u0119 z<\/span> <a href=\"https:\/\/bip.brpo.gov.pl\/sites\/default\/files\/Konwencja%20Stambulska%20-%20tekst.pdf\" target=\"_blank\" rel=\"noopener\"><span style=\"font-weight: 400;\">Konwencji Stambulskiej<\/span><\/a> <span style=\"font-weight: 400;\">, najobszerniejszego traktatu Rady Europy dotycz\u0105cego zapobiegania i zwalczania przemocy wobec kobiet. Decyzja ta natychmiast<\/span> <a href=\"https:\/\/freepolicybriefs.org\/2025\/11\/17\/latvia-istanbul-convention-withdrawal\/#:~:text=Latvia%20ratified%20the%20Istanbul%20Convention,from%20the%20Convention&#039;s%20core%20principles.\" target=\"_blank\" rel=\"noopener\"><span style=\"font-weight: 400;\">wywo\u0142a\u0142a<\/span><\/a> <span style=\"font-weight: 400;\">oburzenie w kraju, zaniepokojenie mi\u0119dzynarodowe i konflikt konstytucyjny, kt\u00f3ry pozostawi\u0142 przysz\u0142e relacje kraju z Konwencj\u0105 pod znakiem zapytania.<\/span><\/p>\n<\/p>\n<h2> <b>G\u0142\u0119boko dziel\u0105ca decyzja parlamentarna<\/b><\/h2>\n<p> <span style=\"font-weight: 400;\">G\u0142osowanie<\/span> 30 pa\u017adziernika 2025 roku odby\u0142o si\u0119 po ponad trzynastu godzinach burzliwej debaty. Pi\u0119\u0107dziesi\u0119ciu sze\u015bciu pos\u0142\u00f3w popar\u0142o wycofanie wniosku, trzydziestu dw\u00f3ch by\u0142o przeciwnych, a dw\u00f3ch wstrzyma\u0142o si\u0119 od g\u0142osu. Inicjatyw\u0119 zainicjowa\u0142y partie konserwatywne i nacjonalistyczne, argumentuj\u0105ce <a href=\"https:\/\/www.rmf24.pl\/polityka\/news-historyczna-decyzja-lotewskiego-parlamentu-w-kraju-protesty,nId,8036199\" target=\"_blank\" rel=\"noopener\"><span style=\"font-weight: 400;\">,<\/span><\/a> <span style=\"font-weight: 400;\">\u017ce zawarta w Konwencji definicja p\u0142ci jako spo\u0142ecznie konstruowanej roli promuje nieakceptowalny program ideologiczny. Twierdzili, \u017ce obowi\u0105zuj\u0105ce na \u0141otwie przepisy prawne odnosz\u0105 si\u0119 ju\u017c do przemocy domowej, a Konwencja jest zb\u0119dna lub nachalna. Argumenty te odzwierciedla\u0142y szersze napi\u0119cia kulturowe i polityczne, kt\u00f3re nasili\u0142y si\u0119 w ostatnich latach, a normy p\u0142ciowe sta\u0142y si\u0119 kluczowym polem bitwy w \u0142otewskiej polityce.<\/span><\/p>\n<p> <span style=\"font-weight: 400;\">Przeciwnicy, w tym organizacje spo\u0142ecze\u0144stwa obywatelskiego, eksperci prawni i wielu cz\u0142onk\u00f3w koalicji rz\u0105dz\u0105cej, podkre\u015blali, \u017ce takie<\/span> <a href=\"https:\/\/www.reuters.com\/world\/latvian-parliament-votes-quit-convention-protecting-women-2025-10-30\/\" target=\"_blank\" rel=\"noopener\"><span style=\"font-weight: 400;\">twierdzenia<\/span><\/a> <span style=\"font-weight: 400;\">wypaczaj\u0105 cele Konwencji. Traktat nie redefiniuje p\u0142ci biologicznej ani nie narzuca zmian w strukturach rodziny; zobowi\u0105zuje natomiast pa\u0144stwa do zapobiegania przemocy, ochrony ofiar i \u015bcigania sprawc\u00f3w. Krytycy ostrzegali, \u017ce wycofanie si\u0119 z Konwencji zagrozi bezpiecze\u0144stwu kobiet, zaszkodzi mi\u0119dzynarodowej wiarygodno\u015bci \u0141otwy i oddali kraj od europejskich standard\u00f3w praw cz\u0142owieka. Moment podj\u0119cia decyzji wzbudzi\u0142 jeszcze wi\u0119ksze zainteresowanie, poniewa\u017c nast\u0105pi\u0142 zaledwie kilka dni przed planowan\u0105 wizyt\u0105 ewaluacyjn\u0105 GREVIO, niezale\u017cnego organu monitoruj\u0105cego Konwencj\u0119.<\/span><\/p>\n<div id=\"attachment_62174\" style=\"width: 610px\" class=\"wp-caption alignnone\"><img aria-describedby=\"caption-attachment-62174\" loading=\"lazy\" decoding=\"async\" class=\" wp-image-62174\" src=\"https:\/\/www.pulse-z.eu\/wp-content\/uploads\/2025\/10\/Evika-Silin-Latvia-Prime-minister--scaled.jpg\" alt=\"\" width=\"600\" height=\"400\" srcset=\"https:\/\/www.pulse-z.eu\/wp-content\/uploads\/2025\/10\/Evika-Silin-Latvia-Prime-minister--scaled.jpg 2560w, https:\/\/www.pulse-z.eu\/wp-content\/uploads\/2025\/10\/Evika-Silin-Latvia-Prime-minister--768x512.jpg 768w, https:\/\/www.pulse-z.eu\/wp-content\/uploads\/2025\/10\/Evika-Silin-Latvia-Prime-minister--1536x1024.jpg 1536w, https:\/\/www.pulse-z.eu\/wp-content\/uploads\/2025\/10\/Evika-Silin-Latvia-Prime-minister--2048x1365.jpg 2048w\" sizes=\"auto, (max-width: 600px) 100vw, 600px\" \/><\/p>\n<p id=\"caption-attachment-62174\" class=\"wp-caption-text\"> Evika SILI\u0145A (premier \u0141otwy). \u0179r\u00f3d\u0142o: <a href=\"https:\/\/newsroom.consilium.europa.eu\/permalink\/p212388\" target=\"_blank\" rel=\"noopener\">Rada Europy<\/a><\/p>\n<\/div>\n<div id=\"attachment_62182\" style=\"width: 610px\" class=\"wp-caption alignnone\"><img aria-describedby=\"caption-attachment-62182\" loading=\"lazy\" decoding=\"async\" class=\" wp-image-62182\" src=\"https:\/\/www.pulse-z.eu\/wp-content\/uploads\/2025\/10\/Antonio-COSTA-President-of-the-European-Council-Evika-SILINA-Prime-Minister-Latvia-scaled.jpg\" alt=\"\" width=\"600\" height=\"400\" srcset=\"https:\/\/www.pulse-z.eu\/wp-content\/uploads\/2025\/10\/Antonio-COSTA-President-of-the-European-Council-Evika-SILINA-Prime-Minister-Latvia-scaled.jpg 2560w, https:\/\/www.pulse-z.eu\/wp-content\/uploads\/2025\/10\/Antonio-COSTA-President-of-the-European-Council-Evika-SILINA-Prime-Minister-Latvia-768x512.jpg 768w, https:\/\/www.pulse-z.eu\/wp-content\/uploads\/2025\/10\/Antonio-COSTA-President-of-the-European-Council-Evika-SILINA-Prime-Minister-Latvia-1536x1025.jpg 1536w, https:\/\/www.pulse-z.eu\/wp-content\/uploads\/2025\/10\/Antonio-COSTA-President-of-the-European-Council-Evika-SILINA-Prime-Minister-Latvia-2048x1366.jpg 2048w\" sizes=\"auto, (max-width: 600px) 100vw, 600px\" \/><\/p>\n<p id=\"caption-attachment-62182\" class=\"wp-caption-text\"> Ant\u00f3nio COSTA (Przewodnicz\u0105cy Rady Europejskiej), Evika SILI\u0145A (Premier, \u0141otwa). \u0179r\u00f3d\u0142o: <a href=\"https:\/\/newsroom.consilium.europa.eu\/permalink\/p210137\" target=\"_blank\" rel=\"noopener\">Consilium Europa<\/a><\/p>\n<\/div>\n<h2><b>Prezydent interweniuje<\/b><\/h2>\n<p> <span style=\"font-weight: 400;\">Polityczne wstrz\u0105sy nasili\u0142y si\u0119, gdy prezydent<\/span> <b>Edgars Rink\u0113vi\u010ds<\/b> <span style=\"font-weight: 400;\">og\u0142osi\u0142 3 listopada 2025 roku, \u017ce<\/span> <a href=\"https:\/\/www.euronews.com\/2025\/11\/03\/latvias-president-sends-law-withdrawing-from-istanbul-convention-back-to-saeima\" target=\"_blank\" rel=\"noopener\"><span style=\"font-weight: 400;\">nie<\/span><\/a> <span style=\"font-weight: 400;\">podpisze ustawy o wyst\u0105pieniu. W szczeg\u00f3\u0142owym wyja\u015bnieniu argumentowa\u0142, \u017ce ustawa zagra\u017ca bezpiecze\u0144stwu kobiet, nie ma jasnej podstawy prawnej i zagra\u017ca pozycji \u0141otwy w Unii Europejskiej. Podkre\u015bli\u0142, \u017ce wycofanie si\u0119 z traktatu o prawach cz\u0142owieka stanowi\u0142oby szkodliwy precedens, czyni\u0105c \u0141otw\u0119 pierwszym pa\u0144stwem cz\u0142onkowskim UE, kt\u00f3re to zrobi\u0142o, i dopiero drugim pa\u0144stwem na \u015bwiecie, kt\u00f3re wyst\u0105pi\u0142o z Konwencji Stambulskiej. Prezydent odes\u0142a\u0142 projekt ustawy do parlamentu, zalecaj\u0105c, aby wszelkie dalsze rozwa\u017cania wstrzyma\u0107 do czasu kolejnych wybor\u00f3w parlamentarnych w pa\u017adzierniku 2026 roku.<\/span><\/p>\n<p> <span style=\"font-weight: 400;\">Po jego interwencji parlament skierowa\u0142 projekt ustawy z powrotem do Komisji Spraw Zagranicznych w celu przeprowadzenia rozszerzonego przegl\u0105du. W zwi\u0105zku z tym proces zosta\u0142 zawieszony, a przysz\u0142o\u015b\u0107 wyj\u015bcia Wielkiej Brytanii z UE pozostaje nierozstrzygni\u0119ta. Niekt\u00f3rzy ustawodawcy zasugerowali, \u017ce do rozstrzygni\u0119cia tej kwestii mo\u017ce by\u0107 ostatecznie konieczne referendum og\u00f3lnokrajowe.<\/span><\/p>\n<\/p>\n<h2> <b>Mobilizacja publiczna<\/b><\/h2>\n<p> <span style=\"font-weight: 400;\">Pierwsze g\u0142osowanie wywo\u0142a\u0142o<\/span> <a href=\"https:\/\/www.lastradainternational.org\/news\/latvian-parliament-voted-to-withdraw-from-the-istanbul-convention\/#:~:text=In%20October%2C%20Latvia&#039;s%20parliament%20voted,gender%20norms%20remain%20deeply%20traditional.\" target=\"_blank\" rel=\"noopener\"><span style=\"font-weight: 400;\">najwi\u0119ksz\u0105<\/span><\/a> <span style=\"font-weight: 400;\">fal\u0119 mobilizacji spo\u0142ecznej na \u0141otwie w ostatnich latach. Tysi\u0105ce ludzi maszerowa\u0142o ulicami Rygi, domagaj\u0105c si\u0119 pozostania \u0141otwy w Konwencji. Organizacje spo\u0142ecze\u0144stwa obywatelskiego szybko si\u0119 zmobilizowa\u0142y, koordynuj\u0105c protesty, debaty i kampanie rzecznicze. Petycja publiczna wzywaj\u0105ca do zmiany decyzji sta\u0142a si\u0119 najwi\u0119ksz\u0105 w historii \u0141otwy. Partnerzy mi\u0119dzynarodowi, w tym ambasadorowie pi\u0119tnastu kraj\u00f3w i liderzy parlamentarni z ca\u0142ego regionu nordycko-ba\u0142tyckiego, publicznie wezwali \u0141otw\u0119 do wywi\u0105zania si\u0119 z podj\u0119tych zobowi\u0105za\u0144. Ich apele uwypukli\u0142y obawy, \u017ce wycofanie si\u0119 z Konwencji o\u015bmieli ruchy anty-prawne, os\u0142abi solidarno\u015b\u0107 regionaln\u0105 i podwa\u017cy wsp\u00f3lne wysi\u0142ki Europy w walce z przemoc\u0105 wobec kobiet.<\/span><\/p>\n<div id=\"attachment_62190\" style=\"width: 609px\" class=\"wp-caption alignnone\"><img aria-describedby=\"caption-attachment-62190\" loading=\"lazy\" decoding=\"async\" class=\" wp-image-62190\" src=\"https:\/\/www.pulse-z.eu\/wp-content\/uploads\/2025\/10\/Latvia-Source-Canva.jpg\" alt=\"\" width=\"599\" height=\"337\" srcset=\"https:\/\/www.pulse-z.eu\/wp-content\/uploads\/2025\/10\/Latvia-Source-Canva.jpg 1920w, https:\/\/www.pulse-z.eu\/wp-content\/uploads\/2025\/10\/Latvia-Source-Canva-768x432.jpg 768w, https:\/\/www.pulse-z.eu\/wp-content\/uploads\/2025\/10\/Latvia-Source-Canva-1536x864.jpg 1536w\" sizes=\"auto, (max-width: 599px) 100vw, 599px\" \/><\/p>\n<p id=\"caption-attachment-62190\" class=\"wp-caption-text\"> \u0141otwa [\u0179r\u00f3d\u0142o: Canva]<\/p>\n<\/div>\n<div id=\"attachment_62198\" style=\"width: 611px\" class=\"wp-caption alignnone\"><img aria-describedby=\"caption-attachment-62198\" loading=\"lazy\" decoding=\"async\" class=\" wp-image-62198\" src=\"https:\/\/www.pulse-z.eu\/wp-content\/uploads\/2025\/10\/Latvia-Source-Canva-1.jpg\" alt=\"\" width=\"601\" height=\"338\" srcset=\"https:\/\/www.pulse-z.eu\/wp-content\/uploads\/2025\/10\/Latvia-Source-Canva-1.jpg 1920w, https:\/\/www.pulse-z.eu\/wp-content\/uploads\/2025\/10\/Latvia-Source-Canva-1-768x432.jpg 768w, https:\/\/www.pulse-z.eu\/wp-content\/uploads\/2025\/10\/Latvia-Source-Canva-1-1536x864.jpg 1536w\" sizes=\"auto, (max-width: 601px) 100vw, 601px\" \/><\/p>\n<p id=\"caption-attachment-62198\" class=\"wp-caption-text\"> \u0141otwa [\u0179r\u00f3d\u0142o: Canva]<\/p>\n<\/div>\n<h2><b>Zapalny punkt polityczny i geopolityczny<\/b><\/h2>\n<p> <span style=\"font-weight: 400;\">Debata nad Konwencj\u0105 zmieni\u0142a \u0142otewski krajobraz polityczny. Rz\u0105dz\u0105ca koalicja uleg\u0142a destabilizacji i wewn\u0119trznym podzia\u0142om, a partie opozycyjne wykorzysta\u0142y kontrowersje do mobilizacji wyborc\u00f3w wok\u00f3\u0142 temat\u00f3w to\u017csamo\u015bci narodowej i suwerenno\u015bci. Analitycy zauwa\u017cyli, \u017ce retoryka otaczaj\u0105ca Konwencj\u0119 odzwierciedla szersze trendy europejskie, a ruchy populistyczne i antygenderowe zyskuj\u0105 na popularno\u015bci, cz\u0119sto wspierane dezinformacj\u0105 zwi\u0105zan\u0105 z wp\u0142ywami Kremla. Rosyjskoj\u0119zyczne media na \u0141otwie odegra\u0142y widoczn\u0105 rol\u0119 w nag\u0142o\u015bnieniu argument\u00f3w przeciwko Konwencji, przedstawiaj\u0105c j\u0105 jako zagro\u017cenie dla tradycyjnych warto\u015bci.<\/span><\/p>\n<p> <span style=\"font-weight: 400;\">Na poziomie europejskim decyzja \u0141otwy wzbudzi\u0142a obawy dotycz\u0105ce integralno\u015bci ram praw cz\u0142owieka i mo\u017cliwo\u015bci podj\u0119cia podobnych dzia\u0142a\u0144 w innych pa\u0144stwach. Chocia\u017c nowa dyrektywa Unii Europejskiej w sprawie zwalczania przemocy wobec kobiet pozostaje wi\u0105\u017c\u0105ca dla wszystkich pa\u0144stw cz\u0142onkowskich, stanowi ona jedynie minimalny standard i nie posiada niezale\u017cnego mechanizmu monitorowania przewidzianego w Konwencji Stambulskiej. Teoretycznie \u0141otwa mog\u0142aby wype\u0142ni\u0107 swoje zobowi\u0105zania prawne wobec UE, jednocze\u015bnie wycofuj\u0105c si\u0119 z Konwencji, ale taki krok mia\u0142by charakter g\u0142\u00f3wnie symboliczny i polityczny, a nie wynika\u0142by z konieczno\u015bci prawnej.<\/span><\/p>\n<\/p>\n<h2> <b>Niepewna droga przed nami<\/b><\/h2>\n<p> <span style=\"font-weight: 400;\">Do ko\u0144ca 2025 roku<\/span> <b>\u0141otwa nie wycofa\u0142a si\u0119 z Konwencji Stambulskiej<\/b> <span style=\"font-weight: 400;\">. Proces ten zosta\u0142<\/span> <a href=\"https:\/\/equalitynow.org\/news\/news-and-insights\/whats-happening-in-latvia-with-the-istanbul-convention\/\" target=\"_blank\" rel=\"noopener\"><span style=\"font-weight: 400;\">wstrzymany<\/span><\/a> <span style=\"font-weight: 400;\">, a kraj nadal jest zwi\u0105zany traktatem. Oczekuje si\u0119, \u017ce kwestia ta powr\u00f3ci w okresie poprzedzaj\u0105cym wybory parlamentarne w pa\u017adzierniku 2026 roku, gdzie prawdopodobnie stanie si\u0119 centralnym tematem debaty politycznej. Tymczasem organizacje dzia\u0142aj\u0105ce na rzecz praw kobiet, obserwatorzy mi\u0119dzynarodowi i partnerzy demokratyczni nadal uwa\u017cnie monitoruj\u0105 rozw\u00f3j sytuacji, \u015bwiadomi, \u017ce konsekwencje wykraczaj\u0105 daleko poza granice \u0141otwy.<\/span><\/p>\n<p> <span style=\"font-weight: 400;\">Walka o Konwencj\u0119 Stambulsk\u0105 stanowi prze\u0142omowy moment dla zaanga\u017cowania \u0141otwy w prawa cz\u0142owieka i r\u00f3wno\u015b\u0107 p\u0142ci. Jest to r\u00f3wnie\u017c test odporno\u015bci demokratycznej w obliczu dezinformacji, polaryzacji politycznej i presji geopolitycznej. To, czy \u0141otwa ostatecznie pozostanie w Konwencji, b\u0119dzie silnym sygna\u0142em dla Europy: albo potwierdzi wsp\u00f3lne zaanga\u017cowanie kontynentu w ochron\u0119 kobiet i dziewcz\u0105t przed przemoc\u0105, albo otworzy drog\u0119 do bezprecedensowego wycofania si\u0119 z mi\u0119dzynarodowych zobowi\u0105za\u0144 w zakresie praw cz\u0142owieka.<\/span><\/p>\n","protected":false},"excerpt":{"rendered":"<p>\u0141otwa sta\u0142a si\u0119 centrum intensywnej konfrontacji politycznej i spo\u0142ecznej dotycz\u0105cej praw kobiet, zobowi\u0105za\u0144 mi\u0119dzynarodowych i wp\u0142ywu ruch\u00f3w antygenderowych. Pod koniec pa\u017adziernika 2025 roku parlament \u0141otwy niewielk\u0105 wi\u0119kszo\u015bci\u0105 g\u0142os\u00f3w opowiedzia\u0142 si\u0119 za rozpocz\u0119ciem procesu wycofywania si\u0119 [&hellip;]<\/p>\n","protected":false},"author":227,"featured_media":62179,"comment_status":"closed","ping_status":"closed","sticky":false,"template":"","format":"standard","meta":{"_acf_changed":false,"footnotes":""},"categories":[705,711,707,706],"tags":[15841,15842,15843,5890,1172,8219,15844,2595,15845,8045,15846,15847,15848,15849,15850],"post_formats":[655],"coauthors":[4032],"class_list":["post-64560","post","type-post","status-publish","format-standard","has-post-thumbnail","hentry","category-dziedzictwo-kulturowe","category-mlodziez","category-roznorodnosc-i-wlaczenie","category-sprawy-biezace","tag-civil-protests-pl","tag-conservative-movement-pl","tag-domestic-violence-pl","tag-european-politics-pl","tag-european-union-pl","tag-gender-equality-pl","tag-gender-ideology-pl","tag-human-rights-pl","tag-istanbul-convention-pl","tag-latvia-pl","tag-parliament-vote-pl","tag-political-division-pl","tag-riga-demonstrations-pl","tag-social-debate-pl","tag-womens-rights-pl","post_formats-artykuly"],"acf":[],"_links":{"self":[{"href":"https:\/\/www.pulse-z.eu\/pl\/wp-json\/wp\/v2\/posts\/64560","targetHints":{"allow":["GET"]}}],"collection":[{"href":"https:\/\/www.pulse-z.eu\/pl\/wp-json\/wp\/v2\/posts"}],"about":[{"href":"https:\/\/www.pulse-z.eu\/pl\/wp-json\/wp\/v2\/types\/post"}],"author":[{"embeddable":true,"href":"https:\/\/www.pulse-z.eu\/pl\/wp-json\/wp\/v2\/users\/227"}],"replies":[{"embeddable":true,"href":"https:\/\/www.pulse-z.eu\/pl\/wp-json\/wp\/v2\/comments?post=64560"}],"version-history":[{"count":9,"href":"https:\/\/www.pulse-z.eu\/pl\/wp-json\/wp\/v2\/posts\/64560\/revisions"}],"predecessor-version":[{"id":70643,"href":"https:\/\/www.pulse-z.eu\/pl\/wp-json\/wp\/v2\/posts\/64560\/revisions\/70643"}],"wp:featuredmedia":[{"embeddable":true,"href":"https:\/\/www.pulse-z.eu\/pl\/wp-json\/wp\/v2\/media\/62179"}],"wp:attachment":[{"href":"https:\/\/www.pulse-z.eu\/pl\/wp-json\/wp\/v2\/media?parent=64560"}],"wp:term":[{"taxonomy":"category","embeddable":true,"href":"https:\/\/www.pulse-z.eu\/pl\/wp-json\/wp\/v2\/categories?post=64560"},{"taxonomy":"post_tag","embeddable":true,"href":"https:\/\/www.pulse-z.eu\/pl\/wp-json\/wp\/v2\/tags?post=64560"},{"taxonomy":"post_formats","embeddable":true,"href":"https:\/\/www.pulse-z.eu\/pl\/wp-json\/wp\/v2\/post_formats?post=64560"},{"taxonomy":"author","embeddable":true,"href":"https:\/\/www.pulse-z.eu\/pl\/wp-json\/wp\/v2\/coauthors?post=64560"}],"curies":[{"name":"wp","href":"https:\/\/api.w.org\/{rel}","templated":true}]}}