{"id":63899,"date":"2025-11-08T17:00:26","date_gmt":"2025-11-08T17:00:26","guid":{"rendered":"https:\/\/www.pulse-z.eu\/the-rhetoric-of-mandelas-inspiration\/"},"modified":"2025-11-09T19:16:37","modified_gmt":"2025-11-09T19:16:37","slug":"retoryka-inspiracji-mandeli","status":"publish","type":"post","link":"https:\/\/www.pulse-z.eu\/pl\/retoryka-inspiracji-mandeli\/","title":{"rendered":"Retoryka inspiracji Mandeli"},"content":{"rendered":"\n<p>Dyskryminacja rasowa sta\u0142a si\u0119 sposobem na \u017cycie, ale doprowadzi\u0142a do powa\u017cnych problem\u00f3w spo\u0142ecznych i politycznych, w tym przemocy, ub\u00f3stwa, a przede wszystkim niesprawiedliwo\u015bci. Poniewa\u017c system ten narusza\u0142 podstawowe prawa cz\u0142owieka, nie tylko z prawnego, ale tak\u017ce z czysto moralnego, ludzkiego punktu widzenia, miejscowa ludno\u015b\u0107 rozpocz\u0119\u0142a ruch w kierunku demokracji.<\/p>\n<p> Jedn\u0105 z czo\u0142owych postaci tego procesu by\u0142 Nelson Mandela. Urodzi\u0142 si\u0119 w 1918 roku w Republice Po\u0142udniowej Afryki. Studiowa\u0142 prawo i do\u0142\u0105czy\u0142 do <a href=\"https:\/\/www.britannica.com\/topic\/African-National-Congress\" target=\"_blank\" rel=\"noopener\">Afryka\u0144skiego Kongresu Narodowego<\/a> (ANC), wiod\u0105cej organizacji walcz\u0105cej z apartheidem.<br \/> W 1962 roku, po latach walki, Mandela zosta\u0142 aresztowany i skazany na do\u017cywocie za dzia\u0142ania na rzecz wolno\u015bci i r\u00f3wno\u015bci. W 1990 roku, po wielu latach sp\u0119dzonych w wi\u0119zieniu, zosta\u0142 zwolniony, a w 1994 roku zosta\u0142 pierwszym czarnosk\u00f3rym prezydentem RPA, obiecuj\u0105c narodowi pok\u00f3j, jedno\u015b\u0107 i koniec podzia\u0142\u00f3w.<\/p>\n<p> Nelson Mandela rozpocz\u0105\u0142 edukacj\u0119 w ma\u0142ej wiosce Mvezo w Republice Po\u0142udniowej Afryki, gdzie uczy\u0142 si\u0119 pod okiem lokalnego wodza. P\u00f3\u017aniej kontynuowa\u0142 nauk\u0119 w Prince&#39;s Far East Academy, gdzie studiowa\u0142 j\u0119zyk angielski, histori\u0119 i geografi\u0119. Nast\u0119pnie Mandela rozpocz\u0105\u0142 studia prawnicze na Uniwersytecie Fort Hare, ale przerwa\u0142 je po protestach przeciwko polityce uniwersytetu i kontynuowa\u0142 nauk\u0119 w trybie zdalnym. Ostatecznie uko\u0144czy\u0142 studia prawnicze na Uniwersytecie Witwatersrand w 1942 roku.<\/p>\n<\/p>\n<p>Jego wykszta\u0142cenie znalaz\u0142o odzwierciedlenie w jego umiej\u0119tno\u015bciach oratorskich, kt\u00f3re by\u0142y kluczowym narz\u0119dziem dyplomatycznym Mandeli. Jego przem\u00f3wienia odzwierciedla\u0142y nie tylko jego determinacj\u0119, ale tak\u017ce zaanga\u017cowanie w walk\u0119 o sprawiedliwo\u015b\u0107 i wolno\u015b\u0107 dla wszystkich. Jednym z jego najs\u0142ynniejszych przem\u00f3wie\u0144 by\u0142o trzygodzinne przem\u00f3wienie z \u0142awy oskar\u017conych. Pomimo ogromnego wp\u0142ywu, jaki wywar\u0142, nie zosta\u0142 zwolniony z kary.<br \/> Sta\u0142o si\u0119 to dopiero 27 lat p\u00f3\u017aniej, pod presj\u0105 opinii publicznej. Nast\u0119pnie zacz\u0105\u0142 uczestniczy\u0107 w negocjacjach pokojowych w Kongo, Burundi i wielu innych krajach Afryki ogarni\u0119tych konfliktami. W ten spos\u00f3b w 1993 roku Mandela otrzyma\u0142 Pokojow\u0105 Nagrod\u0119 Nobla, a tak\u017ce 250 innych odznacze\u0144, w tym <a href=\"https:\/\/en.wikipedia.org\/wiki\/Orders,_decorations,_and_medals_of_Bulgaria#Orders\" target=\"_blank\" rel=\"noopener\">Order Starej Planiny<\/a> , <a href=\"https:\/\/www.europarl.europa.eu\/sakharovprize\/en\/home\" target=\"_blank\" rel=\"noopener\">Nagrod\u0119 Sacharowa<\/a> , <a href=\"https:\/\/www.unesco.org\/en\/prizes\/felix-houphouet-boigny\" target=\"_blank\" rel=\"noopener\">Pokojow\u0105 Nagrod\u0119 UNESCO im. F\u00e9lixa Houphou\u00ebt-Boigny&#39;ego<\/a> i inne.<\/p>\n<p> Jest autorem ksi\u0105\u017cek, na przyk\u0142ad \u201e <a href=\"https:\/\/www.goodreads.com\/book\/show\/370775.No_Easy_Walk_to_Freedom\" target=\"_blank\" rel=\"noopener\">There Is No Easy Walk to Freedom<\/a> \u201d. Jego najwi\u0119kszym osi\u0105gni\u0119ciem jest to, \u017ce zosta\u0142 pierwszym czarnosk\u00f3rym prezydentem wybranym w wyborach w pe\u0142ni reprezentatywnych.<br \/> Jednym z najs\u0142ynniejszych cytat\u00f3w Mandeli jest: \u201eEdukacja jest najpot\u0119\u017cniejsz\u0105 broni\u0105, jakiej mo\u017cesz u\u017cy\u0107, aby zmieni\u0107 \u015bwiat\u201d. Zasada ta stanowi fundamentalny element jego filozofii przekszta\u0142cania spo\u0142ecze\u0144stwa poprzez edukacj\u0119.<br \/> W innym przem\u00f3wieniu z 1994 r. wyrazi\u0142 przede wszystkim wdzi\u0119czno\u015b\u0107 za to, co uda\u0142o si\u0119 osi\u0105gn\u0105\u0107:<\/p>\n<p> \u201eNadszed\u0142 czas, by uleczy\u0107 rany. Nadszed\u0142 moment, by pokona\u0107 przepa\u015bcie, kt\u00f3re nas dziel\u0105.<br \/> Czas budowania jest przed nami. W ko\u0144cu osi\u0105gn\u0119li\u015bmy nasz\u0105 polityczn\u0105 emancypacj\u0119. Jeste\u015bmy zobowi\u0105zani do uwolnienia wszystkich naszych ludzi od trwaj\u0105cej niewoli ub\u00f3stwa, niedostatku, cierpienia, dyskryminacji ze wzgl\u0119du na p\u0142e\u0107 i innych.<\/p>\n<p> Zastosowanym przez niego \u015brodkiem retorycznym jest zasada powt\u00f3rzenia, kt\u00f3ra podkre\u015bla jego pragnienia. W tym przypadku jest to nadzieja na przysz\u0142o\u015b\u0107, poniewa\u017c jego plany s\u0105 ambitniejsze, ni\u017c si\u0119 wydaje. Nelson Mandela opisuje motywy swoich dzia\u0142a\u0144 z humanitaryzmem i patriotyzmem: \u201eNigdy, nigdy i nigdy wi\u0119cej ten pi\u0119kny kraj nie do\u015bwiadczy ucisku jednych przez drugich i nie zniesie upokorzenia bycia n\u0119dzarzem \u015bwiata\u201d.<br \/> Wyrazi\u0142 r\u00f3wnie\u017c swoje cele na przysz\u0142o\u015b\u0107 w przem\u00f3wieniu do Organizacji Narod\u00f3w Zjednoczonych w 1990 roku: \u201eDystans, kt\u00f3ry mamy do pokonania, nie jest d\u0142ugi. Pokonajmy go razem. Poprzez nasze wsp\u00f3lne dzia\u0142ania bro\u0144my cel\u00f3w, dla kt\u00f3rych ta organizacja zosta\u0142a powo\u0142ana i stw\u00f3rzmy sytuacj\u0119, w kt\u00f3rej jej <a href=\"https:\/\/www.un.org\/en\/about-us\/un-charter\" target=\"_blank\" rel=\"noopener\">Karta<\/a> i <a href=\"https:\/\/www.un.org\/en\/about-us\/universal-declaration-of-human-rights\" target=\"_blank\" rel=\"noopener\">Powszechna Deklaracja Praw Cz\u0142owieka<\/a> stan\u0105 si\u0119 cz\u0119\u015bci\u0105 systemu prawnego, na kt\u00f3rym b\u0119dzie opiera\u0142 si\u0119 porz\u0105dek polityczny i spo\u0142eczny nowej Po\u0142udniowej Afryki. Nasze wsp\u00f3lne zwyci\u0119stwo jest zapewnione\u201d. W tym miejscu odnosi si\u0119 do wsp\u00f3lnych wysi\u0142k\u00f3w zjednoczonego narodu, kt\u00f3ry jest jego marzeniem i powodem jego walki;<\/p>\n<p> Nelson Mandela by\u0142 niezwyk\u0142ym m\u00f3wc\u0105, obdarzonym wyj\u0105tkow\u0105 zdolno\u015bci\u0105 do przekazywania z\u0142o\u017conych idei dotycz\u0105cych sprawiedliwo\u015bci, r\u00f3wno\u015bci i pojednania w spos\u00f3b jasny i zrozumia\u0142y dla ka\u017cdego. Mandela przemawia\u0142 ze spokojem, ale stanowczo\u015bci\u0105, wykorzystuj\u0105c pauzy i ton g\u0142osu, aby jego s\u0142owa by\u0142y bardziej przekonuj\u0105ce i zapadaj\u0105ce w pami\u0119\u0107. To, co czyni\u0142o go prawdziwie inspiruj\u0105cym, to fakt, \u017ce jego przem\u00f3wienia czerpa\u0142y z do\u015bwiadczenia \u2013 lata walki z apartheidem, d\u0142ugie uwi\u0119zienie i zaanga\u017cowanie w przebaczenie nadawa\u0142y jego s\u0142owom autentyczno\u015b\u0107 i wag\u0119. Przem\u00f3wienia Mandeli nie tylko informowa\u0142y i przekonywa\u0142y, ale tak\u017ce motywowa\u0142y ludzi do nadziei, dzia\u0142ania i wiary w sprawiedliwszy, zjednoczony \u015bwiat.<\/p>\n","protected":false},"excerpt":{"rendered":"<p>Dyskryminacja rasowa sta\u0142a si\u0119 sposobem na \u017cycie, ale doprowadzi\u0142a do powa\u017cnych problem\u00f3w spo\u0142ecznych i politycznych, w tym przemocy, ub\u00f3stwa, a przede wszystkim niesprawiedliwo\u015bci. Poniewa\u017c system ten narusza\u0142 podstawowe prawa cz\u0142owieka, nie tylko z prawnego, ale [&hellip;]<\/p>\n","protected":false},"author":500,"featured_media":63861,"comment_status":"closed","ping_status":"closed","sticky":false,"template":"","format":"standard","meta":{"_acf_changed":false,"footnotes":""},"categories":[1,711],"tags":[],"post_formats":[655],"coauthors":[6504],"class_list":["post-63899","post","type-post","status-publish","format-standard","has-post-thumbnail","hentry","category-general","category-mlodziez","post_formats-artykuly"],"acf":[],"_links":{"self":[{"href":"https:\/\/www.pulse-z.eu\/pl\/wp-json\/wp\/v2\/posts\/63899","targetHints":{"allow":["GET"]}}],"collection":[{"href":"https:\/\/www.pulse-z.eu\/pl\/wp-json\/wp\/v2\/posts"}],"about":[{"href":"https:\/\/www.pulse-z.eu\/pl\/wp-json\/wp\/v2\/types\/post"}],"author":[{"embeddable":true,"href":"https:\/\/www.pulse-z.eu\/pl\/wp-json\/wp\/v2\/users\/500"}],"replies":[{"embeddable":true,"href":"https:\/\/www.pulse-z.eu\/pl\/wp-json\/wp\/v2\/comments?post=63899"}],"version-history":[{"count":10,"href":"https:\/\/www.pulse-z.eu\/pl\/wp-json\/wp\/v2\/posts\/63899\/revisions"}],"predecessor-version":[{"id":64238,"href":"https:\/\/www.pulse-z.eu\/pl\/wp-json\/wp\/v2\/posts\/63899\/revisions\/64238"}],"wp:featuredmedia":[{"embeddable":true,"href":"https:\/\/www.pulse-z.eu\/pl\/wp-json\/wp\/v2\/media\/63861"}],"wp:attachment":[{"href":"https:\/\/www.pulse-z.eu\/pl\/wp-json\/wp\/v2\/media?parent=63899"}],"wp:term":[{"taxonomy":"category","embeddable":true,"href":"https:\/\/www.pulse-z.eu\/pl\/wp-json\/wp\/v2\/categories?post=63899"},{"taxonomy":"post_tag","embeddable":true,"href":"https:\/\/www.pulse-z.eu\/pl\/wp-json\/wp\/v2\/tags?post=63899"},{"taxonomy":"post_formats","embeddable":true,"href":"https:\/\/www.pulse-z.eu\/pl\/wp-json\/wp\/v2\/post_formats?post=63899"},{"taxonomy":"author","embeddable":true,"href":"https:\/\/www.pulse-z.eu\/pl\/wp-json\/wp\/v2\/coauthors?post=63899"}],"curies":[{"name":"wp","href":"https:\/\/api.w.org\/{rel}","templated":true}]}}