{"id":59398,"date":"2025-10-17T08:51:49","date_gmt":"2025-10-17T08:51:49","guid":{"rendered":"https:\/\/www.pulse-z.eu\/pulsez-week-2025-empowering-youth-voices\/"},"modified":"2025-10-17T08:52:24","modified_gmt":"2025-10-17T08:52:24","slug":"tydzien-pulsez-2025-wzmacnianie-glosu-mlodziezy","status":"publish","type":"post","link":"https:\/\/www.pulse-z.eu\/pl\/tydzien-pulsez-2025-wzmacnianie-glosu-mlodziezy\/","title":{"rendered":"Tydzie\u0144 PulseZ 2025: Wzmacnianie g\u0142osu m\u0142odzie\u017cy"},"content":{"rendered":"\n<p><b data-olk-copy-source=\"MessageBody\">What is PulseZ Week?<\/b><\/p>\n<p><i>PulseZ Week<\/i>\u00a0is a celebration of youth-driven media and civic participation, connecting hundreds of young people across Europe through journalism, storytelling, and dialogue.<\/p>\n<p>Organised by the\u00a0<b>PulseZ consortium partners<\/b>\u00a0with the support of institutional and corporate partners, the week unites young changemakers, educators, and media professionals to strengthen youth participation in Europe\u2019s public sphere.<\/p>\n<p>The initiative also collaborates closely with youth networks empowering young people to express their voice \u2014 including\u00a0<b>JA Alumni Europe<\/b>, the\u00a0<b>Young European Ambassadors<\/b>,\u00a0<b>Salon5<\/b>, and the\u00a0<b>#EUinfluencers<\/b>\u00a0nominees.<\/p>\n<div align=\"center\">\n<hr align=\"center\" size=\"2\" width=\"100%\" \/>\n<\/div>\n<p><b>\ud83d\uddd3\ufe0f<\/b><b>\u00a0Programme at a Glance<\/b><\/p>\n<p><b>30 October | PulseZ Media Jam (Online)<\/b><\/p>\n<p>\ud83d\udcbb\u00a0<i>15:00\u201318:35 CET | Zoom<\/i><br \/>\nAn interactive kick-off for aspiring youth journalists and content creators.<br \/>\nParticipants will:<\/p>\n<ul type=\"disc\">\n<li>Build essential media and storytelling skills<\/li>\n<li>Collaborate in small newsroom teams to create their first story<\/li>\n<li>Meet youth reporters from\u00a0<b>Salon5<\/b>\u00a0and PulseZ mentors<\/li>\n<li>Learn how to publish content on the PulseZ platform<\/li>\n<\/ul>\n<p>\ud83d\udc49\u00a0<b>Register here to join the online event<\/b>\u00a0<a title=\"https:\/\/jaworldwide.zoom.us\/meeting\/register\/8fj-mx-tTaKVAK26U-Pk2A#\/registration\" href=\"https:\/\/jaworldwide.zoom.us\/meeting\/register\/8fj-mx-tTaKVAK26U-Pk2A#\/registration\" target=\"_blank\" rel=\"noopener noreferrer\" data-auth=\"NotApplicable\" data-linkindex=\"0\">Meeting Registration &#8211; Zoom<\/a><\/p>\n<div align=\"center\">\n<hr align=\"center\" size=\"2\" width=\"100%\" \/>\n<\/div>\n<p><b>5 November | PulseZ Youth Festival \u2013 Brussels<\/b><\/p>\n<p>\ud83d\udccd\u00a0<i>Thon EU Hotel, Brussels<\/i><br \/>\n120 young people from 41 countries will form the\u00a0<b>largest youth newsroom in Europe<\/b>, working alongside professional mentors and EU decision-makers to co-create media stories that matter. \u00a0The event is organized by the PulseZ consortium with the support of\u00a0<b>ManpowerGroup<\/b>\u00a0and\u00a0<b>Delta Air Lines.<\/b><\/p>\n<p><b>Highlights include:<\/b><\/p>\n<ul type=\"disc\">\n<li><b>Opening Plenary &amp; Panel:<\/b>\u00a0<i>Empowering Youth Voices on Work, Innovation &amp; Europe\u2019s Future<\/i><\/li>\n<li><b>Youth Newsroom Simulation:<\/b>\u00a0Six editorial teams producing multimedia content on:<br \/>\n<i>Youth Employment \u00b7 Democracy \u00b7 Digital Future (AI) \u00b7 Mental Health \u00b7 Climate Innovation \u00b7 Financial Literacy<\/i><\/li>\n<li><b>JAvos \u2013 Youth Dialogue with Policymakers:<\/b>\u00a0MEPs and young journalists exchange ideas in a Davos-style format.<\/li>\n<li><b>Evening Reception &amp; Awards:<\/b>\u00a0Celebrating creativity, collaboration, and impact.<\/li>\n<\/ul>\n<p>\ud83c\udfa5\u00a0<i>The morning opening session (09:30\u201310:00 CET) will be streamed live on PulseZ channels \u2014 join us online to experience the newsroom come alive!\u00a0<\/i><a title=\"https:\/\/www.youtube.com\/live\/7BTj9acIOlo\" href=\"https:\/\/www.youtube.com\/live\/7BTj9acIOlo\" target=\"_blank\" rel=\"noopener noreferrer\" data-auth=\"NotApplicable\" data-linkindex=\"1\">The Biggest Youth Newsroom in Europe<\/a><\/p>\n<p>&nbsp;<\/p>\n<p aria-hidden=\"true\">\n<div align=\"center\">\n<hr align=\"center\" size=\"2\" width=\"100%\" \/>\n<\/div>\n<p><b>6 November | Partner Workshops &amp; Study Visits<\/b><\/p>\n<p>\ud83d\udccd\u00a0<i>Various venues in Brussels (09:00\u201312:30 CET)<\/i><\/p>\n<p>Hands-on workshops deepen the experience for participants, blending media skills with civic engagement:<\/p>\n<ul type=\"disc\">\n<li><b>Disinfo Detectives \u2013 A Simulation Game for Digital Democracy<\/b><br \/>\nwith the\u00a0<b>Young European Ambassadors<\/b>\u00a0at JEF Brussels<\/li>\n<li><b>Creative Storytelling &amp; Civic Voice<\/b><br \/>\nat the\u00a0<b>European Economic and Social Committee (EESC)<\/b>\u00a0with\u00a0<b>Salon5<\/b>\u00a0and\u00a0<b>#EUinfluencers2025<\/b><\/li>\n<\/ul>\n<div align=\"center\">\n<hr align=\"center\" size=\"2\" width=\"100%\" \/>\n<\/div>\n<p><b>Why It Matters<\/b><\/p>\n<p><i>PulseZ Week<\/i>\u00a0empowers Europe\u2019s next generation of journalists and creators to tell authentic stories, combat misinformation, and influence positive change.<br \/>\nFrom online inspiration to real-world newsroom action, participants learn how to use media as a tool for civic voice and collaboration.<\/p>\n<div align=\"center\">\n<hr align=\"center\" size=\"2\" width=\"100%\" \/>\n<\/div>\n<p><b>Join the movement. Become a PulseZ Reporter.<\/b><br \/>\n\ud83d\udc49\u00a0Sign up for the online Media Jam\u00a0(\u00a0<a title=\"https:\/\/jaworldwide.zoom.us\/meeting\/register\/8fj-mx-tTaKVAK26U-Pk2A#\/registration\" href=\"https:\/\/jaworldwide.zoom.us\/meeting\/register\/8fj-mx-tTaKVAK26U-Pk2A#\/registration\" target=\"_blank\" rel=\"noopener noreferrer\" data-auth=\"NotApplicable\" data-linkindex=\"2\">Meeting Registration &#8211; Zoom<\/a>) and follow the live action from Brussels on\u00a0<b>5 November 2025<\/b>.<\/p>\n","protected":false},"excerpt":{"rendered":"<p>What is PulseZ Week? PulseZ Week\u00a0is a celebration of youth-driven media and civic participation, connecting hundreds of young people across Europe through journalism, storytelling, and dialogue. Organised by the\u00a0PulseZ consortium partners\u00a0with the support of institutional [&hellip;]<\/p>\n","protected":false},"author":127,"featured_media":59361,"comment_status":"closed","ping_status":"closed","sticky":false,"template":"","format":"standard","meta":{"_acf_changed":false,"footnotes":""},"categories":[711,706],"tags":[6680,3031,8113],"post_formats":[655],"coauthors":[5270],"class_list":["post-59398","post","type-post","status-publish","format-standard","has-post-thumbnail","hentry","category-mlodziez","category-sprawy-biezace","tag-entrepreneurs-pl","tag-eu-youth-pl","tag-journalism-pl","post_formats-artykuly"],"acf":[],"_links":{"self":[{"href":"https:\/\/www.pulse-z.eu\/pl\/wp-json\/wp\/v2\/posts\/59398","targetHints":{"allow":["GET"]}}],"collection":[{"href":"https:\/\/www.pulse-z.eu\/pl\/wp-json\/wp\/v2\/posts"}],"about":[{"href":"https:\/\/www.pulse-z.eu\/pl\/wp-json\/wp\/v2\/types\/post"}],"author":[{"embeddable":true,"href":"https:\/\/www.pulse-z.eu\/pl\/wp-json\/wp\/v2\/users\/127"}],"replies":[{"embeddable":true,"href":"https:\/\/www.pulse-z.eu\/pl\/wp-json\/wp\/v2\/comments?post=59398"}],"version-history":[{"count":7,"href":"https:\/\/www.pulse-z.eu\/pl\/wp-json\/wp\/v2\/posts\/59398\/revisions"}],"predecessor-version":[{"id":59405,"href":"https:\/\/www.pulse-z.eu\/pl\/wp-json\/wp\/v2\/posts\/59398\/revisions\/59405"}],"wp:featuredmedia":[{"embeddable":true,"href":"https:\/\/www.pulse-z.eu\/pl\/wp-json\/wp\/v2\/media\/59361"}],"wp:attachment":[{"href":"https:\/\/www.pulse-z.eu\/pl\/wp-json\/wp\/v2\/media?parent=59398"}],"wp:term":[{"taxonomy":"category","embeddable":true,"href":"https:\/\/www.pulse-z.eu\/pl\/wp-json\/wp\/v2\/categories?post=59398"},{"taxonomy":"post_tag","embeddable":true,"href":"https:\/\/www.pulse-z.eu\/pl\/wp-json\/wp\/v2\/tags?post=59398"},{"taxonomy":"post_formats","embeddable":true,"href":"https:\/\/www.pulse-z.eu\/pl\/wp-json\/wp\/v2\/post_formats?post=59398"},{"taxonomy":"author","embeddable":true,"href":"https:\/\/www.pulse-z.eu\/pl\/wp-json\/wp\/v2\/coauthors?post=59398"}],"curies":[{"name":"wp","href":"https:\/\/api.w.org\/{rel}","templated":true}]}}