{"id":57176,"date":"2025-10-12T09:55:03","date_gmt":"2025-10-12T09:55:03","guid":{"rendered":"https:\/\/www.pulse-z.eu\/cosa-pensano-gli-italiani-delleuropa-lultimo-sondaggio-svela-le-opinioni-sullue-2\/"},"modified":"2025-10-12T09:55:36","modified_gmt":"2025-10-12T09:55:36","slug":"co-wlosi-mysla-o-europie-najnowsze-badanie-ujawnia-opinie-na-temat-ue-2","status":"publish","type":"post","link":"https:\/\/www.pulse-z.eu\/pl\/co-wlosi-mysla-o-europie-najnowsze-badanie-ujawnia-opinie-na-temat-ue-2\/","title":{"rendered":"Co W\u0142osi my\u015bl\u0105 o Europie: najnowsze badanie ujawnia opinie na temat UE"},"content":{"rendered":"\n<p>Artyku\u0142 autorstwa Franceski Moriero \u2013 dziennikarki, Fanpage.it<\/p>\n<p> Je\u015bli chodzi o Europ\u0119, opinie s\u0105 cz\u0119sto podzielone \u2013 od entuzjazmu po sceptycyzm. Ale co tak naprawd\u0119 my\u015bl\u0105 obywatele? Aby to zrozumie\u0107, Parlament Europejski co roku zleca seri\u0119 bada\u0144 \u2013 Eurobarometr \u2013 kt\u00f3re <a href=\"https:\/\/www.europarl.europa.eu\/at-your-service\/files\/be-heard\/eurobarometer\/2025\/en-plenary-insights-april-2025.pdf.\" target=\"_blank\" rel=\"noopener\">gromadz\u0105 opinie obywateli 27 pa\u0144stw cz\u0142onkowskich na temat kwestii dotycz\u0105cych Unii i jej roli na \u015bwiecie<\/a> . Zimowe wydanie 2025 roku ukazuje delikatn\u0105 chwil\u0119: w obliczu niestabilno\u015bci mi\u0119dzynarodowej, zmian klimatu, wyzwa\u0144 technologicznych i kryzys\u00f3w gospodarczych Unia Europejska jest wzywana do wzmocnienia swojego g\u0142osu i zdolno\u015bci do dzia\u0142ania. Ale czego oczekuj\u0105 obywatele? Gdzie widz\u0105 mocne strony UE? Gdzie widz\u0105 jej wady?<\/p>\n<p> Analiza wynik\u00f3w w\u0142oskich ujawnia powszechne odczucie: mieszank\u0119 realizmu, oczekiwa\u0144, ale i dystansu. Por\u00f3wnanie ich ze \u015bredni\u0105 europejsk\u0105 jest przydatne dla zrozumienia nie tylko naszych w\u0142asnych pogl\u0105d\u00f3w, ale tak\u017ce tego, jak wpisuje si\u0119 w szerszy kontekst narod\u00f3w europejskich.<\/p>\n<h2> Rola UE na \u015bwiecie: rosn\u0105ce znaczenie, ale W\u0142ochy pozostaj\u0105 ostro\u017cne<\/h2>\n<p> Na pytanie, jak zmieni si\u0119 rola Unii Europejskiej na \u015bwiecie w nadchodz\u0105cych latach, 44% Europejczyk\u00f3w odpowiedzia\u0142o, \u017ce b\u0119dzie ona \u201ewa\u017cniejsza\u201d. Pogl\u0105d ten podzielaj\u0105 r\u00f3wnie\u017c W\u0142ochy (43%), ale towarzyszy mu wi\u0119ksza ostro\u017cno\u015b\u0107 i niepewno\u015b\u0107: znaczny odsetek W\u0142och\u00f3w (5%) twierdzi, \u017ce nie ma zdania, w por\u00f3wnaniu ze \u015bredni\u0105 europejsk\u0105 wynosz\u0105c\u0105 3%. Ta niewielka r\u00f3\u017cnica mo\u017ce wydawa\u0107 si\u0119 marginalna, ale wskazuje na co\u015b g\u0142\u0119bszego: dystans emocjonalny lub by\u0107 mo\u017ce brak konkretnych odniesie\u0144. We W\u0142oszech odczuwa si\u0119 pewien rozd\u017awi\u0119k mi\u0119dzy instytucj\u0105 \u201eEuropy\u201d a \u017cyciem codziennym; wygl\u0105da to tak, jakby wielu obywateli mia\u0142o trudno\u015bci z uznaniem roli UE w wa\u017cnych wydarzeniach mi\u0119dzynarodowych, a przynajmniej nie czu\u0142o si\u0119 z ni\u0105 w pe\u0142ni zwi\u0105zanych.<\/p>\n<h2>Obrona i bezpiecze\u0144stwo: Zaufanie do UE, ale z pewnymi zastrze\u017ceniami<\/h2>\n<p> W coraz bardziej niestabilnym globalnym krajobrazie kwestia bezpiecze\u0144stwa z impetem powr\u00f3ci\u0142a na pierwszy plan debaty. I tu Unia Europejska jest postrzegana jako wa\u017cny gracz. 66% Europejczyk\u00f3w uwa\u017ca, \u017ce \u200b\u200bUE odgrywa fundamentaln\u0105 rol\u0119 w ochronie przed kryzysami mi\u0119dzynarodowymi i zagro\u017ceniami bezpiecze\u0144stwa. We W\u0142oszech pogl\u0105d ten podziela r\u00f3wnie\u017c 63% obywateli. Jednak, po raz kolejny, w\u0142oskie poparcie wydaje si\u0119 bardziej pow\u015bci\u0105gliwe, bardziej ch\u0142odne. Nie ma wyra\u017anego sprzeciwu, ale nie ma nawet przekonuj\u0105cego poparcia. Wygl\u0105da na to, \u017ce Unia jest postrzegana bardziej jako praktyczna konieczno\u015b\u0107 ni\u017c szczery projekt polityczny. Jest to zatem u\u017cyteczny parasol, ale nie zawsze niezawodny.<\/p>\n<h2> Na czym powinna skupi\u0107 si\u0119 UE? Priorytety W\u0142och\u00f3w i Europejczyk\u00f3w<\/h2>\n<p> Respondenci zostali nast\u0119pnie zapytani, co UE powinna zrobi\u0107, aby zwi\u0119kszy\u0107 sw\u00f3j globalny wp\u0142yw. Odpowiedzi wskazuj\u0105 na pewn\u0105 sp\u00f3jno\u015b\u0107 mi\u0119dzy krajami: konkurencyjno\u015b\u0107 gospodarcza i przemys\u0142owa jest wymieniona jako najwy\u017cszy priorytet (32% we W\u0142oszech, 34% w Europie). W kontek\u015bcie, w kt\u00f3rym g\u0142\u00f3wne pot\u0119gi \u2013 Chiny, Stany Zjednoczone i Indie \u2013 rywalizuj\u0105 o przyw\u00f3dztwo gospodarcze, wzmocnienie europejskiego przemys\u0142u wydaje si\u0119 niemal nieuniknione. Jednak wraz ze wzrostem gospodarczym pojawiaj\u0105 si\u0119 r\u00f3wnie\u017c nowe, pilne potrzeby: na przyk\u0142ad we W\u0142oszech 36% obywateli uwa\u017ca, \u017ce \u200b\u200binwestowanie w obronno\u015b\u0107 i wsp\u00f3lne bezpiecze\u0144stwo jest niezb\u0119dne, co stanowi odsetek wy\u017cszy ni\u017c \u015brednia europejska (31%). Niezale\u017cno\u015b\u0107 energetyczna jest r\u00f3wnie\u017c postrzegana jako strategiczna: 33% W\u0142och\u00f3w wymienia j\u0105 jako priorytet, w por\u00f3wnaniu z 27% Europejczyk\u00f3w. To nie przypadek: wojna na Ukrainie i rosn\u0105ce rachunki za energi\u0119 pokaza\u0142y, \u017ce energia to nie tylko kwestia ekonomiczna, ale tak\u017ce geopolityczna.<\/p>\n<p> W\u0142ochy przyk\u0142adaj\u0105 wi\u0119ksz\u0105 wag\u0119 do bezpiecze\u0144stwa \u017cywno\u015bci (25%) ni\u017c \u015brednia europejska (23%). By\u0107 mo\u017ce odzwierciedla to centralne miejsce \u0142a\u0144cucha dostaw rolno-spo\u017cywczych w naszym kraju, ale tak\u017ce wi\u0119ksz\u0105 trosk\u0119 o stabilno\u015b\u0107 i jako\u015b\u0107 dostaw \u017cywno\u015bci.<\/p>\n<h2>Bardziej zjednoczona Europa? W\u0142osi m\u00f3wi\u0105, \u017ce tak.<\/h2>\n<p> Idea, \u017ce \u200b\u200bUnia Europejska musi by\u0107 bardziej sp\u00f3jna, cieszy si\u0119 szerokim poparciem: 89% Europejczyk\u00f3w i 88% W\u0142och\u00f3w uwa\u017ca, \u017ce \u200b\u200bpa\u0144stwa cz\u0142onkowskie powinny \u015bci\u015blej ze sob\u0105 wsp\u00f3\u0142pracowa\u0107, aby sprosta\u0107 globalnym wyzwaniom. Jest to jeden z najwyra\u017aniejszych i najbardziej sp\u00f3jnych wniosk\u00f3w z badania: jedno\u015b\u0107 jest zatem nie tylko po\u017c\u0105dana, ale wr\u0119cz uwa\u017cana za konieczn\u0105.<\/p>\n<p> Ale W\u0142ochy wyr\u00f3\u017cniaj\u0105 si\u0119 r\u00f3wnie\u017c innym przekonaniem: aby naprawd\u0119 funkcjonowa\u0107, Unia potrzebuje wi\u0119cej narz\u0119dzi i zasob\u00f3w. 82% W\u0142och\u00f3w podziela to zdanie, w por\u00f3wnaniu ze \u015bredni\u0105 UE wynosz\u0105c\u0105 76%. Ten odsetek prawdopodobnie odzwierciedla pewn\u0105 frustracj\u0119: przekonanie, \u017ce Europa \u201emog\u0142aby zrobi\u0107 wi\u0119cej\u201d, ale nie otrzymuje niezb\u0119dnych uprawnie\u0144.<\/p>\n<h2> Prawdziwe obawy obywateli: inflacja, praca, ub\u00f3stwo<\/h2>\n<p> Gdy przejdziemy od strategii globalnych do codziennych potrzeb, odpowiedzi staj\u0105 si\u0119 jeszcze bardziej oczywiste. W\u0142osi zdecydowanie wskazuj\u0105 na trzy priorytety:<\/p>\n<ul>\n<li> Najwi\u0119kszym zmartwieniem jest koszt utrzymania, na kt\u00f3ry wp\u0142ywa inflacja (43%).<\/li>\n<li> Nast\u0119pn\u0105 kwesti\u0105 jest praca, kt\u00f3ra we W\u0142oszech jest kwesti\u0105 znacznie bardziej niepokoj\u0105c\u0105 ni\u017c \u015brednia europejska (37% w por\u00f3wnaniu do 29%).<\/li>\n<li> Trzecim, ale nie mniej wa\u017cnym, obszarem jest walka z ub\u00f3stwem i wykluczeniem spo\u0142ecznym (31%).<\/li>\n<\/ul>\n<p> Tutaj wyra\u017anie wida\u0107, jak priorytety s\u0105 namacalne, codzienne i powi\u0105zane z jako\u015bci\u0105 \u017cycia. Obserwujemy r\u00f3wnie\u017c wi\u0119ksze zainteresowanie kwestiami takimi jak pomoc rozwojowa i r\u00f3wno\u015b\u0107 p\u0142ci, kt\u00f3re we W\u0142oszech ciesz\u0105 si\u0119 nieco wi\u0119kszym zainteresowaniem ni\u017c \u015brednia europejska. <a href=\"https:\/\/www.fanpage.it\/politica\/la-prima-preoccupazione-degli-italiani-non-sono-piu-i-migranti-ma-il-costo-della-vita-il-sondaggio\/\" target=\"_blank\" rel=\"noopener\">Migracja jednak wy\u0142amuje si\u0119 z tego<\/a> trendu: dla 22% Europejczyk\u00f3w jest priorytetem, podczas gdy we W\u0142oszech odsetek ten wynosi zaledwie 13%. Dane te nale\u017cy interpretowa\u0107 ostro\u017cnie: nie oznaczaj\u0105 one braku zainteresowania, lecz mog\u0105 wskazywa\u0107 na wyciszenie debaty po latach postrzeganych kryzys\u00f3w.<\/p>\n<h2>Przysz\u0142o\u015b\u0107 osobista? W\u0142osi nie maj\u0105 w ni\u0105 zbytniego zaufania.<\/h2>\n<p> Wreszcie, by\u0107 mo\u017ce najbardziej gorzka statystyka: tylko 11% W\u0142och\u00f3w wierzy, \u017ce ich standard \u017cycia poprawi si\u0119 w ci\u0105gu najbli\u017cszych pi\u0119ciu lat. To jeden z najni\u017cszych wska\u017anik\u00f3w w Europie: wi\u0119kszo\u015b\u0107 (76%) uwa\u017ca, \u017ce \u200b\u200bnic si\u0119 nie zmieni, a kolejne 11% spodziewa si\u0119 pogorszenia. Nie jest to koniecznie pesymizm, a raczej znu\u017cenie i by\u0107 mo\u017ce rozczarowanie. Jakby pozytywne zmiany by\u0142y postrzegane jako co\u015b rzadkiego, wr\u0119cz nieprawdopodobnego.<\/p>\n","protected":false},"excerpt":{"rendered":"<p>Artyku\u0142 autorstwa Franceski Moriero \u2013 dziennikarki, Fanpage.it Je\u015bli chodzi o Europ\u0119, opinie s\u0105 cz\u0119sto podzielone \u2013 od entuzjazmu po sceptycyzm. Ale co tak naprawd\u0119 my\u015bl\u0105 obywatele? Aby to zrozumie\u0107, Parlament Europejski co roku zleca seri\u0119 [&hellip;]<\/p>\n","protected":false},"author":173,"featured_media":54910,"comment_status":"closed","ping_status":"closed","sticky":false,"template":"","format":"standard","meta":{"_acf_changed":false,"footnotes":""},"categories":[21,1],"tags":[6899,13012,6900,13013,6901,6848],"post_formats":[655],"coauthors":[3918],"class_list":["post-57176","post","type-post","status-publish","format-standard","has-post-thumbnail","hentry","category-current-affairs","category-general","tag-eurobarometro-pl","tag-futuro-pl","tag-italia-pl","tag-ottimismo-pl","tag-ue-pl","tag-unione-europea-pl","post_formats-artykuly"],"acf":[],"_links":{"self":[{"href":"https:\/\/www.pulse-z.eu\/pl\/wp-json\/wp\/v2\/posts\/57176","targetHints":{"allow":["GET"]}}],"collection":[{"href":"https:\/\/www.pulse-z.eu\/pl\/wp-json\/wp\/v2\/posts"}],"about":[{"href":"https:\/\/www.pulse-z.eu\/pl\/wp-json\/wp\/v2\/types\/post"}],"author":[{"embeddable":true,"href":"https:\/\/www.pulse-z.eu\/pl\/wp-json\/wp\/v2\/users\/173"}],"replies":[{"embeddable":true,"href":"https:\/\/www.pulse-z.eu\/pl\/wp-json\/wp\/v2\/comments?post=57176"}],"version-history":[{"count":8,"href":"https:\/\/www.pulse-z.eu\/pl\/wp-json\/wp\/v2\/posts\/57176\/revisions"}],"predecessor-version":[{"id":57690,"href":"https:\/\/www.pulse-z.eu\/pl\/wp-json\/wp\/v2\/posts\/57176\/revisions\/57690"}],"wp:featuredmedia":[{"embeddable":true,"href":"https:\/\/www.pulse-z.eu\/pl\/wp-json\/wp\/v2\/media\/54910"}],"wp:attachment":[{"href":"https:\/\/www.pulse-z.eu\/pl\/wp-json\/wp\/v2\/media?parent=57176"}],"wp:term":[{"taxonomy":"category","embeddable":true,"href":"https:\/\/www.pulse-z.eu\/pl\/wp-json\/wp\/v2\/categories?post=57176"},{"taxonomy":"post_tag","embeddable":true,"href":"https:\/\/www.pulse-z.eu\/pl\/wp-json\/wp\/v2\/tags?post=57176"},{"taxonomy":"post_formats","embeddable":true,"href":"https:\/\/www.pulse-z.eu\/pl\/wp-json\/wp\/v2\/post_formats?post=57176"},{"taxonomy":"author","embeddable":true,"href":"https:\/\/www.pulse-z.eu\/pl\/wp-json\/wp\/v2\/coauthors?post=57176"}],"curies":[{"name":"wp","href":"https:\/\/api.w.org\/{rel}","templated":true}]}}