{"id":56283,"date":"2025-10-07T15:45:49","date_gmt":"2025-10-07T15:45:49","guid":{"rendered":"https:\/\/www.pulse-z.eu\/10-months-of-protests-on-the-student-movement-and-the-future-of-serbia-with-milica-kostin\/"},"modified":"2025-10-07T15:46:16","modified_gmt":"2025-10-07T15:46:16","slug":"10-miesiecy-protestow-o-ruchu-studenckim-i-przyszlosci-serbii-z-milica-kostin","status":"publish","type":"post","link":"https:\/\/www.pulse-z.eu\/pl\/10-miesiecy-protestow-o-ruchu-studenckim-i-przyszlosci-serbii-z-milica-kostin\/","title":{"rendered":"10 miesi\u0119cy protest\u00f3w: O ruchu studenckim i przysz\u0142o\u015bci Serbii z Milic\u0105 Kostin"},"content":{"rendered":"\n<p><iframe loading=\"lazy\" style=\"border-radius: 12px;\" src=\"https:\/\/open.spotify.com\/embed\/show\/0GnvgzjsIOMSsN6sG37Sjm?utm_source=generator&amp;t=0\" width=\"100%\" height=\"352\" frameborder=\"0\" allowfullscreen=\"allowfullscreen\" data-testid=\"embed-iframe\"><\/iframe><\/p>\n<p>Milica Kostin, a student at the faculty of political science and leader in the student movement in Serbia, discusses her involvement in demonstrations calling for accountability for a railway station collapse that killed 16 people in Novi Sad in November 2024. She talks about challenges and future goals for the movement.<\/p>\n<p>Milica also emphasizes the unity and determination of the movement in achieving a vision of Serbia where institutions serve citizens and elections are transparent. What started as a student movement is now recognized by the general public, which is more and more involved.<\/p>\n<p>She talks about her daily life, blocking the university campus, police brutality at the protests in the streets and counter-protests. The biggest achievement so far has been raising awareness and promoting civic culture. 10 months into the massive street and university blockades we also discussed the plans for the one year anniversary of the tragedy in Novi Sad.<\/p>\n<p>\ud83c\udf99\ufe0f Hosted by Tamara Ka\u0148uchov\u00e1<\/p>\n","protected":false},"excerpt":{"rendered":"<p>Milica Kostin, a student at the faculty of political science and leader in the student movement in Serbia, discusses her involvement in demonstrations calling for accountability for a railway station collapse that killed 16 people [&hellip;]<\/p>\n","protected":false},"author":356,"featured_media":54937,"comment_status":"closed","ping_status":"closed","sticky":false,"template":"","format":"standard","meta":{"_acf_changed":false,"footnotes":""},"categories":[706],"tags":[12863,7255,12864,12865,4092,8455,12866,12867],"post_formats":[759],"coauthors":[3866],"class_list":["post-56283","post","type-post","status-publish","format-standard","has-post-thumbnail","hentry","category-sprawy-biezace","tag-activism-pl","tag-anniversary-pl","tag-government-pl","tag-news-pl","tag-podcast-pl","tag-protests-pl","tag-serbia-pl","tag-vucic-pl","post_formats-podcast-pl"],"acf":[],"_links":{"self":[{"href":"https:\/\/www.pulse-z.eu\/pl\/wp-json\/wp\/v2\/posts\/56283","targetHints":{"allow":["GET"]}}],"collection":[{"href":"https:\/\/www.pulse-z.eu\/pl\/wp-json\/wp\/v2\/posts"}],"about":[{"href":"https:\/\/www.pulse-z.eu\/pl\/wp-json\/wp\/v2\/types\/post"}],"author":[{"embeddable":true,"href":"https:\/\/www.pulse-z.eu\/pl\/wp-json\/wp\/v2\/users\/356"}],"replies":[{"embeddable":true,"href":"https:\/\/www.pulse-z.eu\/pl\/wp-json\/wp\/v2\/comments?post=56283"}],"version-history":[{"count":2,"href":"https:\/\/www.pulse-z.eu\/pl\/wp-json\/wp\/v2\/posts\/56283\/revisions"}],"predecessor-version":[{"id":56285,"href":"https:\/\/www.pulse-z.eu\/pl\/wp-json\/wp\/v2\/posts\/56283\/revisions\/56285"}],"wp:featuredmedia":[{"embeddable":true,"href":"https:\/\/www.pulse-z.eu\/pl\/wp-json\/wp\/v2\/media\/54937"}],"wp:attachment":[{"href":"https:\/\/www.pulse-z.eu\/pl\/wp-json\/wp\/v2\/media?parent=56283"}],"wp:term":[{"taxonomy":"category","embeddable":true,"href":"https:\/\/www.pulse-z.eu\/pl\/wp-json\/wp\/v2\/categories?post=56283"},{"taxonomy":"post_tag","embeddable":true,"href":"https:\/\/www.pulse-z.eu\/pl\/wp-json\/wp\/v2\/tags?post=56283"},{"taxonomy":"post_formats","embeddable":true,"href":"https:\/\/www.pulse-z.eu\/pl\/wp-json\/wp\/v2\/post_formats?post=56283"},{"taxonomy":"author","embeddable":true,"href":"https:\/\/www.pulse-z.eu\/pl\/wp-json\/wp\/v2\/coauthors?post=56283"}],"curies":[{"name":"wp","href":"https:\/\/api.w.org\/{rel}","templated":true}]}}