{"id":55585,"date":"2025-10-06T13:23:41","date_gmt":"2025-10-06T13:23:41","guid":{"rendered":"https:\/\/www.pulse-z.eu\/from-buzzword-to-blueprint-youth-power-at-the-osce-with-assel-murat\/"},"modified":"2025-10-06T13:28:14","modified_gmt":"2025-10-06T13:28:14","slug":"od-sloganu-do-projektu-sila-mlodziezy-w-obwe-z-asselem-muratem","status":"publish","type":"post","link":"https:\/\/www.pulse-z.eu\/pl\/od-sloganu-do-projektu-sila-mlodziezy-w-obwe-z-asselem-muratem\/","title":{"rendered":"Od sloganu do projektu: si\u0142a m\u0142odzie\u017cy w OBWE z Asselem Muratem"},"content":{"rendered":"\n<p><iframe title=\"Spotify Embed: Od sloganu do projektu: Si\u0142a m\u0142odzie\u017cy w OBWE z Asselem Muratem\" style=\"border-radius: 12px\" width=\"100%\" height=\"152\" frameborder=\"0\" allowfullscreen allow=\"autoplay; clipboard-write; encrypted-media; fullscreen; picture-in-picture\" loading=\"lazy\" src=\"https:\/\/open.spotify.com\/embed\/episode\/3w0jf59Vsp6XcViL9laMCx?si=vZWE0Sw_TtibJN4_4tRqGw&#038;utm_source=oembed\"><\/iframe><\/p>\n<\/p>\n<p><span style=\"font-weight: 400;\">Jak wygl\u0105da prawdziwe zaanga\u017cowanie m\u0142odzie\u017cy w dyplomacj\u0119 mi\u0119dzynarodow\u0105? W tym odcinku Vox Civica rozmawiamy z Asselem Muratem, koordynatorem ds. <a href=\"https:\/\/www.osce.org\/youth\" target=\"_blank\" rel=\"noopener\">m\u0142odzie\u017cy<\/a> w OBWE, aby om\u00f3wi\u0107, jak najwi\u0119ksza na \u015bwiecie regionalna organizacja bezpiecze\u0144stwa wychodzi poza symboliczne gesty i wkracza w strukturalny proces partycypacji.<\/span><\/p>\n<p> <span style=\"font-weight: 400;\">Zag\u0142\u0119biamy si\u0119 w to, jak OBWE anga\u017cuje m\u0142odzie\u017c w swoje dzia\u0142ania, jaki jest wp\u0142yw Grupy M\u0142odych Ekspert\u00f3w oraz rola Grupy Przyjaci\u00f3\u0142 M\u0142odzie\u017cy i Bezpiecze\u0144stwa w budowaniu woli politycznej. Assel przeprowadza nas przez ramy instytucjonalne, wyzwania zwi\u0105zane z przej\u015bciem od symbolicznych dzia\u0142a\u0144 do wsp\u00f3\u0142tworzenia oraz jak sukces wygl\u0105da w praktyce.<\/span><\/p>\n<p> <span style=\"font-weight: 400;\">Od dyskusji o polityce po programy budowania pokoju \u2013 m\u0142odzi ludzie nie s\u0105 tylko przysz\u0142o\u015bci\u0105, oni kszta\u0142tuj\u0105 tera\u017aniejszo\u015b\u0107.<\/span><\/p>\n<p> <span style=\"font-weight: 400;\">Dowiedz si\u0119 wi\u0119cej, klikaj\u0105c na t\u0119 rozmow\u0119!<\/span><\/p>\n<p> <span style=\"font-weight: 400;\">\ud83c\udf99\ufe0f Prowadz\u0105cy: <a href=\"https:\/\/www.linkedin.com\/in\/georgios-karagiorgos-400a74251\/\" target=\"_blank\" rel=\"noopener\">Georgios Karagiorgos<\/a><\/span><\/p>\n<p><span style=\"font-weight: 400;\"><strong>O go\u015bciu<br \/><\/strong><br \/> <a href=\"https:\/\/www.linkedin.com\/in\/assel-murat1\/\" target=\"_blank\" rel=\"noopener\">Assel Murat<\/a> koordynuje portfolio m\u0142odzie\u017cowe w Sekretariacie OBWE w Wiedniu. Posiada ponad sze\u015bcioletnie do\u015bwiadczenie w zarz\u0105dzaniu projektami, koncentruj\u0105c si\u0119 na prawach cz\u0142owieka, r\u00f3wno\u015bci p\u0142ci, m\u0142odzie\u017cy, wolno\u015bci medi\u00f3w i praworz\u0105dno\u015bci. By\u0142a r\u00f3wnie\u017c kierownikiem projekt\u00f3w z zakresu praw cz\u0142owieka oraz badaczem w organizacjach mi\u0119dzynarodowych i spo\u0142ecze\u0144stwa obywatelskiego oraz think tankach w Azji \u015arodkowej.<\/span><\/p>\n","protected":false},"excerpt":{"rendered":"<p>Jak wygl\u0105da prawdziwe zaanga\u017cowanie m\u0142odzie\u017cy w dyplomacj\u0119 mi\u0119dzynarodow\u0105? W tym odcinku Vox Civica rozmawiamy z Asselem Muratem, koordynatorem ds. m\u0142odzie\u017cy w OBWE, aby om\u00f3wi\u0107, jak najwi\u0119ksza na \u015bwiecie regionalna organizacja bezpiecze\u0144stwa wychodzi poza symboliczne gesty [&hellip;]<\/p>\n","protected":false},"author":355,"featured_media":54377,"comment_status":"closed","ping_status":"closed","sticky":false,"template":"","format":"standard","meta":{"_acf_changed":false,"footnotes":""},"categories":[647,711,569,706],"tags":[2069,3713,12748,12749,12750,1478,12751,4092,12752,12753,12754,12755,12756,12757,3045,12758,4995,12759,12760,11099],"post_formats":[759],"coauthors":[4037],"class_list":["post-55585","post","type-post","status-publish","format-standard","has-post-thumbnail","hentry","category-laczac-kropki","category-mlodziez","category-ogolne","category-sprawy-biezace","tag-civic-engagement-pl","tag-democracy-pl","tag-global-governance-pl","tag-international-diplomacy-pl","tag-international-organizations-pl","tag-osce-pl","tag-peacebuilding-pl","tag-podcast-pl","tag-policy-making-pl","tag-public-diplomacy-pl","tag-structural-participation-pl","tag-tokenism-vs-co-creation-pl","tag-vox-civica-pl","tag-young-experts-pl","tag-youth-activism-pl","tag-youth-and-security-pl","tag-youth-engagement-pl","tag-youth-in-diplomacy-pl","tag-youth-leadership-pl","tag-youth-participation-pl","post_formats-podcast-pl"],"acf":[],"_links":{"self":[{"href":"https:\/\/www.pulse-z.eu\/pl\/wp-json\/wp\/v2\/posts\/55585","targetHints":{"allow":["GET"]}}],"collection":[{"href":"https:\/\/www.pulse-z.eu\/pl\/wp-json\/wp\/v2\/posts"}],"about":[{"href":"https:\/\/www.pulse-z.eu\/pl\/wp-json\/wp\/v2\/types\/post"}],"author":[{"embeddable":true,"href":"https:\/\/www.pulse-z.eu\/pl\/wp-json\/wp\/v2\/users\/355"}],"replies":[{"embeddable":true,"href":"https:\/\/www.pulse-z.eu\/pl\/wp-json\/wp\/v2\/comments?post=55585"}],"version-history":[{"count":13,"href":"https:\/\/www.pulse-z.eu\/pl\/wp-json\/wp\/v2\/posts\/55585\/revisions"}],"predecessor-version":[{"id":55640,"href":"https:\/\/www.pulse-z.eu\/pl\/wp-json\/wp\/v2\/posts\/55585\/revisions\/55640"}],"wp:featuredmedia":[{"embeddable":true,"href":"https:\/\/www.pulse-z.eu\/pl\/wp-json\/wp\/v2\/media\/54377"}],"wp:attachment":[{"href":"https:\/\/www.pulse-z.eu\/pl\/wp-json\/wp\/v2\/media?parent=55585"}],"wp:term":[{"taxonomy":"category","embeddable":true,"href":"https:\/\/www.pulse-z.eu\/pl\/wp-json\/wp\/v2\/categories?post=55585"},{"taxonomy":"post_tag","embeddable":true,"href":"https:\/\/www.pulse-z.eu\/pl\/wp-json\/wp\/v2\/tags?post=55585"},{"taxonomy":"post_formats","embeddable":true,"href":"https:\/\/www.pulse-z.eu\/pl\/wp-json\/wp\/v2\/post_formats?post=55585"},{"taxonomy":"author","embeddable":true,"href":"https:\/\/www.pulse-z.eu\/pl\/wp-json\/wp\/v2\/coauthors?post=55585"}],"curies":[{"name":"wp","href":"https:\/\/api.w.org\/{rel}","templated":true}]}}