{"id":41563,"date":"2025-08-21T18:38:09","date_gmt":"2025-08-21T18:38:09","guid":{"rendered":"https:\/\/www.pulse-z.eu\/while-romanians-argue-over-politics-on-social-media-and-tv-children-soak-up-all-the-chaos\/"},"modified":"2025-08-21T18:38:43","modified_gmt":"2025-08-21T18:38:43","slug":"podczas-gdy-rumuni-kloca-sie-o-polityke-w-mediach-spolecznosciowych-i-telewizji-dzieci-chlona-caly-chaos","status":"publish","type":"post","link":"https:\/\/www.pulse-z.eu\/pl\/podczas-gdy-rumuni-kloca-sie-o-polityke-w-mediach-spolecznosciowych-i-telewizji-dzieci-chlona-caly-chaos\/","title":{"rendered":"Podczas gdy Rumuni k\u0142\u00f3c\u0105 si\u0119 o polityk\u0119 w mediach spo\u0142eczno\u015bciowych i telewizji, dzieci ch\u0142on\u0105 ca\u0142y chaos"},"content":{"rendered":"\n<div id=\"attachment_33002\" style=\"width: 710px\" class=\"wp-caption aligncenter\"><img aria-describedby=\"caption-attachment-33002\" loading=\"lazy\" decoding=\"async\" class=\"wp-image-33002\" src=\"https:\/\/www.pulse-z.eu\/wp-content\/uploads\/2025\/07\/pexels-cottonbro-6603348-scaled.jpg\" alt=\"\" width=\"700\" height=\"467\" srcset=\"https:\/\/www.pulse-z.eu\/wp-content\/uploads\/2025\/07\/pexels-cottonbro-6603348-scaled.jpg 2560w, https:\/\/www.pulse-z.eu\/wp-content\/uploads\/2025\/07\/pexels-cottonbro-6603348-768x512.jpg 768w, https:\/\/www.pulse-z.eu\/wp-content\/uploads\/2025\/07\/pexels-cottonbro-6603348-1536x1024.jpg 1536w, https:\/\/www.pulse-z.eu\/wp-content\/uploads\/2025\/07\/pexels-cottonbro-6603348-2048x1365.jpg 2048w\" sizes=\"auto, (max-width: 700px) 100vw, 700px\" \/><\/p>\n<p id=\"caption-attachment-33002\" class=\"wp-caption-text\">Photo by cottonbro\/Pexels.com<\/p>\n<\/div>\n<p data-start=\"83\" data-end=\"188\">A recent study reviewed by <a href=\"https:\/\/parentedfest.ro\/ro\/\" target=\"_blank\" rel=\"noopener\">ParentEd<\/a> shows that kids from Romania are becoming increasingly agitated due to the noise caused by adults around them. The situation worsens when children aged 8 to 12 spend five and a half hours a day glued to phones and tablets, while TVs stay on all day\u2014even when no one\u2019s watching.<\/p>\n<p data-start=\"492\" data-end=\"857\">In this tense and overexposed media environment, children are involuntarily subjected to chaotic soundscapes that harm their development. While parents stay glued to their phones or TVs, children struggle to learn, play, or sleep properly. Experts warn that children exposed to TV for two hours a day are six times more likely to speak later and with less accuracy.<\/p>\n<p data-start=\"859\" data-end=\"1097\">In Romania, adults aged 35 to 55 tend to watch TV news with their families, according to another study. Dr. Daniel J. Siegel, a U.S.-based brain development expert, warns: \u201cExperiences actually change the physical structure of the brain.\u201d<\/p>\n<p data-start=\"1099\" data-end=\"1580\">Every hour in front of chaotic content, every televised political scandal affects children\u2019s neurons. And they don\u2019t stay unaffected\u2014over 50% of parents surveyed said their children showed concern about political issues in the media. On top of the indoor noise\u2014from TVs, political shows, and loud appliances\u2014there\u2019s outdoor noise pollution, too. Children are more vulnerable than adults because their brains are still developing and they have limited ability to filter information.<\/p>\n<p data-start=\"1658\" data-end=\"1718\">According to ParentEd\u2019s analysis, excessive noise can negatively impact:<\/p>\n<p data-start=\"1658\" data-end=\"1718\">Learning: Reduced focus, memory, and test performance.<\/p>\n<p data-start=\"1721\" data-end=\"1781\">Play: Background TV interferes with attention on toys.<\/p>\n<p data-start=\"1784\" data-end=\"1850\">Sleep: Frequent waking, stress, and fatigue\u2014often unnoticed.<\/p>\n<p data-start=\"1853\" data-end=\"1914\">Stress: Their bodies remain in a constant state of alert.<\/p>\n<p data-start=\"1916\" data-end=\"2109\">Children also have their own screen time. Kids aged 8\u201312 spend about 5.5 hours daily on devices. Usage has been rising since 2019, even before the COVID-19 pandemic, according to 2024 research.<\/p>\n<p data-start=\"2111\" data-end=\"2490\">For toddlers aged 12\u201324 months, just 2 hours of daily screen time increases the risk of speech delay sixfold. Specialists recommend turning off TVs when not in use, limiting screen time, and creating \u201cquiet zones\u201d at home.<br data-start=\"2333\" data-end=\"2336\" \/>Dr. Daniel Siegel also recommends the RAIN method to reduce anxiety: Recognize, Allow, Investigate, and Non-identify\u2014for both children and adults.<\/p>\n","protected":false},"excerpt":{"rendered":"<p>Photo by cottonbro\/Pexels.com A recent study reviewed by ParentEd shows that kids from Romania are becoming increasingly agitated due to the noise caused by adults around them. The situation worsens when children aged 8 to [&hellip;]<\/p>\n","protected":false},"author":130,"featured_media":33007,"comment_status":"closed","ping_status":"closed","sticky":false,"template":"","format":"standard","meta":{"_acf_changed":false,"footnotes":""},"categories":[5],"tags":[7935],"post_formats":[655],"coauthors":[3867],"class_list":["post-41563","post","type-post","status-publish","format-standard","has-post-thumbnail","hentry","category-youth","tag-chaos","post_formats-artykuly"],"acf":[],"_links":{"self":[{"href":"https:\/\/www.pulse-z.eu\/pl\/wp-json\/wp\/v2\/posts\/41563","targetHints":{"allow":["GET"]}}],"collection":[{"href":"https:\/\/www.pulse-z.eu\/pl\/wp-json\/wp\/v2\/posts"}],"about":[{"href":"https:\/\/www.pulse-z.eu\/pl\/wp-json\/wp\/v2\/types\/post"}],"author":[{"embeddable":true,"href":"https:\/\/www.pulse-z.eu\/pl\/wp-json\/wp\/v2\/users\/130"}],"replies":[{"embeddable":true,"href":"https:\/\/www.pulse-z.eu\/pl\/wp-json\/wp\/v2\/comments?post=41563"}],"version-history":[{"count":7,"href":"https:\/\/www.pulse-z.eu\/pl\/wp-json\/wp\/v2\/posts\/41563\/revisions"}],"predecessor-version":[{"id":41570,"href":"https:\/\/www.pulse-z.eu\/pl\/wp-json\/wp\/v2\/posts\/41563\/revisions\/41570"}],"wp:featuredmedia":[{"embeddable":true,"href":"https:\/\/www.pulse-z.eu\/pl\/wp-json\/wp\/v2\/media\/33007"}],"wp:attachment":[{"href":"https:\/\/www.pulse-z.eu\/pl\/wp-json\/wp\/v2\/media?parent=41563"}],"wp:term":[{"taxonomy":"category","embeddable":true,"href":"https:\/\/www.pulse-z.eu\/pl\/wp-json\/wp\/v2\/categories?post=41563"},{"taxonomy":"post_tag","embeddable":true,"href":"https:\/\/www.pulse-z.eu\/pl\/wp-json\/wp\/v2\/tags?post=41563"},{"taxonomy":"post_formats","embeddable":true,"href":"https:\/\/www.pulse-z.eu\/pl\/wp-json\/wp\/v2\/post_formats?post=41563"},{"taxonomy":"author","embeddable":true,"href":"https:\/\/www.pulse-z.eu\/pl\/wp-json\/wp\/v2\/coauthors?post=41563"}],"curies":[{"name":"wp","href":"https:\/\/api.w.org\/{rel}","templated":true}]}}