{"id":32361,"date":"2025-07-15T10:56:16","date_gmt":"2025-07-15T10:56:16","guid":{"rendered":"https:\/\/www.pulse-z.eu\/language-and-identity-why-minority-communities-need-their-language-to-be-seen\/"},"modified":"2025-07-23T07:57:26","modified_gmt":"2025-07-23T07:57:26","slug":"jezyk-i-tozsamosc-dlaczego-mniejszosci-potrzebuja-aby-ich-jezyk-byl-widoczny","status":"publish","type":"post","link":"https:\/\/www.pulse-z.eu\/pl\/jezyk-i-tozsamosc-dlaczego-mniejszosci-potrzebuja-aby-ich-jezyk-byl-widoczny\/","title":{"rendered":"J\u0119zyk i to\u017csamo\u015b\u0107: Dlaczego mniejszo\u015bci potrzebuj\u0105, aby ich j\u0119zyk by\u0142 widoczny"},"content":{"rendered":"<br \/>\n<h3><b>Imagine This: You Speak a Language No One Sees<\/b><\/h3>\n<p><span style=\"font-weight: 400;\">Picture someone who has lived in the same town their whole life, speaks their community&#8217;s language at home, teaches it to their children, and keeps its traditions alive. But when they walk outside, none of that is reflected in the public space \u2014 not on road signs, official documents, or public buildings. It\u2019s as if their language, and by extension their identity, doesn\u2019t exist.<\/span><\/p>\n<p><span style=\"font-weight: 400;\">This is the everyday reality for many minority groups in Europe. Despite long histories and deep ties to their regions, their languages remain invisible in public life. This is not just an abstract issue \u2014 it affects how people feel about their place in society, especially in countries like Poland and Lithuania, where language visibility takes on very real forms.<\/span><\/p>\n<p><span style=\"font-weight: 400;\">For minorities, language is not an accessory. It is the heart of the community, a sign of identity and continuity. When it disappears from the public sphere, the message is clear: \u201cYou do not belong here.\u201d<\/span><\/p>\n<p> Poland: Making Space for Minority Languages <\/p>\n<p><span style=\"font-weight: 400;\">In Poland, a <\/span><a href=\"https:\/\/orka.sejm.gov.pl\/proc4.nsf\/ustawy\/223_u.htm\" target=\"_blank\" rel=\"noopener\"><span style=\"font-weight: 400;\">2005 law<\/span><\/a><span style=\"font-weight: 400;\"> offers a legal framework for making minority languages visible again. While the law has limitations, it provides practical tools for recognition. In municipalities where minorities make up at least 20% of the population, bilingual place names in both Polish and the minority language can be introduced.<\/span><\/p>\n<p><span style=\"font-weight: 400;\">Thanks to this, dozens of towns now have signs in German, Belarusian, Lithuanian, or Kashubian. These signs are more than just administrative formalities \u2014 they\u2019re powerful symbols. They say: <\/span><i><span style=\"font-weight: 400;\">Your language, your culture, and your presence matter here<\/span><\/i><span style=\"font-weight: 400;\">.<\/span><\/p>\n<p><span style=\"font-weight: 400;\">Of course, it&#8217;s not always smooth. There have been acts of vandalism, public protests, and even legal challenges \u2014 particularly concerning German-language signs. But the system exists and proves that a country can balance linguistic unity with respect for diversity.<\/span><\/p>\n<p> Lithuania: State Language vs. Minority Rights? <\/p>\n<p><span style=\"font-weight: 400;\">The situation in Lithuania is more complicated. Although the country has ratified the <\/span><a href=\"https:\/\/www.gov.pl\/web\/mniejszosci-narodowe-i-etniczne\/konwencja-ramowa-o-ochronie-mniejszosci-narodowych\" target=\"_blank\" rel=\"noopener\"><span style=\"font-weight: 400;\">Framework Convention for the Protection of National Minorities<\/span><\/a><span style=\"font-weight: 400;\">, the way it&#8217;s implemented \u2014 especially toward the Polish minority \u2014 raises concerns.<\/span><\/p>\n<p><span style=\"font-weight: 400;\">In areas like Vilnius and \u0160al\u010dininkai, where Polish communities form the majority, unofficial Polish-language signs have been used for years. These signs express local identity and a sense of belonging. But Lithuanian authorities have repeatedly declared them illegal. Signs have been removed, and local governments fined.<\/span><\/p>\n<p><span style=\"font-weight: 400;\">At the heart of the issue is the <\/span><a href=\"https:\/\/e-seimas.lrs.lt\/portal\/legalAct\/lt\/TAD\/TAIS.15211\" target=\"_blank\" rel=\"noopener\"><span style=\"font-weight: 400;\">Law on the State Language<\/span><\/a><span style=\"font-weight: 400;\">, which has been interpreted to exclude all other languages from public space \u2014 even in areas with strong minority presence. From a human rights perspective, this sends a troubling message: that the visibility of minority languages is a threat to national unity.<\/span><\/p>\n<p> Why This Isn\u2019t Just a \u201cTechnical Issue\u201d <\/p>\n<p><span style=\"font-weight: 400;\">To most people, a street sign in another language might seem like a minor detail. But for minority communities, it can mean everything. It\u2019s a sign of dignity, recognition, and inclusion. It tells them: <\/span><i><span style=\"font-weight: 400;\">You belong. Your history matters.<\/span><\/i><\/p>\n<p><span style=\"font-weight: 400;\">From the standpoint of international law, the issue is clear. Article 11(3) of the Framework Convention explicitly calls on states to respect traditional place names and signs in minority languages, in areas where these groups have historically lived. This is not a privilege \u2014 it\u2019s a right rooted in cultural identity and human dignity.<\/span><\/p>\n<p><span style=\"font-weight: 400;\">The absence of such signs is not a neutral act. It\u2019s a symbolic erasure, suggesting that only one language and one culture deserve public recognition. And that erasure can hurt deeply.<\/span><\/p>\n<p> European Values in Local Practice <\/p>\n<p><span style=\"font-weight: 400;\">Although the right to use minority languages in public is backed by international agreements and Council of Europe standards, it is ultimately up to national governments to make it real. Poland and Lithuania illustrate two very different approaches.<\/span><\/p>\n<p><span style=\"font-weight: 400;\">Poland, despite its challenges, has created a system that allows minority communities to reclaim symbolic space. Lithuania, while formally committed to minority rights, uses legal interpretation to restrict visibility. The result? For many Lithuanian Poles, their native language remains invisible in a place they\u2019ve called home for generations.<\/span><\/p>\n<p><span style=\"font-weight: 400;\">This isn\u2019t just a legal issue \u2014 it\u2019s a question of values. Should unity come at the cost of excluding diversity? Or can a state build stronger community ties by recognizing and including all of its people?<\/span><\/p>\n<h3><b>Visibility Is Recognition<\/b><\/h3>\n<p><span style=\"font-weight: 400;\">Making minority languages visible in public life isn\u2019t about decoration. It\u2019s about justice and equality. It says: <\/span><i><span style=\"font-weight: 400;\">You are part of this country. Your language deserves space here. We see you.<\/span><\/i><\/p>\n<p><span style=\"font-weight: 400;\">This isn\u2019t identity politics \u2014 it\u2019s fairness. When a minority language appears on a road sign or official document, it means people don\u2019t have to fight every day just to prove they exist. It means they don\u2019t have to choose between loyalty to their country and loyalty to their cultural identity.<\/span><\/p>\n<p><span style=\"font-weight: 400;\">Because in a truly inclusive society, diversity is not a threat \u2014 it\u2019s a strength.<\/span><\/p>\n","protected":false},"excerpt":{"rendered":"<p>Imagine This: You Speak a Language No One Sees Picture someone who has lived in the same town their whole life, speaks their community&#8217;s language at home, teaches it to their children, and keeps its [&hellip;]<\/p>\n","protected":false},"author":158,"featured_media":29742,"comment_status":"closed","ping_status":"closed","sticky":false,"template":"","format":"standard","meta":{"_acf_changed":false,"footnotes":""},"categories":[647],"tags":[4861,4862,4863,4864,2595,4865,4866,4867,4868,4869,4870,4871,4872,2676,1093,4873],"post_formats":[757],"coauthors":[3870],"class_list":["post-32361","post","type-post","status-publish","format-standard","has-post-thumbnail","hentry","category-laczac-kropki","tag-bilingual-signs-pl","tag-cultural-diversity-pl","tag-european-values-pl","tag-framework-convention-pl","tag-human-rights-pl","tag-identity-politics-pl","tag-language-and-identity-pl","tag-legal-recognition-pl","tag-linguistic-inclusion-pl","tag-lithuania-pl","tag-minority-languages-pl","tag-minority-rights-pl","tag-national-minorities-pl","tag-poland-pl","tag-public-space-pl","tag-youth-and-diversity-pl","post_formats-seria-artykulow"],"acf":[],"_links":{"self":[{"href":"https:\/\/www.pulse-z.eu\/pl\/wp-json\/wp\/v2\/posts\/32361","targetHints":{"allow":["GET"]}}],"collection":[{"href":"https:\/\/www.pulse-z.eu\/pl\/wp-json\/wp\/v2\/posts"}],"about":[{"href":"https:\/\/www.pulse-z.eu\/pl\/wp-json\/wp\/v2\/types\/post"}],"author":[{"embeddable":true,"href":"https:\/\/www.pulse-z.eu\/pl\/wp-json\/wp\/v2\/users\/158"}],"replies":[{"embeddable":true,"href":"https:\/\/www.pulse-z.eu\/pl\/wp-json\/wp\/v2\/comments?post=32361"}],"version-history":[{"count":2,"href":"https:\/\/www.pulse-z.eu\/pl\/wp-json\/wp\/v2\/posts\/32361\/revisions"}],"predecessor-version":[{"id":32363,"href":"https:\/\/www.pulse-z.eu\/pl\/wp-json\/wp\/v2\/posts\/32361\/revisions\/32363"}],"wp:featuredmedia":[{"embeddable":true,"href":"https:\/\/www.pulse-z.eu\/pl\/wp-json\/wp\/v2\/media\/29742"}],"wp:attachment":[{"href":"https:\/\/www.pulse-z.eu\/pl\/wp-json\/wp\/v2\/media?parent=32361"}],"wp:term":[{"taxonomy":"category","embeddable":true,"href":"https:\/\/www.pulse-z.eu\/pl\/wp-json\/wp\/v2\/categories?post=32361"},{"taxonomy":"post_tag","embeddable":true,"href":"https:\/\/www.pulse-z.eu\/pl\/wp-json\/wp\/v2\/tags?post=32361"},{"taxonomy":"post_formats","embeddable":true,"href":"https:\/\/www.pulse-z.eu\/pl\/wp-json\/wp\/v2\/post_formats?post=32361"},{"taxonomy":"author","embeddable":true,"href":"https:\/\/www.pulse-z.eu\/pl\/wp-json\/wp\/v2\/coauthors?post=32361"}],"curies":[{"name":"wp","href":"https:\/\/api.w.org\/{rel}","templated":true}]}}