{"id":27733,"date":"2025-06-27T17:52:13","date_gmt":"2025-06-27T17:52:13","guid":{"rendered":"https:\/\/www.pulse-z.eu\/power-play-in-the-hague-nato-goes-all-in\/"},"modified":"2025-06-27T17:56:58","modified_gmt":"2025-06-27T17:56:58","slug":"gra-o-wladze-w-hadze-nato-idzie-na-calosc","status":"publish","type":"post","link":"https:\/\/www.pulse-z.eu\/pl\/gra-o-wladze-w-hadze-nato-idzie-na-calosc\/","title":{"rendered":"Gra o w\u0142adz\u0119 w Hadze: NATO idzie na ca\u0142o\u015b\u0107"},"content":{"rendered":"\n<div id=\"attachment_27508\" style=\"width: 160px\" class=\"wp-caption alignnone\"><img aria-describedby=\"caption-attachment-27508\" loading=\"lazy\" decoding=\"async\" class=\"wp-image-27508 size-thumbnail\" src=\"https:\/\/www.pulse-z.eu\/wp-content\/uploads\/2025\/06\/250625d-001-150x150.jpg\" alt=\"\" width=\"150\" height=\"150\" \/><\/p>\n<p id=\"caption-attachment-27508\" class=\"wp-caption-text\"> Sekretarz generalny NATO Mark Rutte i szefowie pa\u0144stw i rz\u0105d\u00f3w NATO, \u0179r\u00f3d\u0142o: NATO<\/p>\n<\/div>\n<p> <span style=\"font-weight: 400;\">Co by\u0142o g\u0142\u00f3wn\u0105 rzecz\u0105, kt\u00f3r\u0105 us\u0142ysza\u0142e\u015b o szczycie NATO w Hadze 24 i 25 czerwca? Czy by\u0142o to porozumienie o zwi\u0119kszeniu bud\u017cetu obronnego do 5% przez przyw\u00f3dc\u00f3w pa\u0144stw NATO? A mo\u017ce ekstremalne \u015brodki bezpiecze\u0144stwa, pod pseudonimem<\/span> <a href=\"https:\/\/www.reuters.com\/world\/dutch-launch-operation-orange-shield-keep-nato-summit-safe-2025-06-20\/\" target=\"_blank\" rel=\"noopener\"><span style=\"font-weight: 400;\">Orange Shield<\/span><\/a> <span style=\"font-weight: 400;\">, kt\u00f3re doprowadzi\u0142y do \u200b\u200bzamkni\u0119cia ca\u0142ych dzielnic miasta, czyni\u0105c z tego<\/span> <a href=\"https:\/\/www.dutchnews.nl\/2025\/06\/nato-summit-will-stretch-dutch-logistical-capacity-to-the-limit\/\" target=\"_blank\" rel=\"noopener\"><span style=\"font-weight: 400;\">najwi\u0119ksz\u0105<\/span><\/a> <span style=\"font-weight: 400;\">operacj\u0119 bezpiecze\u0144stwa w historii Holandii?<\/span><\/p>\n<p> <span style=\"font-weight: 400;\">Przybyli \u015bwiatowi liderzy wszystkich 32 kraj\u00f3w NATO, w tym przedstawiciele Ukrainy wraz z prezydentem Ze\u0142enskim. Holenderski kr\u00f3l Wilhelm-Aleksander i kr\u00f3lowa Maksyma<\/span> <a href=\"https:\/\/www.nato.int\/cps\/en\/natohq\/news_236516.htm\" target=\"_blank\" rel=\"noopener\"><span style=\"font-weight: 400;\">zorganizowali<\/span><\/a> <span style=\"font-weight: 400;\">kolacj\u0119 towarzysk\u0105 dla lider\u00f3w. W napi\u0119tym 2-dniowym programie ministrowie obrony NATO zorganizowali w tym samym czasie kolacj\u0119 robocz\u0105.<\/span><\/p>\n<h3> <b>Wydatki na obron\u0119 rosn\u0105<\/b><\/h3>\n<p> <span style=\"font-weight: 400;\">G\u0142\u00f3wnym rezultatem jest zwi\u0119kszenie bud\u017cetu obronnego do 5% PKB do roku 2035. Kraje cz\u0142onkowskie musz\u0105 teraz przygotowa\u0107 roczne plany, jak osi\u0105gn\u0105\u0107 ten cel realistyczn\u0105 \u015bcie\u017ck\u0105. Na razie<\/span> <a href=\"https:\/\/dennikn.sk\/4713886\/k-trumpovi-sa-na-samite-spravali-ako-ku-kralovi-ako-jediny-spal-v-palaci-rutte-mu-pochleboval\/?rtm_click=ed3a7337&amp;rtm_source=daily_digest&amp;rtm_medium=email&amp;rtm_campaign=daily_minute_26062025&amp;rtm_content=311081\" target=\"_blank\" rel=\"noopener\"><span style=\"font-weight: 400;\">\u017cadne z pa\u0144stw cz\u0142onkowskich nie zbli\u017ca si\u0119<\/span><\/a> <span style=\"font-weight: 400;\">do tej liczby, a najbli\u017cej jest Polska z planem zwi\u0119kszenia udzia\u0142u wydatk\u00f3w na obron\u0119 w PKB do<\/span> <a href=\"https:\/\/www.euronews.com\/my-europe\/2025\/02\/05\/polands-president-vows-to-spend-47-of-gdp-on-defence-this-year\" target=\"_blank\" rel=\"noopener\"><span style=\"font-weight: 400;\">4,7%<\/span><\/a> <span style=\"font-weight: 400;\">. Prezydent Polski Donald Tusk<\/span> <a href=\"https:\/\/www.euronews.com\/my-europe\/2025\/02\/05\/polands-president-vows-to-spend-47-of-gdp-on-defence-this-year\" target=\"_blank\" rel=\"noopener\"><span style=\"font-weight: 400;\">powiedzia\u0142, \u017ce<\/span><\/a> <span style=\"font-weight: 400;\">wschodnia flanka musi zosta\u0107 wzmocniona, aby by\u0142a gotowa by\u0107 pierwsz\u0105 lini\u0105 obrony Europy przed agresj\u0105 Rosji.<\/span><\/p>\n<p> <span style=\"font-weight: 400;\">Celem 5% jest podzielenie go na<\/span> <a href=\"https:\/\/www.government.nl\/topics\/nato-summit-2025\/news\/2025\/06\/26\/conclusion-nato-summit\" target=\"_blank\" rel=\"noopener\"><span style=\"font-weight: 400;\">3,5% na wojsko i 1,5%<\/span><\/a> <span style=\"font-weight: 400;\">na infrastruktur\u0119 zwi\u0105zan\u0105 z obron\u0105, cyberbezpiecze\u0144stwem lub plac\u00f3wkami medycznymi. Sojusznicy europejscy maj\u0105 nadziej\u0119, \u017ce ten krok uspokoi Donalda Trumpa i jego gro\u017aby zaprzestania wspierania europejskiej obrony.<\/span><\/p>\n<p> <span style=\"font-weight: 400;\">Kto jest najwi\u0119kszym problemem niedofinansowania w NATO? W tym roku jest to Hiszpania i jej premier Pedro S\u00e1nchez, kt\u00f3ry<\/span> <a href=\"https:\/\/www.politico.eu\/article\/spain-nato-canada-defense-target-spending-gdp\/\" target=\"_blank\" rel=\"noopener\"><span style=\"font-weight: 400;\">powiedzia\u0142<\/span><\/a> <span style=\"font-weight: 400;\">, \u017ce jego kraj nie potrzebuje 5% wzrostu bud\u017cetu PKB.<\/span> <a href=\"https:\/\/www.ft.com\/content\/5908b7ed-d971-4bde-9458-3d3193f456fe\" target=\"_blank\" rel=\"noopener\"><span style=\"font-weight: 400;\">Podzi\u0119kowa\u0142<\/span><\/a> r\u00f3wnie\u017c <span style=\"font-weight: 400;\">sojusznikom za uszanowanie suwerenno\u015bci Hiszpanii, pozwalaj\u0105c mu na wycofanie si\u0119 z tej decyzji. Drugie miejsce w sprzeciwie wobec decyzji NATO zajmuje S\u0142owacja, kt\u00f3ra<\/span> <a href=\"https:\/\/www.politico.eu\/article\/spain-nato-canada-defense-target-spending-gdp\/\" target=\"_blank\" rel=\"noopener\"><span style=\"font-weight: 400;\">powiedzia\u0142a, \u017ce<\/span><\/a> <span style=\"font-weight: 400;\">\u200b\u200bjego kraj ma inne priorytety.<\/span><\/p>\n<p> S\u00e1nchez <a href=\"https:\/\/www.lemonde.fr\/en\/international\/article\/2025\/06\/26\/spain-pm-accuses-israel-of-genocide-in-gaza-as-65-more-killed_6742755_4.html\" target=\"_blank\" rel=\"noopener\"><span style=\"font-weight: 400;\">opisa\u0142<\/span><\/a> <span style=\"font-weight: 400;\">r\u00f3wnie\u017c<\/span> <span style=\"font-weight: 400;\">wojn\u0119 w Gazie jako ludob\u00f3jstwo, jako najwy\u017cszy rang\u0105 urz\u0119dnik w UE, kt\u00f3ry to zrobi\u0142, po raporcie UE na temat \u0142amania praw cz\u0142owieka przez Izrael.<\/span> <a href=\"https:\/\/www.dw.com\/en\/double-standards-spain-slams-eu-inaction-on-israel-deal\/a-73055177\" target=\"_blank\" rel=\"noopener\"><span style=\"font-weight: 400;\">Wezwa\u0142<\/span><\/a> <span style=\"font-weight: 400;\">swoich koleg\u00f3w z UE za to, \u017ce nie zawiesili umowy handlowej z Izraelem.<\/span><\/p>\n<p> <span style=\"font-weight: 400;\">Szczyt powt\u00f3rzy\u0142 r\u00f3wnie\u017c<\/span> <a href=\"https:\/\/www.nato.int\/cps\/eu\/natohq\/official_texts_17120.htm\" target=\"_blank\" rel=\"noopener\"><span style=\"font-weight: 400;\">artyku\u0142 5<\/span><\/a> <span style=\"font-weight: 400;\">deklaracji waszyngto\u0144skiej, stwierdzaj\u0105c, \u017ce atak na jednego cz\u0142onka jest atakiem na wszystkich. Deklaracja<\/span> <a href=\"https:\/\/www.nato.int\/cps\/en\/natohq\/official_texts_236705.htm\" target=\"_blank\" rel=\"noopener\"><span style=\"font-weight: 400;\">pochodz\u0105ca<\/span><\/a> <span style=\"font-weight: 400;\">ze szczytu<\/span> <a href=\"https:\/\/dennikn.sk\/minuta\/4714036\/?rtm_click=7a4071ad&amp;rtm_source=daily_digest&amp;rtm_medium=email&amp;rtm_campaign=daily_minute_26062025&amp;rtm_content=311081\" target=\"_blank\" rel=\"noopener\"><span style=\"font-weight: 400;\">obiecuje<\/span><\/a> r\u00f3wnie\u017c <span style=\"font-weight: 400;\">dalsze wsparcie dla Ukrainy, jednak nie nazywa bezpo\u015brednio Rosji agresorem.<\/span><\/p>\n<h3> <b>Operacja Pomara\u0144czowa Tarcza<\/b><\/h3>\n<p> <span style=\"font-weight: 400;\">Holandia posz\u0142a na ca\u0142o\u015b\u0107 \u2013<\/span> <a href=\"https:\/\/www.reuters.com\/world\/dutch-launch-operation-orange-shield-keep-nato-summit-safe-2025-06-20\/\" target=\"_blank\" rel=\"noopener\"><span style=\"font-weight: 400;\">\u015bmig\u0142owce bojowe, patrole morskie, oddzia\u0142y saperskie, systemy obrony powietrznej i ponad 10 000 cz\u0142onk\u00f3w personelu \u017candarmerii wojskowej,<\/span><\/a> <span style=\"font-weight: 400;\">wszyscy gotowi do ochrony przyw\u00f3dc\u00f3w przybywaj\u0105cych do Hagi.<\/span> W promieniu oko\u0142o 5 kilometr\u00f3w wok\u00f3\u0142 miejsca szczytu <a href=\"https:\/\/www.euronews.com\/my-europe\/2025\/06\/24\/fences-drones-and-roadblocks-how-the-hague-ramped-up-security-for-nato-summit\" target=\"_blank\" rel=\"noopener\"><span style=\"font-weight: 400;\">wyros\u0142y<\/span><\/a> ogrodzenia <span style=\"font-weight: 400;\">, a loty w promieniu 16 kilometr\u00f3w wok\u00f3\u0142 Hagi zosta\u0142y przekierowane. Ponadto nie by\u0142o Wi-Fi; ca\u0142y szczyt odbywa\u0142 si\u0119 na kablowym po\u0142\u0105czeniu internetowym rozci\u0105gni\u0119tym na ca\u0142ym miejscu.<\/span><\/p>\n<h3> <b>Wszystkie oczy zwr\u00f3cone na Trumpa<\/b><\/h3>\n<p> <span style=\"font-weight: 400;\">G\u0142\u00f3wne spotkanie lider\u00f3w NATO zosta\u0142o rzekomo skr\u00f3cone, poniewa\u017c prezydent USA nie lubi d\u0142ugich spotka\u0144.<\/span> <a href=\"https:\/\/www.lemonde.fr\/idees\/article\/2025\/06\/25\/jusqu-ou-faut-il-aller-pour-menager-donald-trump-qui-ne-fait-aucun-mystere-de-son-dedain-pour-les-europeens_6615716_3232.html\" target=\"_blank\" rel=\"noopener\"><i><span style=\"font-weight: 400;\">Le Monde<\/span><\/i><\/a> <span style=\"font-weight: 400;\">skrytykowa\u0142 organizator\u00f3w za planowanie wszystkiego w taki spos\u00f3b, aby Donald Trump nie wywo\u0142a\u0142 skandalu. Inny \u201ewirusowy\u201d moment szczytu mia\u0142 miejsce jeszcze przed l\u0105dowaniem Trumpa, kiedy opublikowa\u0142 on wiadomo\u015bci od Sekretarza Generalnego NATO i by\u0142ego premiera Holandii, Marka Rutte. Zobacz wiadomo\u015b\u0107 poni\u017cej.<\/span> <\/p>\n<p><img loading=\"lazy\" decoding=\"async\" class=\"alignnone size-full wp-image-27516\" src=\"https:\/\/www.pulse-z.eu\/wp-content\/uploads\/2025\/06\/Screenshot-2025-06-26-172938.png\" alt=\"\" width=\"643\" height=\"364\" \/><\/p>\n<p> <span style=\"font-weight: 400;\">\u0179r\u00f3d\u0142o:<\/span> <a href=\"https:\/\/www.zdfheute.de\/politik\/ausland\/nato-gipfel-trump-rutte-sms-100.html\" target=\"_blank\" rel=\"noopener\"><span style=\"font-weight: 400;\">Truth social<\/span><\/a><\/p>\n<h3> <b>Co dalej?<\/b><\/h3>\n<h3> Jak<a href=\"https:\/\/www.theguardian.com\/commentisfree\/2025\/jun\/26\/trump-the-hague-nato-europe-defence\" target=\"_blank\" rel=\"noopener\"><span style=\"font-weight: 400;\">donosi<\/span><\/a> <span style=\"font-weight: 400;\">Guardian<\/span> <span style=\"font-weight: 400;\">, nowy z\u0142oty wiek NATO jest niemo\u017cliwy, przynajmniej nie z Donaldem Trumpem u w\u0142adzy. Og\u00f3lnie rzecz bior\u0105c, jest zbyt ma\u0142o post\u0119p\u00f3w w rozwi\u0105zywaniu prawdziwych problem\u00f3w, z kt\u00f3rymi si\u0119 zmaga. Po pierwsze, Ukraina, kt\u00f3rej potrzeb w zakresie pomocy wojskowej nie mo\u017ce zaspokoi\u0107 \u017caden inny kraj poza USA. Czy cel 5% jest realistyczny? Czy Donald Trump p\u00f3jdzie swoj\u0105 drog\u0105, zabieraj\u0105c ze sob\u0105 wszystkie gwarancje bezpiecze\u0144stwa? Zobaczmy, jak wiele si\u0119 zmieni przed kolejnym szczytem NATO w przysz\u0142ym roku, kt\u00f3ry odb\u0119dzie si\u0119 w Turcji.<\/span><\/h3>\n","protected":false},"excerpt":{"rendered":"<p>Sekretarz generalny NATO Mark Rutte i szefowie pa\u0144stw i rz\u0105d\u00f3w NATO, \u0179r\u00f3d\u0142o: NATO Co by\u0142o g\u0142\u00f3wn\u0105 rzecz\u0105, kt\u00f3r\u0105 us\u0142ysza\u0142e\u015b o szczycie NATO w Hadze 24 i 25 czerwca? Czy by\u0142o to porozumienie o zwi\u0119kszeniu bud\u017cetu [&hellip;]<\/p>\n","protected":false},"author":356,"featured_media":27513,"comment_status":"closed","ping_status":"closed","sticky":false,"template":"","format":"standard","meta":{"_acf_changed":false,"footnotes":""},"categories":[706],"tags":[3621,1333,3622,3623,3624,3625,1755,3626,3627,2734,3287,926,3628],"post_formats":[655],"coauthors":[],"class_list":["post-27733","post","type-post","status-publish","format-standard","has-post-thumbnail","hentry","category-sprawy-biezace","tag-budget-pl","tag-defense-pl","tag-gdp-pl","tag-geopolitics-pl","tag-leaders-pl","tag-nato-pl","tag-politics-pl","tag-rutte-pl","tag-spending-pl","tag-summit-pl","tag-trump-pl","tag-ukraine-pl","tag-war-pl","post_formats-artykuly"],"acf":[],"_links":{"self":[{"href":"https:\/\/www.pulse-z.eu\/pl\/wp-json\/wp\/v2\/posts\/27733","targetHints":{"allow":["GET"]}}],"collection":[{"href":"https:\/\/www.pulse-z.eu\/pl\/wp-json\/wp\/v2\/posts"}],"about":[{"href":"https:\/\/www.pulse-z.eu\/pl\/wp-json\/wp\/v2\/types\/post"}],"author":[{"embeddable":true,"href":"https:\/\/www.pulse-z.eu\/pl\/wp-json\/wp\/v2\/users\/356"}],"replies":[{"embeddable":true,"href":"https:\/\/www.pulse-z.eu\/pl\/wp-json\/wp\/v2\/comments?post=27733"}],"version-history":[{"count":14,"href":"https:\/\/www.pulse-z.eu\/pl\/wp-json\/wp\/v2\/posts\/27733\/revisions"}],"predecessor-version":[{"id":27815,"href":"https:\/\/www.pulse-z.eu\/pl\/wp-json\/wp\/v2\/posts\/27733\/revisions\/27815"}],"wp:featuredmedia":[{"embeddable":true,"href":"https:\/\/www.pulse-z.eu\/pl\/wp-json\/wp\/v2\/media\/27513"}],"wp:attachment":[{"href":"https:\/\/www.pulse-z.eu\/pl\/wp-json\/wp\/v2\/media?parent=27733"}],"wp:term":[{"taxonomy":"category","embeddable":true,"href":"https:\/\/www.pulse-z.eu\/pl\/wp-json\/wp\/v2\/categories?post=27733"},{"taxonomy":"post_tag","embeddable":true,"href":"https:\/\/www.pulse-z.eu\/pl\/wp-json\/wp\/v2\/tags?post=27733"},{"taxonomy":"post_formats","embeddable":true,"href":"https:\/\/www.pulse-z.eu\/pl\/wp-json\/wp\/v2\/post_formats?post=27733"},{"taxonomy":"author","embeddable":true,"href":"https:\/\/www.pulse-z.eu\/pl\/wp-json\/wp\/v2\/coauthors?post=27733"}],"curies":[{"name":"wp","href":"https:\/\/api.w.org\/{rel}","templated":true}]}}